{"id":23631,"date":"2021-12-15T14:00:51","date_gmt":"2021-12-15T17:00:51","guid":{"rendered":"https:\/\/femama.org.br\/site\/?p=23631"},"modified":"2022-04-25T15:24:16","modified_gmt":"2022-04-25T18:24:16","slug":"femama-apoia-iniciativa-integrada-de-controle-do-cancer-na-america-latina","status":"publish","type":"post","link":"https:\/\/femama.org.br\/site\/noticias-recentes\/icci-la\/femama-apoia-iniciativa-integrada-de-controle-do-cancer-na-america-latina\/","title":{"rendered":"FEMAMA apoia Iniciativa Integrada de Controle do C\u00e2ncer na Am\u00e9rica Latina"},"content":{"rendered":"<p>Com o objetivo de ajudar a melhorar a resposta do Brasil ao aumento da carga do c\u00e2ncer, como parte de seu compromisso constitucional com a sa\u00fade como direito humano e como parte do esfor\u00e7o internacional para atingir a cobertura universal de sa\u00fade, a FEMAMA apoia a Iniciativa Integrada de Controle do C\u00e2ncer para a Am\u00e9rica Latina (ICCI-LA).<\/p>\n<p>Apresentado na manh\u00e3 desta quarta-feira, o relat\u00f3rio da Iniciativa almeja discutir o contexto geral do sistema de sa\u00fade brasileiro no que se refere ao c\u00e2ncer, apresentando os principais desafios do sistema de sa\u00fade reconhecidos pelas partes interessadas e identificando as op\u00e7\u00f5es de pol\u00edticas sugeridas pelos principais especialistas envolvidos no estudo da ICCI-LA.<\/p>\n<p>Os principais m\u00e9todos de investiga\u00e7\u00e3o utilizados pela equipe de pesquisa incluem:<\/p>\n<ul>\n<li>Revis\u00e3o da literatura e de conjuntos de dados publicados sobre o sistema de sa\u00fade brasileiro e a carga do c\u00e2ncer;<\/li>\n<li>Levantamento on-line realizado entre especialistas para verificar os principais desafios e oportunidades dentro do sistema de sa\u00fade brasileiro em rela\u00e7\u00e3o ao c\u00e2ncer;<\/li>\n<li>Workshop virtual com as partes interessadas, facilitando a discuss\u00e3o dos especialistas em torno desses t\u00f3picos.<\/li>\n<\/ul>\n<p>Os colaboradores do estudo prop\u00f5em nove recomenda\u00e7\u00f5es abrangentes que deveriam ser consideradas pelo sistema de sa\u00fade brasileiro a fim de abordar o aumento da carga do c\u00e2ncer e os desafios existentes para permitir a introdu\u00e7\u00e3o de mudan\u00e7as que melhorem a aten\u00e7\u00e3o oncol\u00f3gica. Conhe\u00e7a o documento clicando no link abaixo.<\/p>\n<p><a href=\"https:\/\/femama.org.br\/site\/wp-content\/uploads\/2022\/04\/Enfrentando-O-Aumento-Da-Carga-Do-Cancer-No-Brasil.pdf\"><strong>Clique aqui para acessar o relat\u00f3rio final da Iniciativa Integrada de Controle do C\u00e2ncer para a Am\u00e9rica Latina (ICCI-LA).<\/strong><\/a><\/p>\n","protected":false},"excerpt":{"rendered":"<p>Estudo objetiva melhorar a resposta do pa\u00eds frente ao aumento da carga do c\u00e2ncer<\/p>\n","protected":false},"author":7,"featured_media":23632,"comment_status":"open","ping_status":"closed","sticky":false,"template":"","format":"standard","meta":{"_acf_changed":false,"footnotes":""},"categories":[35],"tags":[],"class_list":["post-23631","post","type-post","status-publish","format-standard","has-post-thumbnail","hentry","category-icci-la"],"acf":[],"yoast_head":"<!-- This site is optimized with the Yoast SEO plugin v27.5 - https:\/\/yoast.com\/product\/yoast-seo-wordpress\/ -->\n<title>FEMAMA apoia Iniciativa Integrada de Controle do C\u00e2ncer na Am\u00e9rica Latina | FEMAMA<\/title>\n<meta name=\"robots\" content=\"index, follow, max-snippet:-1, max-image-preview:large, max-video-preview:-1\" \/>\n<link rel=\"canonical\" href=\"https:\/\/femama.org.br\/site\/noticias-recentes\/icci-la\/femama-apoia-iniciativa-integrada-de-controle-do-cancer-na-america-latina\/\" \/>\n<meta property=\"og:locale\" content=\"pt_BR\" \/>\n<meta property=\"og:type\" content=\"article\" \/>\n<meta property=\"og:title\" content=\"FEMAMA apoia Iniciativa Integrada de Controle do C\u00e2ncer na Am\u00e9rica Latina | FEMAMA\" \/>\n<meta property=\"og:description\" content=\"Estudo objetiva melhorar a resposta do pa\u00eds frente ao aumento da carga do c\u00e2ncer\" \/>\n<meta property=\"og:url\" content=\"https:\/\/femama.org.br\/site\/noticias-recentes\/icci-la\/femama-apoia-iniciativa-integrada-de-controle-do-cancer-na-america-latina\/\" \/>\n<meta property=\"og:site_name\" content=\"FEMAMA\" \/>\n<meta property=\"article:publisher\" content=\"https:\/\/www.facebook.com\/femamabrasil\" \/>\n<meta property=\"article:published_time\" content=\"2021-12-15T17:00:51+00:00\" \/>\n<meta property=\"article:modified_time\" content=\"2022-04-25T18:24:16+00:00\" \/>\n<meta property=\"og:image\" content=\"https:\/\/femama.org.br\/site\/wp-content\/uploads\/2022\/04\/Imagem1.jpg\" \/>\n\t<meta property=\"og:image:width\" content=\"2480\" \/>\n\t<meta property=\"og:image:height\" content=\"1334\" \/>\n\t<meta property=\"og:image:type\" content=\"image\/jpeg\" \/>\n<meta name=\"author\" content=\"Femama\" \/>\n<meta name=\"twitter:card\" content=\"summary_large_image\" \/>\n<meta name=\"twitter:creator\" content=\"@femama_\" \/>\n<meta name=\"twitter:site\" content=\"@femama_\" \/>\n<meta name=\"twitter:label1\" content=\"Escrito por\" \/>\n\t<meta name=\"twitter:data1\" content=\"Femama\" \/>\n\t<meta name=\"twitter:label2\" content=\"Est. tempo de leitura\" \/>\n\t<meta name=\"twitter:data2\" content=\"1 minuto\" \/>\n<script type=\"application\/ld+json\" class=\"yoast-schema-graph\">{\"@context\":\"https:\\\/\\\/schema.org\",\"@graph\":[{\"@type\":\"Article\",\"@id\":\"https:\\\/\\\/femama.org.br\\\/site\\\/noticias-recentes\\\/icci-la\\\/femama-apoia-iniciativa-integrada-de-controle-do-cancer-na-america-latina\\\/#article\",\"isPartOf\":{\"@id\":\"https:\\\/\\\/femama.org.br\\\/site\\\/noticias-recentes\\\/icci-la\\\/femama-apoia-iniciativa-integrada-de-controle-do-cancer-na-america-latina\\\/\"},\"author\":{\"name\":\"Femama\",\"@id\":\"https:\\\/\\\/femama.org.br\\\/site\\\/#\\\/schema\\\/person\\\/ed83a17236fa12a9cfd26890f0e3474e\"},\"headline\":\"FEMAMA apoia Iniciativa Integrada de Controle do C\u00e2ncer na Am\u00e9rica Latina\",\"datePublished\":\"2021-12-15T17:00:51+00:00\",\"dateModified\":\"2022-04-25T18:24:16+00:00\",\"mainEntityOfPage\":{\"@id\":\"https:\\\/\\\/femama.org.br\\\/site\\\/noticias-recentes\\\/icci-la\\\/femama-apoia-iniciativa-integrada-de-controle-do-cancer-na-america-latina\\\/\"},\"wordCount\":292,\"commentCount\":0,\"publisher\":{\"@id\":\"https:\\\/\\\/femama.org.br\\\/site\\\/#organization\"},\"image\":{\"@id\":\"https:\\\/\\\/femama.org.br\\\/site\\\/noticias-recentes\\\/icci-la\\\/femama-apoia-iniciativa-integrada-de-controle-do-cancer-na-america-latina\\\/#primaryimage\"},\"thumbnailUrl\":\"https:\\\/\\\/femama.org.br\\\/site\\\/wp-content\\\/uploads\\\/2022\\\/04\\\/Imagem1.jpg\",\"articleSection\":[\"ICCI-LA\"],\"inLanguage\":\"pt-BR\",\"potentialAction\":[{\"@type\":\"CommentAction\",\"name\":\"Comment\",\"target\":[\"https:\\\/\\\/femama.org.br\\\/site\\\/noticias-recentes\\\/icci-la\\\/femama-apoia-iniciativa-integrada-de-controle-do-cancer-na-america-latina\\\/#respond\"]}]},{\"@type\":\"WebPage\",\"@id\":\"https:\\\/\\\/femama.org.br\\\/site\\\/noticias-recentes\\\/icci-la\\\/femama-apoia-iniciativa-integrada-de-controle-do-cancer-na-america-latina\\\/\",\"url\":\"https:\\\/\\\/femama.org.br\\\/site\\\/noticias-recentes\\\/icci-la\\\/femama-apoia-iniciativa-integrada-de-controle-do-cancer-na-america-latina\\\/\",\"name\":\"FEMAMA apoia Iniciativa Integrada de Controle do C\u00e2ncer na Am\u00e9rica Latina | FEMAMA\",\"isPartOf\":{\"@id\":\"https:\\\/\\\/femama.org.br\\\/site\\\/#website\"},\"primaryImageOfPage\":{\"@id\":\"https:\\\/\\\/femama.org.br\\\/site\\\/noticias-recentes\\\/icci-la\\\/femama-apoia-iniciativa-integrada-de-controle-do-cancer-na-america-latina\\\/#primaryimage\"},\"image\":{\"@id\":\"https:\\\/\\\/femama.org.br\\\/site\\\/noticias-recentes\\\/icci-la\\\/femama-apoia-iniciativa-integrada-de-controle-do-cancer-na-america-latina\\\/#primaryimage\"},\"thumbnailUrl\":\"https:\\\/\\\/femama.org.br\\\/site\\\/wp-content\\\/uploads\\\/2022\\\/04\\\/Imagem1.jpg\",\"datePublished\":\"2021-12-15T17:00:51+00:00\",\"dateModified\":\"2022-04-25T18:24:16+00:00\",\"breadcrumb\":{\"@id\":\"https:\\\/\\\/femama.org.br\\\/site\\\/noticias-recentes\\\/icci-la\\\/femama-apoia-iniciativa-integrada-de-controle-do-cancer-na-america-latina\\\/#breadcrumb\"},\"inLanguage\":\"pt-BR\",\"potentialAction\":[{\"@type\":\"ReadAction\",\"target\":[\"https:\\\/\\\/femama.org.br\\\/site\\\/noticias-recentes\\\/icci-la\\\/femama-apoia-iniciativa-integrada-de-controle-do-cancer-na-america-latina\\\/\"]}]},{\"@type\":\"ImageObject\",\"inLanguage\":\"pt-BR\",\"@id\":\"https:\\\/\\\/femama.org.br\\\/site\\\/noticias-recentes\\\/icci-la\\\/femama-apoia-iniciativa-integrada-de-controle-do-cancer-na-america-latina\\\/#primaryimage\",\"url\":\"https:\\\/\\\/femama.org.br\\\/site\\\/wp-content\\\/uploads\\\/2022\\\/04\\\/Imagem1.jpg\",\"contentUrl\":\"https:\\\/\\\/femama.org.br\\\/site\\\/wp-content\\\/uploads\\\/2022\\\/04\\\/Imagem1.jpg\",\"width\":2480,\"height\":1334},{\"@type\":\"BreadcrumbList\",\"@id\":\"https:\\\/\\\/femama.org.br\\\/site\\\/noticias-recentes\\\/icci-la\\\/femama-apoia-iniciativa-integrada-de-controle-do-cancer-na-america-latina\\\/#breadcrumb\",\"itemListElement\":[{\"@type\":\"ListItem\",\"position\":1,\"name\":\"In\u00edcio\",\"item\":\"https:\\\/\\\/femama.org.br\\\/site\\\/\"},{\"@type\":\"ListItem\",\"position\":2,\"name\":\"FEMAMA apoia Iniciativa Integrada de Controle do C\u00e2ncer na Am\u00e9rica Latina\"}]},{\"@type\":\"WebSite\",\"@id\":\"https:\\\/\\\/femama.org.br\\\/site\\\/#website\",\"url\":\"https:\\\/\\\/femama.org.br\\\/site\\\/\",\"name\":\"FEMAMA\",\"description\":\"Federa\u00e7\u00e3o Brasileira de Institui\u00e7\u00f5es Filantr\u00f3picas de Apoio \u00e0 Sa\u00fade da Mama | C\u00e2ncer de mama\",\"publisher\":{\"@id\":\"https:\\\/\\\/femama.org.br\\\/site\\\/#organization\"},\"potentialAction\":[{\"@type\":\"SearchAction\",\"target\":{\"@type\":\"EntryPoint\",\"urlTemplate\":\"https:\\\/\\\/femama.org.br\\\/site\\\/?s={search_term_string}\"},\"query-input\":{\"@type\":\"PropertyValueSpecification\",\"valueRequired\":true,\"valueName\":\"search_term_string\"}}],\"inLanguage\":\"pt-BR\"},{\"@type\":\"Organization\",\"@id\":\"https:\\\/\\\/femama.org.br\\\/site\\\/#organization\",\"name\":\"Femama | Federa\u00e7\u00e3o Brasileira de Institui\u00e7\u00f5es Filantr\u00f3picas de Apoio \u00e0 Sa\u00fade da Mama | C\u00e2ncer de mama\",\"url\":\"https:\\\/\\\/femama.org.br\\\/site\\\/\",\"logo\":{\"@type\":\"ImageObject\",\"inLanguage\":\"pt-BR\",\"@id\":\"https:\\\/\\\/femama.org.br\\\/site\\\/#\\\/schema\\\/logo\\\/image\\\/\",\"url\":\"https:\\\/\\\/femama.org.br\\\/site\\\/wp-content\\\/uploads\\\/2021\\\/12\\\/logotipo-femama-horizontal.png\",\"contentUrl\":\"https:\\\/\\\/femama.org.br\\\/site\\\/wp-content\\\/uploads\\\/2021\\\/12\\\/logotipo-femama-horizontal.png\",\"width\":300,\"height\":92,\"caption\":\"Femama | Federa\u00e7\u00e3o Brasileira de Institui\u00e7\u00f5es Filantr\u00f3picas de Apoio \u00e0 Sa\u00fade da Mama | C\u00e2ncer de mama\"},\"image\":{\"@id\":\"https:\\\/\\\/femama.org.br\\\/site\\\/#\\\/schema\\\/logo\\\/image\\\/\"},\"sameAs\":[\"https:\\\/\\\/www.facebook.com\\\/femamabrasil\",\"https:\\\/\\\/x.com\\\/femama_\",\"https:\\\/\\\/www.instagram.com\\\/femama.brasil\\\/\",\"https:\\\/\\\/www.youtube.com\\\/user\\\/femamaorg\"]},{\"@type\":\"Person\",\"@id\":\"https:\\\/\\\/femama.org.br\\\/site\\\/#\\\/schema\\\/person\\\/ed83a17236fa12a9cfd26890f0e3474e\",\"name\":\"Femama\",\"image\":{\"@type\":\"ImageObject\",\"inLanguage\":\"pt-BR\",\"@id\":\"https:\\\/\\\/secure.gravatar.com\\\/avatar\\\/fd7fd20674373e7845d94c5ca7e2b795136bf59683c50d1207584f3ec4caf04a?s=96&d=mm&r=g\",\"url\":\"https:\\\/\\\/secure.gravatar.com\\\/avatar\\\/fd7fd20674373e7845d94c5ca7e2b795136bf59683c50d1207584f3ec4caf04a?s=96&d=mm&r=g\",\"contentUrl\":\"https:\\\/\\\/secure.gravatar.com\\\/avatar\\\/fd7fd20674373e7845d94c5ca7e2b795136bf59683c50d1207584f3ec4caf04a?s=96&d=mm&r=g\",\"caption\":\"Femama\"}}]}<\/script>\n<!-- \/ Yoast SEO plugin. -->","yoast_head_json":{"title":"FEMAMA apoia Iniciativa Integrada de Controle do C\u00e2ncer na Am\u00e9rica Latina | FEMAMA","robots":{"index":"index","follow":"follow","max-snippet":"max-snippet:-1","max-image-preview":"max-image-preview:large","max-video-preview":"max-video-preview:-1"},"canonical":"https:\/\/femama.org.br\/site\/noticias-recentes\/icci-la\/femama-apoia-iniciativa-integrada-de-controle-do-cancer-na-america-latina\/","og_locale":"pt_BR","og_type":"article","og_title":"FEMAMA apoia Iniciativa Integrada de Controle do C\u00e2ncer na Am\u00e9rica Latina | FEMAMA","og_description":"Estudo objetiva melhorar a resposta do pa\u00eds frente ao aumento da carga do c\u00e2ncer","og_url":"https:\/\/femama.org.br\/site\/noticias-recentes\/icci-la\/femama-apoia-iniciativa-integrada-de-controle-do-cancer-na-america-latina\/","og_site_name":"FEMAMA","article_publisher":"https:\/\/www.facebook.com\/femamabrasil","article_published_time":"2021-12-15T17:00:51+00:00","article_modified_time":"2022-04-25T18:24:16+00:00","og_image":[{"width":2480,"height":1334,"url":"https:\/\/femama.org.br\/site\/wp-content\/uploads\/2022\/04\/Imagem1.jpg","type":"image\/jpeg"}],"author":"Femama","twitter_card":"summary_large_image","twitter_creator":"@femama_","twitter_site":"@femama_","twitter_misc":{"Escrito por":"Femama","Est. tempo de leitura":"1 minuto"},"schema":{"@context":"https:\/\/schema.org","@graph":[{"@type":"Article","@id":"https:\/\/femama.org.br\/site\/noticias-recentes\/icci-la\/femama-apoia-iniciativa-integrada-de-controle-do-cancer-na-america-latina\/#article","isPartOf":{"@id":"https:\/\/femama.org.br\/site\/noticias-recentes\/icci-la\/femama-apoia-iniciativa-integrada-de-controle-do-cancer-na-america-latina\/"},"author":{"name":"Femama","@id":"https:\/\/femama.org.br\/site\/#\/schema\/person\/ed83a17236fa12a9cfd26890f0e3474e"},"headline":"FEMAMA apoia Iniciativa Integrada de Controle do C\u00e2ncer na Am\u00e9rica Latina","datePublished":"2021-12-15T17:00:51+00:00","dateModified":"2022-04-25T18:24:16+00:00","mainEntityOfPage":{"@id":"https:\/\/femama.org.br\/site\/noticias-recentes\/icci-la\/femama-apoia-iniciativa-integrada-de-controle-do-cancer-na-america-latina\/"},"wordCount":292,"commentCount":0,"publisher":{"@id":"https:\/\/femama.org.br\/site\/#organization"},"image":{"@id":"https:\/\/femama.org.br\/site\/noticias-recentes\/icci-la\/femama-apoia-iniciativa-integrada-de-controle-do-cancer-na-america-latina\/#primaryimage"},"thumbnailUrl":"https:\/\/femama.org.br\/site\/wp-content\/uploads\/2022\/04\/Imagem1.jpg","articleSection":["ICCI-LA"],"inLanguage":"pt-BR","potentialAction":[{"@type":"CommentAction","name":"Comment","target":["https:\/\/femama.org.br\/site\/noticias-recentes\/icci-la\/femama-apoia-iniciativa-integrada-de-controle-do-cancer-na-america-latina\/#respond"]}]},{"@type":"WebPage","@id":"https:\/\/femama.org.br\/site\/noticias-recentes\/icci-la\/femama-apoia-iniciativa-integrada-de-controle-do-cancer-na-america-latina\/","url":"https:\/\/femama.org.br\/site\/noticias-recentes\/icci-la\/femama-apoia-iniciativa-integrada-de-controle-do-cancer-na-america-latina\/","name":"FEMAMA apoia Iniciativa Integrada de Controle do C\u00e2ncer na Am\u00e9rica Latina | FEMAMA","isPartOf":{"@id":"https:\/\/femama.org.br\/site\/#website"},"primaryImageOfPage":{"@id":"https:\/\/femama.org.br\/site\/noticias-recentes\/icci-la\/femama-apoia-iniciativa-integrada-de-controle-do-cancer-na-america-latina\/#primaryimage"},"image":{"@id":"https:\/\/femama.org.br\/site\/noticias-recentes\/icci-la\/femama-apoia-iniciativa-integrada-de-controle-do-cancer-na-america-latina\/#primaryimage"},"thumbnailUrl":"https:\/\/femama.org.br\/site\/wp-content\/uploads\/2022\/04\/Imagem1.jpg","datePublished":"2021-12-15T17:00:51+00:00","dateModified":"2022-04-25T18:24:16+00:00","breadcrumb":{"@id":"https:\/\/femama.org.br\/site\/noticias-recentes\/icci-la\/femama-apoia-iniciativa-integrada-de-controle-do-cancer-na-america-latina\/#breadcrumb"},"inLanguage":"pt-BR","potentialAction":[{"@type":"ReadAction","target":["https:\/\/femama.org.br\/site\/noticias-recentes\/icci-la\/femama-apoia-iniciativa-integrada-de-controle-do-cancer-na-america-latina\/"]}]},{"@type":"ImageObject","inLanguage":"pt-BR","@id":"https:\/\/femama.org.br\/site\/noticias-recentes\/icci-la\/femama-apoia-iniciativa-integrada-de-controle-do-cancer-na-america-latina\/#primaryimage","url":"https:\/\/femama.org.br\/site\/wp-content\/uploads\/2022\/04\/Imagem1.jpg","contentUrl":"https:\/\/femama.org.br\/site\/wp-content\/uploads\/2022\/04\/Imagem1.jpg","width":2480,"height":1334},{"@type":"BreadcrumbList","@id":"https:\/\/femama.org.br\/site\/noticias-recentes\/icci-la\/femama-apoia-iniciativa-integrada-de-controle-do-cancer-na-america-latina\/#breadcrumb","itemListElement":[{"@type":"ListItem","position":1,"name":"In\u00edcio","item":"https:\/\/femama.org.br\/site\/"},{"@type":"ListItem","position":2,"name":"FEMAMA apoia Iniciativa Integrada de Controle do C\u00e2ncer na Am\u00e9rica Latina"}]},{"@type":"WebSite","@id":"https:\/\/femama.org.br\/site\/#website","url":"https:\/\/femama.org.br\/site\/","name":"FEMAMA","description":"Federa\u00e7\u00e3o Brasileira de Institui\u00e7\u00f5es Filantr\u00f3picas de Apoio \u00e0 Sa\u00fade da Mama | C\u00e2ncer de mama","publisher":{"@id":"https:\/\/femama.org.br\/site\/#organization"},"potentialAction":[{"@type":"SearchAction","target":{"@type":"EntryPoint","urlTemplate":"https:\/\/femama.org.br\/site\/?s={search_term_string}"},"query-input":{"@type":"PropertyValueSpecification","valueRequired":true,"valueName":"search_term_string"}}],"inLanguage":"pt-BR"},{"@type":"Organization","@id":"https:\/\/femama.org.br\/site\/#organization","name":"Femama | Federa\u00e7\u00e3o Brasileira de Institui\u00e7\u00f5es Filantr\u00f3picas de Apoio \u00e0 Sa\u00fade da Mama | C\u00e2ncer de mama","url":"https:\/\/femama.org.br\/site\/","logo":{"@type":"ImageObject","inLanguage":"pt-BR","@id":"https:\/\/femama.org.br\/site\/#\/schema\/logo\/image\/","url":"https:\/\/femama.org.br\/site\/wp-content\/uploads\/2021\/12\/logotipo-femama-horizontal.png","contentUrl":"https:\/\/femama.org.br\/site\/wp-content\/uploads\/2021\/12\/logotipo-femama-horizontal.png","width":300,"height":92,"caption":"Femama | Federa\u00e7\u00e3o Brasileira de Institui\u00e7\u00f5es Filantr\u00f3picas de Apoio \u00e0 Sa\u00fade da Mama | C\u00e2ncer de mama"},"image":{"@id":"https:\/\/femama.org.br\/site\/#\/schema\/logo\/image\/"},"sameAs":["https:\/\/www.facebook.com\/femamabrasil","https:\/\/x.com\/femama_","https:\/\/www.instagram.com\/femama.brasil\/","https:\/\/www.youtube.com\/user\/femamaorg"]},{"@type":"Person","@id":"https:\/\/femama.org.br\/site\/#\/schema\/person\/ed83a17236fa12a9cfd26890f0e3474e","name":"Femama","image":{"@type":"ImageObject","inLanguage":"pt-BR","@id":"https:\/\/secure.gravatar.com\/avatar\/fd7fd20674373e7845d94c5ca7e2b795136bf59683c50d1207584f3ec4caf04a?s=96&d=mm&r=g","url":"https:\/\/secure.gravatar.com\/avatar\/fd7fd20674373e7845d94c5ca7e2b795136bf59683c50d1207584f3ec4caf04a?s=96&d=mm&r=g","contentUrl":"https:\/\/secure.gravatar.com\/avatar\/fd7fd20674373e7845d94c5ca7e2b795136bf59683c50d1207584f3ec4caf04a?s=96&d=mm&r=g","caption":"Femama"}}]}},"_links":{"self":[{"href":"https:\/\/femama.org.br\/site\/wp-json\/wp\/v2\/posts\/23631","targetHints":{"allow":["GET"]}}],"collection":[{"href":"https:\/\/femama.org.br\/site\/wp-json\/wp\/v2\/posts"}],"about":[{"href":"https:\/\/femama.org.br\/site\/wp-json\/wp\/v2\/types\/post"}],"author":[{"embeddable":true,"href":"https:\/\/femama.org.br\/site\/wp-json\/wp\/v2\/users\/7"}],"replies":[{"embeddable":true,"href":"https:\/\/femama.org.br\/site\/wp-json\/wp\/v2\/comments?post=23631"}],"version-history":[{"count":1,"href":"https:\/\/femama.org.br\/site\/wp-json\/wp\/v2\/posts\/23631\/revisions"}],"predecessor-version":[{"id":23633,"href":"https:\/\/femama.org.br\/site\/wp-json\/wp\/v2\/posts\/23631\/revisions\/23633"}],"wp:featuredmedia":[{"embeddable":true,"href":"https:\/\/femama.org.br\/site\/wp-json\/wp\/v2\/media\/23632"}],"wp:attachment":[{"href":"https:\/\/femama.org.br\/site\/wp-json\/wp\/v2\/media?parent=23631"}],"wp:term":[{"taxonomy":"category","embeddable":true,"href":"https:\/\/femama.org.br\/site\/wp-json\/wp\/v2\/categories?post=23631"},{"taxonomy":"post_tag","embeddable":true,"href":"https:\/\/femama.org.br\/site\/wp-json\/wp\/v2\/tags?post=23631"}],"curies":[{"name":"wp","href":"https:\/\/api.w.org\/{rel}","templated":true}]}}