{"id":24261,"date":"2023-05-23T16:38:15","date_gmt":"2023-05-23T19:38:15","guid":{"rendered":"https:\/\/femama.org.br\/site\/?p=24261"},"modified":"2023-05-23T16:44:06","modified_gmt":"2023-05-23T19:44:06","slug":"projeto-de-lei-preve-maior-divulgacao-do-direito-de-reconstrucao-mamaria-pelo-sus","status":"publish","type":"post","link":"https:\/\/femama.org.br\/site\/noticias-recentes\/projeto-de-lei-preve-maior-divulgacao-do-direito-de-reconstrucao-mamaria-pelo-sus\/","title":{"rendered":"Projeto de lei prev\u00ea maior divulga\u00e7\u00e3o do direito de reconstru\u00e7\u00e3o mam\u00e1ria pelo SUS"},"content":{"rendered":"<p><span style=\"font-weight: 400; color: #000000;\">Embora as pacientes de c\u00e2ncer de mama possuam o direito \u00e0 realiza\u00e7\u00e3o da cirurgia de reconstru\u00e7\u00e3o mam\u00e1ria pelo SUS, muitas encontram entraves para realizar o procedimento ou n\u00e3o sabem da exist\u00eancia dessa lei.<\/span><\/p>\n<p><span style=\"font-weight: 400; color: #000000;\">Segundo dados do Minist\u00e9rio da Sa\u00fade, mais de 20 mil mulheres no Brasil est\u00e3o na fila de espera para fazer cirurgia de reconstru\u00e7\u00e3o mam\u00e1ria na rede p\u00fablica. Esse n\u00famero \u00e9 preocupante, principalmente quando lembramos da import\u00e2ncia deste procedimento para o bem-estar das mulheres que enfrentaram a mastectomia.<\/span><\/p>\n<p><span style=\"font-weight: 400; color: #000000;\">Pensando nisso, foi criado um Projeto de Lei (PL 3072\/22) que visa promover a divulga\u00e7\u00e3o deste direito, informando as pacientes sobre a possibilidade de realizar o procedimento.\u00a0<\/span><\/p>\n<p><span style=\"font-weight: 400; color: #000000;\">Continue lendo este artigo para entender mais sobre o PL e a sua import\u00e2ncia para as pacientes de c\u00e2ncer de mama.<\/span><\/p>\n<p>&nbsp;<\/p>\n<h2><span style=\"font-weight: 400; color: #000000;\">O que diz o PL 3072?<\/span><\/h2>\n<p><span style=\"color: #000000;\"><span style=\"font-weight: 400;\">Apresentado pela deputada Fl\u00e1via Morais (PDT-GO), o projeto de lei altera a Lei 9.797\/99 para obrigar servi\u00e7os de sa\u00fade que atendem a pacientes com c\u00e2ncer de mama a<\/span><b> informar sobre a possibilidade de realiza\u00e7\u00e3o da cirurgia pl\u00e1stica reparadora<\/b><span style=\"font-weight: 400;\"> da mama pelo Sistema \u00danico de Sa\u00fade (SUS).<\/span><\/span><\/p>\n<p><span style=\"font-weight: 400; color: #000000;\">A informa\u00e7\u00e3o dever\u00e1 ser disponibilizada por meio de placas, cartazes, informativos, propagandas ou outros meios, e dever\u00e1 apresentar os direitos previstos na lei.<\/span><\/p>\n<p><span style=\"font-weight: 400; color: #000000;\">A proposta ainda ser\u00e1 analisada na C\u00e2mara dos Deputados pelas comiss\u00f5es de Defesa dos Direitos da Mulher; de Sa\u00fade; de Finan\u00e7as e Tributa\u00e7\u00e3o; e de Constitui\u00e7\u00e3o e Justi\u00e7a e de Cidadania.<\/span><\/p>\n<p><span style=\"font-weight: 400; color: #000000;\">Esse PL \u00e9 importante, pois visa combater a desinforma\u00e7\u00e3o que infelizmente ainda existe acerca dos direitos das pacientes de c\u00e2ncer de mama.<\/span><\/p>\n<p><span style=\"color: #000000;\"><span style=\"font-weight: 400;\">Em 2018, n\u00f3s realizamos <\/span><span style=\"color: #dd226e;\"><a style=\"color: #dd226e;\" href=\"https:\/\/www.paratodasasmarias.com.br\/wp-content\/uploads\/2018\/04\/JJMedical_Info_Nacional-FINAL.png\"><span style=\"font-weight: 400;\">uma pesquisa<\/span><\/a><\/span><span style=\"font-weight: 400;\"> em parceria com o Hospital Moinhos de Vento, a Johnson &amp; Johnson Medical Devices e o Instituto Ideafix, que mostrou que apenas 27,6% das mulheres conheciam bem a lei que garante acesso \u00e0 reconstru\u00e7\u00e3o mam\u00e1ria.\u00a0<\/span><\/span><\/p>\n<p><span style=\"font-weight: 400; color: #000000;\">Dentre as que conheciam o direito, 71,9% optaram por passar pelo procedimento, enquanto apenas 38,9% das que n\u00e3o conheciam a legisla\u00e7\u00e3o realizaram esta escolha.\u00a0<\/span><\/p>\n<p><span style=\"font-weight: 400; color: #000000;\">Al\u00e9m disso, o levantamento mostrou que 74,8% das mulheres entrevistadas que fizeram o tratamento no sistema privado realizaram o procedimento, enquanto apenas 53,4% das pacientes do sistema p\u00fablico o fizeram.<\/span><\/p>\n<p><span style=\"color: #dd226e;\"><a style=\"color: #dd226e;\" href=\"https:\/\/femama.org.br\/site\/noticias-recentes\/lei-que-preve-reconstrucao-mamaria-imediatamente-apos-mastectomia-comemora-cinco-anos-mas-numero-de-procedimentos-nao-sofre-alteracao\/\"><i><span style=\"font-weight: 400;\">Leia mais sobre esta pesquisa aqui<\/span><\/i><\/a><\/span><\/p>\n<p><span style=\"font-weight: 400; color: #000000;\">Ou seja, al\u00e9m de enfrentarem dificuldades para realizar a cirurgia, muitas mulheres ainda n\u00e3o sabem que possuem esse direito, o que \u00e9 um grande problema, pois limita as possibilidades de tratamento.\u00a0<\/span><\/p>\n<p>&nbsp;<\/p>\n<h2><span style=\"font-weight: 400; color: #000000;\">Por que a reconstru\u00e7\u00e3o mam\u00e1ria \u00e9 t\u00e3o importante?<\/span><\/h2>\n<p><span style=\"font-weight: 400; color: #000000;\">Mais que uma quest\u00e3o est\u00e9tica, a cirurgia de reconstru\u00e7\u00e3o mam\u00e1ria faz parte do tratamento do c\u00e2ncer de mama.\u00a0<\/span><\/p>\n<p><span style=\"font-weight: 400; color: #000000;\">Afinal, al\u00e9m de afetar a sa\u00fade f\u00edsica das mulheres, o c\u00e2ncer tamb\u00e9m abala a autoestima e o bem-estar.\u00a0<\/span><\/p>\n<p><span style=\"font-weight: 400; color: #000000;\">Assim, por mais que a mastectomia seja extremamente importante para tratar a doen\u00e7a, essa cirurgia tamb\u00e9m pode ocasionar diversos problemas para as mulheres que passam a se achar menos femininas com a retirada dos seios.<\/span><\/p>\n<p><span style=\"font-weight: 400; color: #000000;\">Ent\u00e3o, o procedimento de reconstru\u00e7\u00e3o n\u00e3o serve apenas para trazer mais sa\u00fade, mas tamb\u00e9m melhora o bem-estar de muitos pacientes.<\/span><\/p>\n<p><span style=\"color: #000000;\"><span style=\"font-weight: 400;\">Como ressalta a Dra Maira Caleffi, presidente volunt\u00e1ria da FEMAMA: <\/span><span style=\"font-weight: 400;\">\u201cAl\u00e9m de um direito da mulher, reconstruir a mama faz parte do tratamento para a cura completa do c\u00e2ncer. A cirurgia devolve para a mulher a imagem corporal e a autoestima\u201d.\u00a0<\/span><\/span><\/p>\n<p><span style=\"font-weight: 400; color: #000000;\">\u00c9 claro que a escolha deve ser sempre da mulher e n\u00e3o s\u00e3o todas as pacientes que optam pela reconstru\u00e7\u00e3o, mas ainda assim todas precisam ter ci\u00eancia dos seus direitos e devem ter o acesso \u00e0 reconstru\u00e7\u00e3o mam\u00e1ria garantido.<\/span><\/p>\n<p><span style=\"font-weight: 400; color: #000000;\">Continue acompanhando o nosso trabalho para se informar mais sobre os direitos das pacientes de c\u00e2ncer de mama e sobre a luta em prol da redu\u00e7\u00e3o da mortalidade desta doen\u00e7a!<\/span><\/p>\n","protected":false},"excerpt":{"rendered":"<p>Embora as pacientes de c\u00e2ncer de mama possuam o direito \u00e0 realiza\u00e7\u00e3o da cirurgia de reconstru\u00e7\u00e3o mam\u00e1ria pelo SUS, muitas encontram entraves para realizar o procedimento ou n\u00e3o sabem da exist\u00eancia dessa lei. Segundo dados do Minist\u00e9rio da Sa\u00fade, mais de 20 mil mulheres no Brasil est\u00e3o na fila de espera para fazer cirurgia de [&hellip;]<\/p>\n","protected":false},"author":7,"featured_media":24264,"comment_status":"open","ping_status":"closed","sticky":false,"template":"","format":"standard","meta":{"_acf_changed":false,"footnotes":""},"categories":[20,13],"tags":[],"class_list":["post-24261","post","type-post","status-publish","format-standard","has-post-thumbnail","hentry","category-direito-dos-pacientes","category-noticias-recentes"],"acf":[],"yoast_head":"<!-- This site is optimized with the Yoast SEO plugin v27.4 - https:\/\/yoast.com\/product\/yoast-seo-wordpress\/ -->\n<title>Projeto de lei prev\u00ea maior divulga\u00e7\u00e3o do direito de reconstru\u00e7\u00e3o mam\u00e1ria pelo SUS | FEMAMA<\/title>\n<meta name=\"robots\" content=\"index, follow, max-snippet:-1, max-image-preview:large, max-video-preview:-1\" \/>\n<link rel=\"canonical\" href=\"https:\/\/femama.org.br\/site\/noticias-recentes\/projeto-de-lei-preve-maior-divulgacao-do-direito-de-reconstrucao-mamaria-pelo-sus\/\" \/>\n<meta property=\"og:locale\" content=\"pt_BR\" \/>\n<meta property=\"og:type\" content=\"article\" \/>\n<meta property=\"og:title\" content=\"Projeto de lei prev\u00ea maior divulga\u00e7\u00e3o do direito de reconstru\u00e7\u00e3o mam\u00e1ria pelo SUS | FEMAMA\" \/>\n<meta property=\"og:description\" content=\"Embora as pacientes de c\u00e2ncer de mama possuam o direito \u00e0 realiza\u00e7\u00e3o da cirurgia de reconstru\u00e7\u00e3o mam\u00e1ria pelo SUS, muitas encontram entraves para realizar o procedimento ou n\u00e3o sabem da exist\u00eancia dessa lei. Segundo dados do Minist\u00e9rio da Sa\u00fade, mais de 20 mil mulheres no Brasil est\u00e3o na fila de espera para fazer cirurgia de [&hellip;]\" \/>\n<meta property=\"og:url\" content=\"https:\/\/femama.org.br\/site\/noticias-recentes\/projeto-de-lei-preve-maior-divulgacao-do-direito-de-reconstrucao-mamaria-pelo-sus\/\" \/>\n<meta property=\"og:site_name\" content=\"FEMAMA\" \/>\n<meta property=\"article:publisher\" content=\"https:\/\/www.facebook.com\/femamabrasil\" \/>\n<meta property=\"article:published_time\" content=\"2023-05-23T19:38:15+00:00\" \/>\n<meta property=\"article:modified_time\" content=\"2023-05-23T19:44:06+00:00\" \/>\n<meta property=\"og:image\" content=\"https:\/\/femama.org.br\/site\/wp-content\/uploads\/2023\/05\/mulher-se-recuperando-apos-cancer-de-mama-scaled.jpg\" \/>\n\t<meta property=\"og:image:width\" content=\"1707\" \/>\n\t<meta property=\"og:image:height\" content=\"2560\" \/>\n\t<meta property=\"og:image:type\" content=\"image\/jpeg\" \/>\n<meta name=\"author\" content=\"Femama\" \/>\n<meta name=\"twitter:card\" content=\"summary_large_image\" \/>\n<meta name=\"twitter:creator\" content=\"@femama_\" \/>\n<meta name=\"twitter:site\" content=\"@femama_\" \/>\n<meta name=\"twitter:label1\" content=\"Escrito por\" \/>\n\t<meta name=\"twitter:data1\" content=\"Femama\" \/>\n\t<meta name=\"twitter:label2\" content=\"Est. tempo de leitura\" \/>\n\t<meta name=\"twitter:data2\" content=\"4 minutos\" \/>\n<script type=\"application\/ld+json\" class=\"yoast-schema-graph\">{\"@context\":\"https:\\\/\\\/schema.org\",\"@graph\":[{\"@type\":\"Article\",\"@id\":\"https:\\\/\\\/femama.org.br\\\/site\\\/noticias-recentes\\\/projeto-de-lei-preve-maior-divulgacao-do-direito-de-reconstrucao-mamaria-pelo-sus\\\/#article\",\"isPartOf\":{\"@id\":\"https:\\\/\\\/femama.org.br\\\/site\\\/noticias-recentes\\\/projeto-de-lei-preve-maior-divulgacao-do-direito-de-reconstrucao-mamaria-pelo-sus\\\/\"},\"author\":{\"name\":\"Femama\",\"@id\":\"https:\\\/\\\/femama.org.br\\\/site\\\/#\\\/schema\\\/person\\\/ed83a17236fa12a9cfd26890f0e3474e\"},\"headline\":\"Projeto de lei prev\u00ea maior divulga\u00e7\u00e3o do direito de reconstru\u00e7\u00e3o mam\u00e1ria pelo SUS\",\"datePublished\":\"2023-05-23T19:38:15+00:00\",\"dateModified\":\"2023-05-23T19:44:06+00:00\",\"mainEntityOfPage\":{\"@id\":\"https:\\\/\\\/femama.org.br\\\/site\\\/noticias-recentes\\\/projeto-de-lei-preve-maior-divulgacao-do-direito-de-reconstrucao-mamaria-pelo-sus\\\/\"},\"wordCount\":672,\"commentCount\":0,\"publisher\":{\"@id\":\"https:\\\/\\\/femama.org.br\\\/site\\\/#organization\"},\"image\":{\"@id\":\"https:\\\/\\\/femama.org.br\\\/site\\\/noticias-recentes\\\/projeto-de-lei-preve-maior-divulgacao-do-direito-de-reconstrucao-mamaria-pelo-sus\\\/#primaryimage\"},\"thumbnailUrl\":\"https:\\\/\\\/femama.org.br\\\/site\\\/wp-content\\\/uploads\\\/2023\\\/05\\\/mulher-se-recuperando-apos-cancer-de-mama-scaled.jpg\",\"articleSection\":[\"Direito dos Pacientes\",\"Not\u00edcias recentes\"],\"inLanguage\":\"pt-BR\",\"potentialAction\":[{\"@type\":\"CommentAction\",\"name\":\"Comment\",\"target\":[\"https:\\\/\\\/femama.org.br\\\/site\\\/noticias-recentes\\\/projeto-de-lei-preve-maior-divulgacao-do-direito-de-reconstrucao-mamaria-pelo-sus\\\/#respond\"]}]},{\"@type\":\"WebPage\",\"@id\":\"https:\\\/\\\/femama.org.br\\\/site\\\/noticias-recentes\\\/projeto-de-lei-preve-maior-divulgacao-do-direito-de-reconstrucao-mamaria-pelo-sus\\\/\",\"url\":\"https:\\\/\\\/femama.org.br\\\/site\\\/noticias-recentes\\\/projeto-de-lei-preve-maior-divulgacao-do-direito-de-reconstrucao-mamaria-pelo-sus\\\/\",\"name\":\"Projeto de lei prev\u00ea maior divulga\u00e7\u00e3o do direito de reconstru\u00e7\u00e3o mam\u00e1ria pelo SUS | FEMAMA\",\"isPartOf\":{\"@id\":\"https:\\\/\\\/femama.org.br\\\/site\\\/#website\"},\"primaryImageOfPage\":{\"@id\":\"https:\\\/\\\/femama.org.br\\\/site\\\/noticias-recentes\\\/projeto-de-lei-preve-maior-divulgacao-do-direito-de-reconstrucao-mamaria-pelo-sus\\\/#primaryimage\"},\"image\":{\"@id\":\"https:\\\/\\\/femama.org.br\\\/site\\\/noticias-recentes\\\/projeto-de-lei-preve-maior-divulgacao-do-direito-de-reconstrucao-mamaria-pelo-sus\\\/#primaryimage\"},\"thumbnailUrl\":\"https:\\\/\\\/femama.org.br\\\/site\\\/wp-content\\\/uploads\\\/2023\\\/05\\\/mulher-se-recuperando-apos-cancer-de-mama-scaled.jpg\",\"datePublished\":\"2023-05-23T19:38:15+00:00\",\"dateModified\":\"2023-05-23T19:44:06+00:00\",\"breadcrumb\":{\"@id\":\"https:\\\/\\\/femama.org.br\\\/site\\\/noticias-recentes\\\/projeto-de-lei-preve-maior-divulgacao-do-direito-de-reconstrucao-mamaria-pelo-sus\\\/#breadcrumb\"},\"inLanguage\":\"pt-BR\",\"potentialAction\":[{\"@type\":\"ReadAction\",\"target\":[\"https:\\\/\\\/femama.org.br\\\/site\\\/noticias-recentes\\\/projeto-de-lei-preve-maior-divulgacao-do-direito-de-reconstrucao-mamaria-pelo-sus\\\/\"]}]},{\"@type\":\"ImageObject\",\"inLanguage\":\"pt-BR\",\"@id\":\"https:\\\/\\\/femama.org.br\\\/site\\\/noticias-recentes\\\/projeto-de-lei-preve-maior-divulgacao-do-direito-de-reconstrucao-mamaria-pelo-sus\\\/#primaryimage\",\"url\":\"https:\\\/\\\/femama.org.br\\\/site\\\/wp-content\\\/uploads\\\/2023\\\/05\\\/mulher-se-recuperando-apos-cancer-de-mama-scaled.jpg\",\"contentUrl\":\"https:\\\/\\\/femama.org.br\\\/site\\\/wp-content\\\/uploads\\\/2023\\\/05\\\/mulher-se-recuperando-apos-cancer-de-mama-scaled.jpg\",\"width\":1707,\"height\":2560},{\"@type\":\"BreadcrumbList\",\"@id\":\"https:\\\/\\\/femama.org.br\\\/site\\\/noticias-recentes\\\/projeto-de-lei-preve-maior-divulgacao-do-direito-de-reconstrucao-mamaria-pelo-sus\\\/#breadcrumb\",\"itemListElement\":[{\"@type\":\"ListItem\",\"position\":1,\"name\":\"In\u00edcio\",\"item\":\"https:\\\/\\\/femama.org.br\\\/site\\\/\"},{\"@type\":\"ListItem\",\"position\":2,\"name\":\"Projeto de lei prev\u00ea maior divulga\u00e7\u00e3o do direito de reconstru\u00e7\u00e3o mam\u00e1ria pelo SUS\"}]},{\"@type\":\"WebSite\",\"@id\":\"https:\\\/\\\/femama.org.br\\\/site\\\/#website\",\"url\":\"https:\\\/\\\/femama.org.br\\\/site\\\/\",\"name\":\"FEMAMA\",\"description\":\"Federa\u00e7\u00e3o Brasileira de Institui\u00e7\u00f5es Filantr\u00f3picas de Apoio \u00e0 Sa\u00fade da Mama | C\u00e2ncer de mama\",\"publisher\":{\"@id\":\"https:\\\/\\\/femama.org.br\\\/site\\\/#organization\"},\"potentialAction\":[{\"@type\":\"SearchAction\",\"target\":{\"@type\":\"EntryPoint\",\"urlTemplate\":\"https:\\\/\\\/femama.org.br\\\/site\\\/?s={search_term_string}\"},\"query-input\":{\"@type\":\"PropertyValueSpecification\",\"valueRequired\":true,\"valueName\":\"search_term_string\"}}],\"inLanguage\":\"pt-BR\"},{\"@type\":\"Organization\",\"@id\":\"https:\\\/\\\/femama.org.br\\\/site\\\/#organization\",\"name\":\"Femama | Federa\u00e7\u00e3o Brasileira de Institui\u00e7\u00f5es Filantr\u00f3picas de Apoio \u00e0 Sa\u00fade da Mama | C\u00e2ncer de mama\",\"url\":\"https:\\\/\\\/femama.org.br\\\/site\\\/\",\"logo\":{\"@type\":\"ImageObject\",\"inLanguage\":\"pt-BR\",\"@id\":\"https:\\\/\\\/femama.org.br\\\/site\\\/#\\\/schema\\\/logo\\\/image\\\/\",\"url\":\"https:\\\/\\\/femama.org.br\\\/site\\\/wp-content\\\/uploads\\\/2021\\\/12\\\/logotipo-femama-horizontal.png\",\"contentUrl\":\"https:\\\/\\\/femama.org.br\\\/site\\\/wp-content\\\/uploads\\\/2021\\\/12\\\/logotipo-femama-horizontal.png\",\"width\":300,\"height\":92,\"caption\":\"Femama | Federa\u00e7\u00e3o Brasileira de Institui\u00e7\u00f5es Filantr\u00f3picas de Apoio \u00e0 Sa\u00fade da Mama | C\u00e2ncer de mama\"},\"image\":{\"@id\":\"https:\\\/\\\/femama.org.br\\\/site\\\/#\\\/schema\\\/logo\\\/image\\\/\"},\"sameAs\":[\"https:\\\/\\\/www.facebook.com\\\/femamabrasil\",\"https:\\\/\\\/x.com\\\/femama_\",\"https:\\\/\\\/www.instagram.com\\\/femama.brasil\\\/\",\"https:\\\/\\\/www.youtube.com\\\/user\\\/femamaorg\"]},{\"@type\":\"Person\",\"@id\":\"https:\\\/\\\/femama.org.br\\\/site\\\/#\\\/schema\\\/person\\\/ed83a17236fa12a9cfd26890f0e3474e\",\"name\":\"Femama\",\"image\":{\"@type\":\"ImageObject\",\"inLanguage\":\"pt-BR\",\"@id\":\"https:\\\/\\\/secure.gravatar.com\\\/avatar\\\/fd7fd20674373e7845d94c5ca7e2b795136bf59683c50d1207584f3ec4caf04a?s=96&d=mm&r=g\",\"url\":\"https:\\\/\\\/secure.gravatar.com\\\/avatar\\\/fd7fd20674373e7845d94c5ca7e2b795136bf59683c50d1207584f3ec4caf04a?s=96&d=mm&r=g\",\"contentUrl\":\"https:\\\/\\\/secure.gravatar.com\\\/avatar\\\/fd7fd20674373e7845d94c5ca7e2b795136bf59683c50d1207584f3ec4caf04a?s=96&d=mm&r=g\",\"caption\":\"Femama\"}}]}<\/script>\n<!-- \/ Yoast SEO plugin. -->","yoast_head_json":{"title":"Projeto de lei prev\u00ea maior divulga\u00e7\u00e3o do direito de reconstru\u00e7\u00e3o mam\u00e1ria pelo SUS | FEMAMA","robots":{"index":"index","follow":"follow","max-snippet":"max-snippet:-1","max-image-preview":"max-image-preview:large","max-video-preview":"max-video-preview:-1"},"canonical":"https:\/\/femama.org.br\/site\/noticias-recentes\/projeto-de-lei-preve-maior-divulgacao-do-direito-de-reconstrucao-mamaria-pelo-sus\/","og_locale":"pt_BR","og_type":"article","og_title":"Projeto de lei prev\u00ea maior divulga\u00e7\u00e3o do direito de reconstru\u00e7\u00e3o mam\u00e1ria pelo SUS | FEMAMA","og_description":"Embora as pacientes de c\u00e2ncer de mama possuam o direito \u00e0 realiza\u00e7\u00e3o da cirurgia de reconstru\u00e7\u00e3o mam\u00e1ria pelo SUS, muitas encontram entraves para realizar o procedimento ou n\u00e3o sabem da exist\u00eancia dessa lei. Segundo dados do Minist\u00e9rio da Sa\u00fade, mais de 20 mil mulheres no Brasil est\u00e3o na fila de espera para fazer cirurgia de [&hellip;]","og_url":"https:\/\/femama.org.br\/site\/noticias-recentes\/projeto-de-lei-preve-maior-divulgacao-do-direito-de-reconstrucao-mamaria-pelo-sus\/","og_site_name":"FEMAMA","article_publisher":"https:\/\/www.facebook.com\/femamabrasil","article_published_time":"2023-05-23T19:38:15+00:00","article_modified_time":"2023-05-23T19:44:06+00:00","og_image":[{"width":1707,"height":2560,"url":"https:\/\/femama.org.br\/site\/wp-content\/uploads\/2023\/05\/mulher-se-recuperando-apos-cancer-de-mama-scaled.jpg","type":"image\/jpeg"}],"author":"Femama","twitter_card":"summary_large_image","twitter_creator":"@femama_","twitter_site":"@femama_","twitter_misc":{"Escrito por":"Femama","Est. tempo de leitura":"4 minutos"},"schema":{"@context":"https:\/\/schema.org","@graph":[{"@type":"Article","@id":"https:\/\/femama.org.br\/site\/noticias-recentes\/projeto-de-lei-preve-maior-divulgacao-do-direito-de-reconstrucao-mamaria-pelo-sus\/#article","isPartOf":{"@id":"https:\/\/femama.org.br\/site\/noticias-recentes\/projeto-de-lei-preve-maior-divulgacao-do-direito-de-reconstrucao-mamaria-pelo-sus\/"},"author":{"name":"Femama","@id":"https:\/\/femama.org.br\/site\/#\/schema\/person\/ed83a17236fa12a9cfd26890f0e3474e"},"headline":"Projeto de lei prev\u00ea maior divulga\u00e7\u00e3o do direito de reconstru\u00e7\u00e3o mam\u00e1ria pelo SUS","datePublished":"2023-05-23T19:38:15+00:00","dateModified":"2023-05-23T19:44:06+00:00","mainEntityOfPage":{"@id":"https:\/\/femama.org.br\/site\/noticias-recentes\/projeto-de-lei-preve-maior-divulgacao-do-direito-de-reconstrucao-mamaria-pelo-sus\/"},"wordCount":672,"commentCount":0,"publisher":{"@id":"https:\/\/femama.org.br\/site\/#organization"},"image":{"@id":"https:\/\/femama.org.br\/site\/noticias-recentes\/projeto-de-lei-preve-maior-divulgacao-do-direito-de-reconstrucao-mamaria-pelo-sus\/#primaryimage"},"thumbnailUrl":"https:\/\/femama.org.br\/site\/wp-content\/uploads\/2023\/05\/mulher-se-recuperando-apos-cancer-de-mama-scaled.jpg","articleSection":["Direito dos Pacientes","Not\u00edcias recentes"],"inLanguage":"pt-BR","potentialAction":[{"@type":"CommentAction","name":"Comment","target":["https:\/\/femama.org.br\/site\/noticias-recentes\/projeto-de-lei-preve-maior-divulgacao-do-direito-de-reconstrucao-mamaria-pelo-sus\/#respond"]}]},{"@type":"WebPage","@id":"https:\/\/femama.org.br\/site\/noticias-recentes\/projeto-de-lei-preve-maior-divulgacao-do-direito-de-reconstrucao-mamaria-pelo-sus\/","url":"https:\/\/femama.org.br\/site\/noticias-recentes\/projeto-de-lei-preve-maior-divulgacao-do-direito-de-reconstrucao-mamaria-pelo-sus\/","name":"Projeto de lei prev\u00ea maior divulga\u00e7\u00e3o do direito de reconstru\u00e7\u00e3o mam\u00e1ria pelo SUS | FEMAMA","isPartOf":{"@id":"https:\/\/femama.org.br\/site\/#website"},"primaryImageOfPage":{"@id":"https:\/\/femama.org.br\/site\/noticias-recentes\/projeto-de-lei-preve-maior-divulgacao-do-direito-de-reconstrucao-mamaria-pelo-sus\/#primaryimage"},"image":{"@id":"https:\/\/femama.org.br\/site\/noticias-recentes\/projeto-de-lei-preve-maior-divulgacao-do-direito-de-reconstrucao-mamaria-pelo-sus\/#primaryimage"},"thumbnailUrl":"https:\/\/femama.org.br\/site\/wp-content\/uploads\/2023\/05\/mulher-se-recuperando-apos-cancer-de-mama-scaled.jpg","datePublished":"2023-05-23T19:38:15+00:00","dateModified":"2023-05-23T19:44:06+00:00","breadcrumb":{"@id":"https:\/\/femama.org.br\/site\/noticias-recentes\/projeto-de-lei-preve-maior-divulgacao-do-direito-de-reconstrucao-mamaria-pelo-sus\/#breadcrumb"},"inLanguage":"pt-BR","potentialAction":[{"@type":"ReadAction","target":["https:\/\/femama.org.br\/site\/noticias-recentes\/projeto-de-lei-preve-maior-divulgacao-do-direito-de-reconstrucao-mamaria-pelo-sus\/"]}]},{"@type":"ImageObject","inLanguage":"pt-BR","@id":"https:\/\/femama.org.br\/site\/noticias-recentes\/projeto-de-lei-preve-maior-divulgacao-do-direito-de-reconstrucao-mamaria-pelo-sus\/#primaryimage","url":"https:\/\/femama.org.br\/site\/wp-content\/uploads\/2023\/05\/mulher-se-recuperando-apos-cancer-de-mama-scaled.jpg","contentUrl":"https:\/\/femama.org.br\/site\/wp-content\/uploads\/2023\/05\/mulher-se-recuperando-apos-cancer-de-mama-scaled.jpg","width":1707,"height":2560},{"@type":"BreadcrumbList","@id":"https:\/\/femama.org.br\/site\/noticias-recentes\/projeto-de-lei-preve-maior-divulgacao-do-direito-de-reconstrucao-mamaria-pelo-sus\/#breadcrumb","itemListElement":[{"@type":"ListItem","position":1,"name":"In\u00edcio","item":"https:\/\/femama.org.br\/site\/"},{"@type":"ListItem","position":2,"name":"Projeto de lei prev\u00ea maior divulga\u00e7\u00e3o do direito de reconstru\u00e7\u00e3o mam\u00e1ria pelo SUS"}]},{"@type":"WebSite","@id":"https:\/\/femama.org.br\/site\/#website","url":"https:\/\/femama.org.br\/site\/","name":"FEMAMA","description":"Federa\u00e7\u00e3o Brasileira de Institui\u00e7\u00f5es Filantr\u00f3picas de Apoio \u00e0 Sa\u00fade da Mama | C\u00e2ncer de mama","publisher":{"@id":"https:\/\/femama.org.br\/site\/#organization"},"potentialAction":[{"@type":"SearchAction","target":{"@type":"EntryPoint","urlTemplate":"https:\/\/femama.org.br\/site\/?s={search_term_string}"},"query-input":{"@type":"PropertyValueSpecification","valueRequired":true,"valueName":"search_term_string"}}],"inLanguage":"pt-BR"},{"@type":"Organization","@id":"https:\/\/femama.org.br\/site\/#organization","name":"Femama | Federa\u00e7\u00e3o Brasileira de Institui\u00e7\u00f5es Filantr\u00f3picas de Apoio \u00e0 Sa\u00fade da Mama | C\u00e2ncer de mama","url":"https:\/\/femama.org.br\/site\/","logo":{"@type":"ImageObject","inLanguage":"pt-BR","@id":"https:\/\/femama.org.br\/site\/#\/schema\/logo\/image\/","url":"https:\/\/femama.org.br\/site\/wp-content\/uploads\/2021\/12\/logotipo-femama-horizontal.png","contentUrl":"https:\/\/femama.org.br\/site\/wp-content\/uploads\/2021\/12\/logotipo-femama-horizontal.png","width":300,"height":92,"caption":"Femama | Federa\u00e7\u00e3o Brasileira de Institui\u00e7\u00f5es Filantr\u00f3picas de Apoio \u00e0 Sa\u00fade da Mama | C\u00e2ncer de mama"},"image":{"@id":"https:\/\/femama.org.br\/site\/#\/schema\/logo\/image\/"},"sameAs":["https:\/\/www.facebook.com\/femamabrasil","https:\/\/x.com\/femama_","https:\/\/www.instagram.com\/femama.brasil\/","https:\/\/www.youtube.com\/user\/femamaorg"]},{"@type":"Person","@id":"https:\/\/femama.org.br\/site\/#\/schema\/person\/ed83a17236fa12a9cfd26890f0e3474e","name":"Femama","image":{"@type":"ImageObject","inLanguage":"pt-BR","@id":"https:\/\/secure.gravatar.com\/avatar\/fd7fd20674373e7845d94c5ca7e2b795136bf59683c50d1207584f3ec4caf04a?s=96&d=mm&r=g","url":"https:\/\/secure.gravatar.com\/avatar\/fd7fd20674373e7845d94c5ca7e2b795136bf59683c50d1207584f3ec4caf04a?s=96&d=mm&r=g","contentUrl":"https:\/\/secure.gravatar.com\/avatar\/fd7fd20674373e7845d94c5ca7e2b795136bf59683c50d1207584f3ec4caf04a?s=96&d=mm&r=g","caption":"Femama"}}]}},"_links":{"self":[{"href":"https:\/\/femama.org.br\/site\/wp-json\/wp\/v2\/posts\/24261","targetHints":{"allow":["GET"]}}],"collection":[{"href":"https:\/\/femama.org.br\/site\/wp-json\/wp\/v2\/posts"}],"about":[{"href":"https:\/\/femama.org.br\/site\/wp-json\/wp\/v2\/types\/post"}],"author":[{"embeddable":true,"href":"https:\/\/femama.org.br\/site\/wp-json\/wp\/v2\/users\/7"}],"replies":[{"embeddable":true,"href":"https:\/\/femama.org.br\/site\/wp-json\/wp\/v2\/comments?post=24261"}],"version-history":[{"count":4,"href":"https:\/\/femama.org.br\/site\/wp-json\/wp\/v2\/posts\/24261\/revisions"}],"predecessor-version":[{"id":24266,"href":"https:\/\/femama.org.br\/site\/wp-json\/wp\/v2\/posts\/24261\/revisions\/24266"}],"wp:featuredmedia":[{"embeddable":true,"href":"https:\/\/femama.org.br\/site\/wp-json\/wp\/v2\/media\/24264"}],"wp:attachment":[{"href":"https:\/\/femama.org.br\/site\/wp-json\/wp\/v2\/media?parent=24261"}],"wp:term":[{"taxonomy":"category","embeddable":true,"href":"https:\/\/femama.org.br\/site\/wp-json\/wp\/v2\/categories?post=24261"},{"taxonomy":"post_tag","embeddable":true,"href":"https:\/\/femama.org.br\/site\/wp-json\/wp\/v2\/tags?post=24261"}],"curies":[{"name":"wp","href":"https:\/\/api.w.org\/{rel}","templated":true}]}}