{"id":24441,"date":"2023-08-15T16:06:30","date_gmt":"2023-08-15T19:06:30","guid":{"rendered":"https:\/\/femama.org.br\/site\/?p=24441"},"modified":"2023-08-15T16:06:41","modified_gmt":"2023-08-15T19:06:41","slug":"politica-nacional-do-cancer-uma-vitoria-para-os-pacientes-oncologicos","status":"publish","type":"post","link":"https:\/\/femama.org.br\/site\/noticias-recentes\/politica-nacional-do-cancer-uma-vitoria-para-os-pacientes-oncologicos\/","title":{"rendered":"POL\u00cdTICA NACIONAL DO C\u00c2NCER: UMA VIT\u00d3RIA PARA OS PACIENTES ONCOL\u00d3GICOS"},"content":{"rendered":"<p><span style=\"color: #000000;\">Ap\u00f3s intensa mobiliza\u00e7\u00e3o de institui\u00e7\u00f5es como a Femama e demais associadas ao Movimento Todos Juntos Contra o C\u00e2ncer, a C\u00e2mara dos Deputados, no dia 09 de agosto de 2023, aprovou o PL 2952\/22 que prev\u00ea a implementa\u00e7\u00e3o da Pol\u00edtica Nacional de Preven\u00e7\u00e3o e Controle do C\u00e2ncer no Sistema \u00danico de Sa\u00fade (SUS).<\/span><\/p>\n<p><span style=\"color: #000000;\">Dentre as inova\u00e7\u00f5es da Nova Pol\u00edtica destacasse a garantia de apoio psicol\u00f3gico e psiqui\u00e1trico para pessoas com suspeita ou confirma\u00e7\u00e3o de c\u00e2ncer e seus familiares; a busca pela incorpora\u00e7\u00e3o de tecnologias diagn\u00f3sticas e terap\u00eauticas mais precisas e menos invasivas; e a defesa da garantia de abastecimento de medicamentos oncol\u00f3gicos essenciais; entre outras.<\/span><\/p>\n<p><span style=\"color: #000000;\">O texto agora segue para aprecia\u00e7\u00e3o do Senado. Al\u00e9m disso, ser\u00e3o realizados Semin\u00e1rios estaduais para tratar do tema, nos quais a FEMAMA estar\u00e1 presente para levar a voz do paciente e seguir aprimorando o texto.<\/span><\/p>\n<p><span style=\"color: #000000;\">Acompanhe nossas redes sociais e fique atento \u00e0s pr\u00f3ximas mobiliza\u00e7\u00f5es da FEMAMA no Congresso Nacional!<\/span><\/p>\n","protected":false},"excerpt":{"rendered":"<p>Ap\u00f3s intensa mobiliza\u00e7\u00e3o de institui\u00e7\u00f5es como a Femama e demais associadas ao Movimento Todos Juntos Contra o C\u00e2ncer, a C\u00e2mara dos Deputados, no dia 09 de agosto de 2023, aprovou o PL 2952\/22 que prev\u00ea a implementa\u00e7\u00e3o da Pol\u00edtica Nacional de Preven\u00e7\u00e3o e Controle do C\u00e2ncer no Sistema \u00danico de Sa\u00fade (SUS). Dentre as inova\u00e7\u00f5es [&hellip;]<\/p>\n","protected":false},"author":7,"featured_media":24442,"comment_status":"open","ping_status":"closed","sticky":false,"template":"","format":"standard","meta":{"_acf_changed":false,"footnotes":""},"categories":[19,18,20,13,15],"tags":[],"class_list":["post-24441","post","type-post","status-publish","format-standard","has-post-thumbnail","hentry","category-advocacy","category-cancer-de-mama","category-direito-dos-pacientes","category-noticias-recentes","category-terceiro-setor"],"acf":[],"yoast_head":"<!-- This site is optimized with the Yoast SEO plugin v27.5 - https:\/\/yoast.com\/product\/yoast-seo-wordpress\/ -->\n<title>POL\u00cdTICA NACIONAL DO C\u00c2NCER: UMA VIT\u00d3RIA PARA OS PACIENTES ONCOL\u00d3GICOS | FEMAMA<\/title>\n<meta name=\"robots\" content=\"index, follow, max-snippet:-1, max-image-preview:large, max-video-preview:-1\" \/>\n<link rel=\"canonical\" href=\"https:\/\/femama.org.br\/site\/noticias-recentes\/politica-nacional-do-cancer-uma-vitoria-para-os-pacientes-oncologicos\/\" \/>\n<meta property=\"og:locale\" content=\"pt_BR\" \/>\n<meta property=\"og:type\" content=\"article\" \/>\n<meta property=\"og:title\" content=\"POL\u00cdTICA NACIONAL DO C\u00c2NCER: UMA VIT\u00d3RIA PARA OS PACIENTES ONCOL\u00d3GICOS | FEMAMA\" \/>\n<meta property=\"og:description\" content=\"Ap\u00f3s intensa mobiliza\u00e7\u00e3o de institui\u00e7\u00f5es como a Femama e demais associadas ao Movimento Todos Juntos Contra o C\u00e2ncer, a C\u00e2mara dos Deputados, no dia 09 de agosto de 2023, aprovou o PL 2952\/22 que prev\u00ea a implementa\u00e7\u00e3o da Pol\u00edtica Nacional de Preven\u00e7\u00e3o e Controle do C\u00e2ncer no Sistema \u00danico de Sa\u00fade (SUS). Dentre as inova\u00e7\u00f5es [&hellip;]\" \/>\n<meta property=\"og:url\" content=\"https:\/\/femama.org.br\/site\/noticias-recentes\/politica-nacional-do-cancer-uma-vitoria-para-os-pacientes-oncologicos\/\" \/>\n<meta property=\"og:site_name\" content=\"FEMAMA\" \/>\n<meta property=\"article:publisher\" content=\"https:\/\/www.facebook.com\/femamabrasil\" \/>\n<meta property=\"article:published_time\" content=\"2023-08-15T19:06:30+00:00\" \/>\n<meta property=\"article:modified_time\" content=\"2023-08-15T19:06:41+00:00\" \/>\n<meta property=\"og:image\" content=\"https:\/\/femama.org.br\/site\/wp-content\/uploads\/2023\/08\/post-2.png\" \/>\n\t<meta property=\"og:image:width\" content=\"1080\" \/>\n\t<meta property=\"og:image:height\" content=\"1080\" \/>\n\t<meta property=\"og:image:type\" content=\"image\/png\" \/>\n<meta name=\"author\" content=\"Femama\" \/>\n<meta name=\"twitter:card\" content=\"summary_large_image\" \/>\n<meta name=\"twitter:creator\" content=\"@femama_\" \/>\n<meta name=\"twitter:site\" content=\"@femama_\" \/>\n<meta name=\"twitter:label1\" content=\"Escrito por\" \/>\n\t<meta name=\"twitter:data1\" content=\"Femama\" \/>\n\t<meta name=\"twitter:label2\" content=\"Est. tempo de leitura\" \/>\n\t<meta name=\"twitter:data2\" content=\"1 minuto\" \/>\n<script type=\"application\/ld+json\" class=\"yoast-schema-graph\">{\"@context\":\"https:\\\/\\\/schema.org\",\"@graph\":[{\"@type\":\"Article\",\"@id\":\"https:\\\/\\\/femama.org.br\\\/site\\\/noticias-recentes\\\/politica-nacional-do-cancer-uma-vitoria-para-os-pacientes-oncologicos\\\/#article\",\"isPartOf\":{\"@id\":\"https:\\\/\\\/femama.org.br\\\/site\\\/noticias-recentes\\\/politica-nacional-do-cancer-uma-vitoria-para-os-pacientes-oncologicos\\\/\"},\"author\":{\"name\":\"Femama\",\"@id\":\"https:\\\/\\\/femama.org.br\\\/site\\\/#\\\/schema\\\/person\\\/ed83a17236fa12a9cfd26890f0e3474e\"},\"headline\":\"POL\u00cdTICA NACIONAL DO C\u00c2NCER: UMA VIT\u00d3RIA PARA OS PACIENTES ONCOL\u00d3GICOS\",\"datePublished\":\"2023-08-15T19:06:30+00:00\",\"dateModified\":\"2023-08-15T19:06:41+00:00\",\"mainEntityOfPage\":{\"@id\":\"https:\\\/\\\/femama.org.br\\\/site\\\/noticias-recentes\\\/politica-nacional-do-cancer-uma-vitoria-para-os-pacientes-oncologicos\\\/\"},\"wordCount\":191,\"commentCount\":0,\"publisher\":{\"@id\":\"https:\\\/\\\/femama.org.br\\\/site\\\/#organization\"},\"image\":{\"@id\":\"https:\\\/\\\/femama.org.br\\\/site\\\/noticias-recentes\\\/politica-nacional-do-cancer-uma-vitoria-para-os-pacientes-oncologicos\\\/#primaryimage\"},\"thumbnailUrl\":\"https:\\\/\\\/femama.org.br\\\/site\\\/wp-content\\\/uploads\\\/2023\\\/08\\\/post-2.png\",\"articleSection\":[\"Advocacy\",\"C\u00e2ncer de Mama\",\"Direito dos Pacientes\",\"Not\u00edcias recentes\",\"Terceiro Setor\"],\"inLanguage\":\"pt-BR\",\"potentialAction\":[{\"@type\":\"CommentAction\",\"name\":\"Comment\",\"target\":[\"https:\\\/\\\/femama.org.br\\\/site\\\/noticias-recentes\\\/politica-nacional-do-cancer-uma-vitoria-para-os-pacientes-oncologicos\\\/#respond\"]}]},{\"@type\":\"WebPage\",\"@id\":\"https:\\\/\\\/femama.org.br\\\/site\\\/noticias-recentes\\\/politica-nacional-do-cancer-uma-vitoria-para-os-pacientes-oncologicos\\\/\",\"url\":\"https:\\\/\\\/femama.org.br\\\/site\\\/noticias-recentes\\\/politica-nacional-do-cancer-uma-vitoria-para-os-pacientes-oncologicos\\\/\",\"name\":\"POL\u00cdTICA NACIONAL DO C\u00c2NCER: UMA VIT\u00d3RIA PARA OS PACIENTES ONCOL\u00d3GICOS | FEMAMA\",\"isPartOf\":{\"@id\":\"https:\\\/\\\/femama.org.br\\\/site\\\/#website\"},\"primaryImageOfPage\":{\"@id\":\"https:\\\/\\\/femama.org.br\\\/site\\\/noticias-recentes\\\/politica-nacional-do-cancer-uma-vitoria-para-os-pacientes-oncologicos\\\/#primaryimage\"},\"image\":{\"@id\":\"https:\\\/\\\/femama.org.br\\\/site\\\/noticias-recentes\\\/politica-nacional-do-cancer-uma-vitoria-para-os-pacientes-oncologicos\\\/#primaryimage\"},\"thumbnailUrl\":\"https:\\\/\\\/femama.org.br\\\/site\\\/wp-content\\\/uploads\\\/2023\\\/08\\\/post-2.png\",\"datePublished\":\"2023-08-15T19:06:30+00:00\",\"dateModified\":\"2023-08-15T19:06:41+00:00\",\"breadcrumb\":{\"@id\":\"https:\\\/\\\/femama.org.br\\\/site\\\/noticias-recentes\\\/politica-nacional-do-cancer-uma-vitoria-para-os-pacientes-oncologicos\\\/#breadcrumb\"},\"inLanguage\":\"pt-BR\",\"potentialAction\":[{\"@type\":\"ReadAction\",\"target\":[\"https:\\\/\\\/femama.org.br\\\/site\\\/noticias-recentes\\\/politica-nacional-do-cancer-uma-vitoria-para-os-pacientes-oncologicos\\\/\"]}]},{\"@type\":\"ImageObject\",\"inLanguage\":\"pt-BR\",\"@id\":\"https:\\\/\\\/femama.org.br\\\/site\\\/noticias-recentes\\\/politica-nacional-do-cancer-uma-vitoria-para-os-pacientes-oncologicos\\\/#primaryimage\",\"url\":\"https:\\\/\\\/femama.org.br\\\/site\\\/wp-content\\\/uploads\\\/2023\\\/08\\\/post-2.png\",\"contentUrl\":\"https:\\\/\\\/femama.org.br\\\/site\\\/wp-content\\\/uploads\\\/2023\\\/08\\\/post-2.png\",\"width\":1080,\"height\":1080},{\"@type\":\"BreadcrumbList\",\"@id\":\"https:\\\/\\\/femama.org.br\\\/site\\\/noticias-recentes\\\/politica-nacional-do-cancer-uma-vitoria-para-os-pacientes-oncologicos\\\/#breadcrumb\",\"itemListElement\":[{\"@type\":\"ListItem\",\"position\":1,\"name\":\"In\u00edcio\",\"item\":\"https:\\\/\\\/femama.org.br\\\/site\\\/\"},{\"@type\":\"ListItem\",\"position\":2,\"name\":\"POL\u00cdTICA NACIONAL DO C\u00c2NCER: UMA VIT\u00d3RIA PARA OS PACIENTES ONCOL\u00d3GICOS\"}]},{\"@type\":\"WebSite\",\"@id\":\"https:\\\/\\\/femama.org.br\\\/site\\\/#website\",\"url\":\"https:\\\/\\\/femama.org.br\\\/site\\\/\",\"name\":\"FEMAMA\",\"description\":\"Federa\u00e7\u00e3o Brasileira de Institui\u00e7\u00f5es Filantr\u00f3picas de Apoio \u00e0 Sa\u00fade da Mama | C\u00e2ncer de mama\",\"publisher\":{\"@id\":\"https:\\\/\\\/femama.org.br\\\/site\\\/#organization\"},\"potentialAction\":[{\"@type\":\"SearchAction\",\"target\":{\"@type\":\"EntryPoint\",\"urlTemplate\":\"https:\\\/\\\/femama.org.br\\\/site\\\/?s={search_term_string}\"},\"query-input\":{\"@type\":\"PropertyValueSpecification\",\"valueRequired\":true,\"valueName\":\"search_term_string\"}}],\"inLanguage\":\"pt-BR\"},{\"@type\":\"Organization\",\"@id\":\"https:\\\/\\\/femama.org.br\\\/site\\\/#organization\",\"name\":\"Femama | Federa\u00e7\u00e3o Brasileira de Institui\u00e7\u00f5es Filantr\u00f3picas de Apoio \u00e0 Sa\u00fade da Mama | C\u00e2ncer de mama\",\"url\":\"https:\\\/\\\/femama.org.br\\\/site\\\/\",\"logo\":{\"@type\":\"ImageObject\",\"inLanguage\":\"pt-BR\",\"@id\":\"https:\\\/\\\/femama.org.br\\\/site\\\/#\\\/schema\\\/logo\\\/image\\\/\",\"url\":\"https:\\\/\\\/femama.org.br\\\/site\\\/wp-content\\\/uploads\\\/2021\\\/12\\\/logotipo-femama-horizontal.png\",\"contentUrl\":\"https:\\\/\\\/femama.org.br\\\/site\\\/wp-content\\\/uploads\\\/2021\\\/12\\\/logotipo-femama-horizontal.png\",\"width\":300,\"height\":92,\"caption\":\"Femama | Federa\u00e7\u00e3o Brasileira de Institui\u00e7\u00f5es Filantr\u00f3picas de Apoio \u00e0 Sa\u00fade da Mama | C\u00e2ncer de mama\"},\"image\":{\"@id\":\"https:\\\/\\\/femama.org.br\\\/site\\\/#\\\/schema\\\/logo\\\/image\\\/\"},\"sameAs\":[\"https:\\\/\\\/www.facebook.com\\\/femamabrasil\",\"https:\\\/\\\/x.com\\\/femama_\",\"https:\\\/\\\/www.instagram.com\\\/femama.brasil\\\/\",\"https:\\\/\\\/www.youtube.com\\\/user\\\/femamaorg\"]},{\"@type\":\"Person\",\"@id\":\"https:\\\/\\\/femama.org.br\\\/site\\\/#\\\/schema\\\/person\\\/ed83a17236fa12a9cfd26890f0e3474e\",\"name\":\"Femama\",\"image\":{\"@type\":\"ImageObject\",\"inLanguage\":\"pt-BR\",\"@id\":\"https:\\\/\\\/secure.gravatar.com\\\/avatar\\\/fd7fd20674373e7845d94c5ca7e2b795136bf59683c50d1207584f3ec4caf04a?s=96&d=mm&r=g\",\"url\":\"https:\\\/\\\/secure.gravatar.com\\\/avatar\\\/fd7fd20674373e7845d94c5ca7e2b795136bf59683c50d1207584f3ec4caf04a?s=96&d=mm&r=g\",\"contentUrl\":\"https:\\\/\\\/secure.gravatar.com\\\/avatar\\\/fd7fd20674373e7845d94c5ca7e2b795136bf59683c50d1207584f3ec4caf04a?s=96&d=mm&r=g\",\"caption\":\"Femama\"}}]}<\/script>\n<!-- \/ Yoast SEO plugin. -->","yoast_head_json":{"title":"POL\u00cdTICA NACIONAL DO C\u00c2NCER: UMA VIT\u00d3RIA PARA OS PACIENTES ONCOL\u00d3GICOS | FEMAMA","robots":{"index":"index","follow":"follow","max-snippet":"max-snippet:-1","max-image-preview":"max-image-preview:large","max-video-preview":"max-video-preview:-1"},"canonical":"https:\/\/femama.org.br\/site\/noticias-recentes\/politica-nacional-do-cancer-uma-vitoria-para-os-pacientes-oncologicos\/","og_locale":"pt_BR","og_type":"article","og_title":"POL\u00cdTICA NACIONAL DO C\u00c2NCER: UMA VIT\u00d3RIA PARA OS PACIENTES ONCOL\u00d3GICOS | FEMAMA","og_description":"Ap\u00f3s intensa mobiliza\u00e7\u00e3o de institui\u00e7\u00f5es como a Femama e demais associadas ao Movimento Todos Juntos Contra o C\u00e2ncer, a C\u00e2mara dos Deputados, no dia 09 de agosto de 2023, aprovou o PL 2952\/22 que prev\u00ea a implementa\u00e7\u00e3o da Pol\u00edtica Nacional de Preven\u00e7\u00e3o e Controle do C\u00e2ncer no Sistema \u00danico de Sa\u00fade (SUS). Dentre as inova\u00e7\u00f5es [&hellip;]","og_url":"https:\/\/femama.org.br\/site\/noticias-recentes\/politica-nacional-do-cancer-uma-vitoria-para-os-pacientes-oncologicos\/","og_site_name":"FEMAMA","article_publisher":"https:\/\/www.facebook.com\/femamabrasil","article_published_time":"2023-08-15T19:06:30+00:00","article_modified_time":"2023-08-15T19:06:41+00:00","og_image":[{"width":1080,"height":1080,"url":"https:\/\/femama.org.br\/site\/wp-content\/uploads\/2023\/08\/post-2.png","type":"image\/png"}],"author":"Femama","twitter_card":"summary_large_image","twitter_creator":"@femama_","twitter_site":"@femama_","twitter_misc":{"Escrito por":"Femama","Est. tempo de leitura":"1 minuto"},"schema":{"@context":"https:\/\/schema.org","@graph":[{"@type":"Article","@id":"https:\/\/femama.org.br\/site\/noticias-recentes\/politica-nacional-do-cancer-uma-vitoria-para-os-pacientes-oncologicos\/#article","isPartOf":{"@id":"https:\/\/femama.org.br\/site\/noticias-recentes\/politica-nacional-do-cancer-uma-vitoria-para-os-pacientes-oncologicos\/"},"author":{"name":"Femama","@id":"https:\/\/femama.org.br\/site\/#\/schema\/person\/ed83a17236fa12a9cfd26890f0e3474e"},"headline":"POL\u00cdTICA NACIONAL DO C\u00c2NCER: UMA VIT\u00d3RIA PARA OS PACIENTES ONCOL\u00d3GICOS","datePublished":"2023-08-15T19:06:30+00:00","dateModified":"2023-08-15T19:06:41+00:00","mainEntityOfPage":{"@id":"https:\/\/femama.org.br\/site\/noticias-recentes\/politica-nacional-do-cancer-uma-vitoria-para-os-pacientes-oncologicos\/"},"wordCount":191,"commentCount":0,"publisher":{"@id":"https:\/\/femama.org.br\/site\/#organization"},"image":{"@id":"https:\/\/femama.org.br\/site\/noticias-recentes\/politica-nacional-do-cancer-uma-vitoria-para-os-pacientes-oncologicos\/#primaryimage"},"thumbnailUrl":"https:\/\/femama.org.br\/site\/wp-content\/uploads\/2023\/08\/post-2.png","articleSection":["Advocacy","C\u00e2ncer de Mama","Direito dos Pacientes","Not\u00edcias recentes","Terceiro Setor"],"inLanguage":"pt-BR","potentialAction":[{"@type":"CommentAction","name":"Comment","target":["https:\/\/femama.org.br\/site\/noticias-recentes\/politica-nacional-do-cancer-uma-vitoria-para-os-pacientes-oncologicos\/#respond"]}]},{"@type":"WebPage","@id":"https:\/\/femama.org.br\/site\/noticias-recentes\/politica-nacional-do-cancer-uma-vitoria-para-os-pacientes-oncologicos\/","url":"https:\/\/femama.org.br\/site\/noticias-recentes\/politica-nacional-do-cancer-uma-vitoria-para-os-pacientes-oncologicos\/","name":"POL\u00cdTICA NACIONAL DO C\u00c2NCER: UMA VIT\u00d3RIA PARA OS PACIENTES ONCOL\u00d3GICOS | FEMAMA","isPartOf":{"@id":"https:\/\/femama.org.br\/site\/#website"},"primaryImageOfPage":{"@id":"https:\/\/femama.org.br\/site\/noticias-recentes\/politica-nacional-do-cancer-uma-vitoria-para-os-pacientes-oncologicos\/#primaryimage"},"image":{"@id":"https:\/\/femama.org.br\/site\/noticias-recentes\/politica-nacional-do-cancer-uma-vitoria-para-os-pacientes-oncologicos\/#primaryimage"},"thumbnailUrl":"https:\/\/femama.org.br\/site\/wp-content\/uploads\/2023\/08\/post-2.png","datePublished":"2023-08-15T19:06:30+00:00","dateModified":"2023-08-15T19:06:41+00:00","breadcrumb":{"@id":"https:\/\/femama.org.br\/site\/noticias-recentes\/politica-nacional-do-cancer-uma-vitoria-para-os-pacientes-oncologicos\/#breadcrumb"},"inLanguage":"pt-BR","potentialAction":[{"@type":"ReadAction","target":["https:\/\/femama.org.br\/site\/noticias-recentes\/politica-nacional-do-cancer-uma-vitoria-para-os-pacientes-oncologicos\/"]}]},{"@type":"ImageObject","inLanguage":"pt-BR","@id":"https:\/\/femama.org.br\/site\/noticias-recentes\/politica-nacional-do-cancer-uma-vitoria-para-os-pacientes-oncologicos\/#primaryimage","url":"https:\/\/femama.org.br\/site\/wp-content\/uploads\/2023\/08\/post-2.png","contentUrl":"https:\/\/femama.org.br\/site\/wp-content\/uploads\/2023\/08\/post-2.png","width":1080,"height":1080},{"@type":"BreadcrumbList","@id":"https:\/\/femama.org.br\/site\/noticias-recentes\/politica-nacional-do-cancer-uma-vitoria-para-os-pacientes-oncologicos\/#breadcrumb","itemListElement":[{"@type":"ListItem","position":1,"name":"In\u00edcio","item":"https:\/\/femama.org.br\/site\/"},{"@type":"ListItem","position":2,"name":"POL\u00cdTICA NACIONAL DO C\u00c2NCER: UMA VIT\u00d3RIA PARA OS PACIENTES ONCOL\u00d3GICOS"}]},{"@type":"WebSite","@id":"https:\/\/femama.org.br\/site\/#website","url":"https:\/\/femama.org.br\/site\/","name":"FEMAMA","description":"Federa\u00e7\u00e3o Brasileira de Institui\u00e7\u00f5es Filantr\u00f3picas de Apoio \u00e0 Sa\u00fade da Mama | C\u00e2ncer de mama","publisher":{"@id":"https:\/\/femama.org.br\/site\/#organization"},"potentialAction":[{"@type":"SearchAction","target":{"@type":"EntryPoint","urlTemplate":"https:\/\/femama.org.br\/site\/?s={search_term_string}"},"query-input":{"@type":"PropertyValueSpecification","valueRequired":true,"valueName":"search_term_string"}}],"inLanguage":"pt-BR"},{"@type":"Organization","@id":"https:\/\/femama.org.br\/site\/#organization","name":"Femama | Federa\u00e7\u00e3o Brasileira de Institui\u00e7\u00f5es Filantr\u00f3picas de Apoio \u00e0 Sa\u00fade da Mama | C\u00e2ncer de mama","url":"https:\/\/femama.org.br\/site\/","logo":{"@type":"ImageObject","inLanguage":"pt-BR","@id":"https:\/\/femama.org.br\/site\/#\/schema\/logo\/image\/","url":"https:\/\/femama.org.br\/site\/wp-content\/uploads\/2021\/12\/logotipo-femama-horizontal.png","contentUrl":"https:\/\/femama.org.br\/site\/wp-content\/uploads\/2021\/12\/logotipo-femama-horizontal.png","width":300,"height":92,"caption":"Femama | Federa\u00e7\u00e3o Brasileira de Institui\u00e7\u00f5es Filantr\u00f3picas de Apoio \u00e0 Sa\u00fade da Mama | C\u00e2ncer de mama"},"image":{"@id":"https:\/\/femama.org.br\/site\/#\/schema\/logo\/image\/"},"sameAs":["https:\/\/www.facebook.com\/femamabrasil","https:\/\/x.com\/femama_","https:\/\/www.instagram.com\/femama.brasil\/","https:\/\/www.youtube.com\/user\/femamaorg"]},{"@type":"Person","@id":"https:\/\/femama.org.br\/site\/#\/schema\/person\/ed83a17236fa12a9cfd26890f0e3474e","name":"Femama","image":{"@type":"ImageObject","inLanguage":"pt-BR","@id":"https:\/\/secure.gravatar.com\/avatar\/fd7fd20674373e7845d94c5ca7e2b795136bf59683c50d1207584f3ec4caf04a?s=96&d=mm&r=g","url":"https:\/\/secure.gravatar.com\/avatar\/fd7fd20674373e7845d94c5ca7e2b795136bf59683c50d1207584f3ec4caf04a?s=96&d=mm&r=g","contentUrl":"https:\/\/secure.gravatar.com\/avatar\/fd7fd20674373e7845d94c5ca7e2b795136bf59683c50d1207584f3ec4caf04a?s=96&d=mm&r=g","caption":"Femama"}}]}},"_links":{"self":[{"href":"https:\/\/femama.org.br\/site\/wp-json\/wp\/v2\/posts\/24441","targetHints":{"allow":["GET"]}}],"collection":[{"href":"https:\/\/femama.org.br\/site\/wp-json\/wp\/v2\/posts"}],"about":[{"href":"https:\/\/femama.org.br\/site\/wp-json\/wp\/v2\/types\/post"}],"author":[{"embeddable":true,"href":"https:\/\/femama.org.br\/site\/wp-json\/wp\/v2\/users\/7"}],"replies":[{"embeddable":true,"href":"https:\/\/femama.org.br\/site\/wp-json\/wp\/v2\/comments?post=24441"}],"version-history":[{"count":1,"href":"https:\/\/femama.org.br\/site\/wp-json\/wp\/v2\/posts\/24441\/revisions"}],"predecessor-version":[{"id":24443,"href":"https:\/\/femama.org.br\/site\/wp-json\/wp\/v2\/posts\/24441\/revisions\/24443"}],"wp:featuredmedia":[{"embeddable":true,"href":"https:\/\/femama.org.br\/site\/wp-json\/wp\/v2\/media\/24442"}],"wp:attachment":[{"href":"https:\/\/femama.org.br\/site\/wp-json\/wp\/v2\/media?parent=24441"}],"wp:term":[{"taxonomy":"category","embeddable":true,"href":"https:\/\/femama.org.br\/site\/wp-json\/wp\/v2\/categories?post=24441"},{"taxonomy":"post_tag","embeddable":true,"href":"https:\/\/femama.org.br\/site\/wp-json\/wp\/v2\/tags?post=24441"}],"curies":[{"name":"wp","href":"https:\/\/api.w.org\/{rel}","templated":true}]}}