{"id":24484,"date":"2023-08-22T17:07:28","date_gmt":"2023-08-22T20:07:28","guid":{"rendered":"https:\/\/femama.org.br\/site\/?p=24484"},"modified":"2023-08-22T17:16:05","modified_gmt":"2023-08-22T20:16:05","slug":"lancado-o-novo-pac-da-saude","status":"publish","type":"post","link":"https:\/\/femama.org.br\/site\/noticias-recentes\/lancado-o-novo-pac-da-saude\/","title":{"rendered":"LAN\u00c7ADO O NOVO PAC DA SA\u00daDE"},"content":{"rendered":"<h4 style=\"text-align: center;\"><span style=\"color: #000000;\">PROGRAMA DE ACELERA\u00c7\u00c3O DO CRESCIMENTO PREV\u00ca INVESTIMENTOS PARA O SUS AT\u00c9 2027. \u00c0S ENTIDADES DO SETOR ONCOL\u00d3GICO, CABE AGORA CONHECER E ACOMPANHAR AS A\u00c7\u00d5ES.<\/span><\/h4>\n<p>&nbsp;<\/p>\n<p><span style=\"color: #000000;\">Novo Programa de Acelera\u00e7\u00e3o do Crescimento (Novo PAC) ter\u00e1 um eixo dedicado \u00e0 sa\u00fade. O plano de investimentos do governo federal ter\u00e1 como pilares para sa\u00fade a aten\u00e7\u00e3o prim\u00e1ria, a aten\u00e7\u00e3o especializada, a prepara\u00e7\u00e3o para emerg\u00eancias em sa\u00fade, o complexo econ\u00f4mico-industrial da sa\u00fade e a telessa\u00fade.<\/span><\/p>\n<p><span style=\"color: #000000;\">Na aten\u00e7\u00e3o prim\u00e1ria, prev\u00ea uma expans\u00e3o da cobertura do SUS, com vistas a alcan\u00e7ar 73,1% da popula\u00e7\u00e3o brasileira por meio da cria\u00e7\u00e3o de 4.500 novas equipes de Sa\u00fade da Fam\u00edlia.<\/span><\/p>\n<p><span style=\"color: #000000;\">Especificamente sobre o setor oncol\u00f3gico, h\u00e1 destaque para investimentos de R$ 994 milh\u00f5es no Instituto Nacional do C\u00e2ncer (INCA), ampliando a oferta de servi\u00e7os e pesquisa para combate ao c\u00e2ncer, equipamentos radioterapia, leitos de interna\u00e7\u00e3o, salas cir\u00fargicas e poltronas de quimioterapia.\u00a0H\u00e1 tamb\u00e9m previs\u00e3o de R$ 605 milh\u00f5es em radioterapia, iniciando a segunda fase do Plano de Expans\u00e3o da Radioterapia no SUS e concluindo entregas da primeira fase.<\/span><\/p>\n<p><span style=\"color: #000000;\">A FEMAMA, que tem como prioridade o acompanhamento das melhorias na aten\u00e7\u00e3o prim\u00e1ria e das medidas de garantia da detec\u00e7\u00e3o precoce do c\u00e2ncer e in\u00edcio do tratamento em at\u00e9 60 dias para o paciente, seguir\u00e1 monitorando os investimentos previstos.<\/span><\/p>\n<p><span style=\"color: #000000;\">Acompanhe nossas redes sociais e fique atento \u00e0s pr\u00f3ximas mobiliza\u00e7\u00f5es da FEMAMA junto ao Minist\u00e9rio da Sa\u00fade, Estados e Munic\u00edpios!<\/span><\/p>\n","protected":false},"excerpt":{"rendered":"<p>PROGRAMA DE ACELERA\u00c7\u00c3O DO CRESCIMENTO PREV\u00ca INVESTIMENTOS PARA O SUS AT\u00c9 2027. \u00c0S ENTIDADES DO SETOR ONCOL\u00d3GICO, CABE AGORA CONHECER E ACOMPANHAR AS A\u00c7\u00d5ES. &nbsp; Novo Programa de Acelera\u00e7\u00e3o do Crescimento (Novo PAC) ter\u00e1 um eixo dedicado \u00e0 sa\u00fade. O plano de investimentos do governo federal ter\u00e1 como pilares para sa\u00fade a aten\u00e7\u00e3o prim\u00e1ria, a [&hellip;]<\/p>\n","protected":false},"author":7,"featured_media":24485,"comment_status":"open","ping_status":"closed","sticky":false,"template":"","format":"standard","meta":{"_acf_changed":false,"footnotes":""},"categories":[19,13],"tags":[],"class_list":["post-24484","post","type-post","status-publish","format-standard","has-post-thumbnail","hentry","category-advocacy","category-noticias-recentes"],"acf":[],"yoast_head":"<!-- This site is optimized with the Yoast SEO plugin v27.5 - https:\/\/yoast.com\/product\/yoast-seo-wordpress\/ -->\n<title>LAN\u00c7ADO O NOVO PAC DA SA\u00daDE | FEMAMA<\/title>\n<meta name=\"robots\" content=\"index, follow, max-snippet:-1, max-image-preview:large, max-video-preview:-1\" \/>\n<link rel=\"canonical\" href=\"https:\/\/femama.org.br\/site\/noticias-recentes\/lancado-o-novo-pac-da-saude\/\" \/>\n<meta property=\"og:locale\" content=\"pt_BR\" \/>\n<meta property=\"og:type\" content=\"article\" \/>\n<meta property=\"og:title\" content=\"LAN\u00c7ADO O NOVO PAC DA SA\u00daDE | FEMAMA\" \/>\n<meta property=\"og:description\" content=\"PROGRAMA DE ACELERA\u00c7\u00c3O DO CRESCIMENTO PREV\u00ca INVESTIMENTOS PARA O SUS AT\u00c9 2027. \u00c0S ENTIDADES DO SETOR ONCOL\u00d3GICO, CABE AGORA CONHECER E ACOMPANHAR AS A\u00c7\u00d5ES. &nbsp; Novo Programa de Acelera\u00e7\u00e3o do Crescimento (Novo PAC) ter\u00e1 um eixo dedicado \u00e0 sa\u00fade. O plano de investimentos do governo federal ter\u00e1 como pilares para sa\u00fade a aten\u00e7\u00e3o prim\u00e1ria, a [&hellip;]\" \/>\n<meta property=\"og:url\" content=\"https:\/\/femama.org.br\/site\/noticias-recentes\/lancado-o-novo-pac-da-saude\/\" \/>\n<meta property=\"og:site_name\" content=\"FEMAMA\" \/>\n<meta property=\"article:publisher\" content=\"https:\/\/www.facebook.com\/femamabrasil\" \/>\n<meta property=\"article:published_time\" content=\"2023-08-22T20:07:28+00:00\" \/>\n<meta property=\"article:modified_time\" content=\"2023-08-22T20:16:05+00:00\" \/>\n<meta property=\"og:image\" content=\"https:\/\/femama.org.br\/site\/wp-content\/uploads\/2023\/08\/post-4.png\" \/>\n\t<meta property=\"og:image:width\" content=\"1080\" \/>\n\t<meta property=\"og:image:height\" content=\"1080\" \/>\n\t<meta property=\"og:image:type\" content=\"image\/png\" \/>\n<meta name=\"author\" content=\"Femama\" \/>\n<meta name=\"twitter:card\" content=\"summary_large_image\" \/>\n<meta name=\"twitter:creator\" content=\"@femama_\" \/>\n<meta name=\"twitter:site\" content=\"@femama_\" \/>\n<meta name=\"twitter:label1\" content=\"Escrito por\" \/>\n\t<meta name=\"twitter:data1\" content=\"Femama\" \/>\n\t<meta name=\"twitter:label2\" content=\"Est. tempo de leitura\" \/>\n\t<meta name=\"twitter:data2\" content=\"2 minutos\" \/>\n<script type=\"application\/ld+json\" class=\"yoast-schema-graph\">{\"@context\":\"https:\\\/\\\/schema.org\",\"@graph\":[{\"@type\":\"Article\",\"@id\":\"https:\\\/\\\/femama.org.br\\\/site\\\/noticias-recentes\\\/lancado-o-novo-pac-da-saude\\\/#article\",\"isPartOf\":{\"@id\":\"https:\\\/\\\/femama.org.br\\\/site\\\/noticias-recentes\\\/lancado-o-novo-pac-da-saude\\\/\"},\"author\":{\"name\":\"Femama\",\"@id\":\"https:\\\/\\\/femama.org.br\\\/site\\\/#\\\/schema\\\/person\\\/ed83a17236fa12a9cfd26890f0e3474e\"},\"headline\":\"LAN\u00c7ADO O NOVO PAC DA SA\u00daDE\",\"datePublished\":\"2023-08-22T20:07:28+00:00\",\"dateModified\":\"2023-08-22T20:16:05+00:00\",\"mainEntityOfPage\":{\"@id\":\"https:\\\/\\\/femama.org.br\\\/site\\\/noticias-recentes\\\/lancado-o-novo-pac-da-saude\\\/\"},\"wordCount\":273,\"commentCount\":0,\"publisher\":{\"@id\":\"https:\\\/\\\/femama.org.br\\\/site\\\/#organization\"},\"image\":{\"@id\":\"https:\\\/\\\/femama.org.br\\\/site\\\/noticias-recentes\\\/lancado-o-novo-pac-da-saude\\\/#primaryimage\"},\"thumbnailUrl\":\"https:\\\/\\\/femama.org.br\\\/site\\\/wp-content\\\/uploads\\\/2023\\\/08\\\/post-4.png\",\"articleSection\":[\"Advocacy\",\"Not\u00edcias recentes\"],\"inLanguage\":\"pt-BR\",\"potentialAction\":[{\"@type\":\"CommentAction\",\"name\":\"Comment\",\"target\":[\"https:\\\/\\\/femama.org.br\\\/site\\\/noticias-recentes\\\/lancado-o-novo-pac-da-saude\\\/#respond\"]}]},{\"@type\":\"WebPage\",\"@id\":\"https:\\\/\\\/femama.org.br\\\/site\\\/noticias-recentes\\\/lancado-o-novo-pac-da-saude\\\/\",\"url\":\"https:\\\/\\\/femama.org.br\\\/site\\\/noticias-recentes\\\/lancado-o-novo-pac-da-saude\\\/\",\"name\":\"LAN\u00c7ADO O NOVO PAC DA SA\u00daDE | FEMAMA\",\"isPartOf\":{\"@id\":\"https:\\\/\\\/femama.org.br\\\/site\\\/#website\"},\"primaryImageOfPage\":{\"@id\":\"https:\\\/\\\/femama.org.br\\\/site\\\/noticias-recentes\\\/lancado-o-novo-pac-da-saude\\\/#primaryimage\"},\"image\":{\"@id\":\"https:\\\/\\\/femama.org.br\\\/site\\\/noticias-recentes\\\/lancado-o-novo-pac-da-saude\\\/#primaryimage\"},\"thumbnailUrl\":\"https:\\\/\\\/femama.org.br\\\/site\\\/wp-content\\\/uploads\\\/2023\\\/08\\\/post-4.png\",\"datePublished\":\"2023-08-22T20:07:28+00:00\",\"dateModified\":\"2023-08-22T20:16:05+00:00\",\"breadcrumb\":{\"@id\":\"https:\\\/\\\/femama.org.br\\\/site\\\/noticias-recentes\\\/lancado-o-novo-pac-da-saude\\\/#breadcrumb\"},\"inLanguage\":\"pt-BR\",\"potentialAction\":[{\"@type\":\"ReadAction\",\"target\":[\"https:\\\/\\\/femama.org.br\\\/site\\\/noticias-recentes\\\/lancado-o-novo-pac-da-saude\\\/\"]}]},{\"@type\":\"ImageObject\",\"inLanguage\":\"pt-BR\",\"@id\":\"https:\\\/\\\/femama.org.br\\\/site\\\/noticias-recentes\\\/lancado-o-novo-pac-da-saude\\\/#primaryimage\",\"url\":\"https:\\\/\\\/femama.org.br\\\/site\\\/wp-content\\\/uploads\\\/2023\\\/08\\\/post-4.png\",\"contentUrl\":\"https:\\\/\\\/femama.org.br\\\/site\\\/wp-content\\\/uploads\\\/2023\\\/08\\\/post-4.png\",\"width\":1080,\"height\":1080},{\"@type\":\"BreadcrumbList\",\"@id\":\"https:\\\/\\\/femama.org.br\\\/site\\\/noticias-recentes\\\/lancado-o-novo-pac-da-saude\\\/#breadcrumb\",\"itemListElement\":[{\"@type\":\"ListItem\",\"position\":1,\"name\":\"In\u00edcio\",\"item\":\"https:\\\/\\\/femama.org.br\\\/site\\\/\"},{\"@type\":\"ListItem\",\"position\":2,\"name\":\"LAN\u00c7ADO O NOVO PAC DA SA\u00daDE\"}]},{\"@type\":\"WebSite\",\"@id\":\"https:\\\/\\\/femama.org.br\\\/site\\\/#website\",\"url\":\"https:\\\/\\\/femama.org.br\\\/site\\\/\",\"name\":\"FEMAMA\",\"description\":\"Federa\u00e7\u00e3o Brasileira de Institui\u00e7\u00f5es Filantr\u00f3picas de Apoio \u00e0 Sa\u00fade da Mama | C\u00e2ncer de mama\",\"publisher\":{\"@id\":\"https:\\\/\\\/femama.org.br\\\/site\\\/#organization\"},\"potentialAction\":[{\"@type\":\"SearchAction\",\"target\":{\"@type\":\"EntryPoint\",\"urlTemplate\":\"https:\\\/\\\/femama.org.br\\\/site\\\/?s={search_term_string}\"},\"query-input\":{\"@type\":\"PropertyValueSpecification\",\"valueRequired\":true,\"valueName\":\"search_term_string\"}}],\"inLanguage\":\"pt-BR\"},{\"@type\":\"Organization\",\"@id\":\"https:\\\/\\\/femama.org.br\\\/site\\\/#organization\",\"name\":\"Femama | Federa\u00e7\u00e3o Brasileira de Institui\u00e7\u00f5es Filantr\u00f3picas de Apoio \u00e0 Sa\u00fade da Mama | C\u00e2ncer de mama\",\"url\":\"https:\\\/\\\/femama.org.br\\\/site\\\/\",\"logo\":{\"@type\":\"ImageObject\",\"inLanguage\":\"pt-BR\",\"@id\":\"https:\\\/\\\/femama.org.br\\\/site\\\/#\\\/schema\\\/logo\\\/image\\\/\",\"url\":\"https:\\\/\\\/femama.org.br\\\/site\\\/wp-content\\\/uploads\\\/2021\\\/12\\\/logotipo-femama-horizontal.png\",\"contentUrl\":\"https:\\\/\\\/femama.org.br\\\/site\\\/wp-content\\\/uploads\\\/2021\\\/12\\\/logotipo-femama-horizontal.png\",\"width\":300,\"height\":92,\"caption\":\"Femama | Federa\u00e7\u00e3o Brasileira de Institui\u00e7\u00f5es Filantr\u00f3picas de Apoio \u00e0 Sa\u00fade da Mama | C\u00e2ncer de mama\"},\"image\":{\"@id\":\"https:\\\/\\\/femama.org.br\\\/site\\\/#\\\/schema\\\/logo\\\/image\\\/\"},\"sameAs\":[\"https:\\\/\\\/www.facebook.com\\\/femamabrasil\",\"https:\\\/\\\/x.com\\\/femama_\",\"https:\\\/\\\/www.instagram.com\\\/femama.brasil\\\/\",\"https:\\\/\\\/www.youtube.com\\\/user\\\/femamaorg\"]},{\"@type\":\"Person\",\"@id\":\"https:\\\/\\\/femama.org.br\\\/site\\\/#\\\/schema\\\/person\\\/ed83a17236fa12a9cfd26890f0e3474e\",\"name\":\"Femama\",\"image\":{\"@type\":\"ImageObject\",\"inLanguage\":\"pt-BR\",\"@id\":\"https:\\\/\\\/secure.gravatar.com\\\/avatar\\\/fd7fd20674373e7845d94c5ca7e2b795136bf59683c50d1207584f3ec4caf04a?s=96&d=mm&r=g\",\"url\":\"https:\\\/\\\/secure.gravatar.com\\\/avatar\\\/fd7fd20674373e7845d94c5ca7e2b795136bf59683c50d1207584f3ec4caf04a?s=96&d=mm&r=g\",\"contentUrl\":\"https:\\\/\\\/secure.gravatar.com\\\/avatar\\\/fd7fd20674373e7845d94c5ca7e2b795136bf59683c50d1207584f3ec4caf04a?s=96&d=mm&r=g\",\"caption\":\"Femama\"}}]}<\/script>\n<!-- \/ Yoast SEO plugin. -->","yoast_head_json":{"title":"LAN\u00c7ADO O NOVO PAC DA SA\u00daDE | FEMAMA","robots":{"index":"index","follow":"follow","max-snippet":"max-snippet:-1","max-image-preview":"max-image-preview:large","max-video-preview":"max-video-preview:-1"},"canonical":"https:\/\/femama.org.br\/site\/noticias-recentes\/lancado-o-novo-pac-da-saude\/","og_locale":"pt_BR","og_type":"article","og_title":"LAN\u00c7ADO O NOVO PAC DA SA\u00daDE | FEMAMA","og_description":"PROGRAMA DE ACELERA\u00c7\u00c3O DO CRESCIMENTO PREV\u00ca INVESTIMENTOS PARA O SUS AT\u00c9 2027. \u00c0S ENTIDADES DO SETOR ONCOL\u00d3GICO, CABE AGORA CONHECER E ACOMPANHAR AS A\u00c7\u00d5ES. &nbsp; Novo Programa de Acelera\u00e7\u00e3o do Crescimento (Novo PAC) ter\u00e1 um eixo dedicado \u00e0 sa\u00fade. O plano de investimentos do governo federal ter\u00e1 como pilares para sa\u00fade a aten\u00e7\u00e3o prim\u00e1ria, a [&hellip;]","og_url":"https:\/\/femama.org.br\/site\/noticias-recentes\/lancado-o-novo-pac-da-saude\/","og_site_name":"FEMAMA","article_publisher":"https:\/\/www.facebook.com\/femamabrasil","article_published_time":"2023-08-22T20:07:28+00:00","article_modified_time":"2023-08-22T20:16:05+00:00","og_image":[{"width":1080,"height":1080,"url":"https:\/\/femama.org.br\/site\/wp-content\/uploads\/2023\/08\/post-4.png","type":"image\/png"}],"author":"Femama","twitter_card":"summary_large_image","twitter_creator":"@femama_","twitter_site":"@femama_","twitter_misc":{"Escrito por":"Femama","Est. tempo de leitura":"2 minutos"},"schema":{"@context":"https:\/\/schema.org","@graph":[{"@type":"Article","@id":"https:\/\/femama.org.br\/site\/noticias-recentes\/lancado-o-novo-pac-da-saude\/#article","isPartOf":{"@id":"https:\/\/femama.org.br\/site\/noticias-recentes\/lancado-o-novo-pac-da-saude\/"},"author":{"name":"Femama","@id":"https:\/\/femama.org.br\/site\/#\/schema\/person\/ed83a17236fa12a9cfd26890f0e3474e"},"headline":"LAN\u00c7ADO O NOVO PAC DA SA\u00daDE","datePublished":"2023-08-22T20:07:28+00:00","dateModified":"2023-08-22T20:16:05+00:00","mainEntityOfPage":{"@id":"https:\/\/femama.org.br\/site\/noticias-recentes\/lancado-o-novo-pac-da-saude\/"},"wordCount":273,"commentCount":0,"publisher":{"@id":"https:\/\/femama.org.br\/site\/#organization"},"image":{"@id":"https:\/\/femama.org.br\/site\/noticias-recentes\/lancado-o-novo-pac-da-saude\/#primaryimage"},"thumbnailUrl":"https:\/\/femama.org.br\/site\/wp-content\/uploads\/2023\/08\/post-4.png","articleSection":["Advocacy","Not\u00edcias recentes"],"inLanguage":"pt-BR","potentialAction":[{"@type":"CommentAction","name":"Comment","target":["https:\/\/femama.org.br\/site\/noticias-recentes\/lancado-o-novo-pac-da-saude\/#respond"]}]},{"@type":"WebPage","@id":"https:\/\/femama.org.br\/site\/noticias-recentes\/lancado-o-novo-pac-da-saude\/","url":"https:\/\/femama.org.br\/site\/noticias-recentes\/lancado-o-novo-pac-da-saude\/","name":"LAN\u00c7ADO O NOVO PAC DA SA\u00daDE | FEMAMA","isPartOf":{"@id":"https:\/\/femama.org.br\/site\/#website"},"primaryImageOfPage":{"@id":"https:\/\/femama.org.br\/site\/noticias-recentes\/lancado-o-novo-pac-da-saude\/#primaryimage"},"image":{"@id":"https:\/\/femama.org.br\/site\/noticias-recentes\/lancado-o-novo-pac-da-saude\/#primaryimage"},"thumbnailUrl":"https:\/\/femama.org.br\/site\/wp-content\/uploads\/2023\/08\/post-4.png","datePublished":"2023-08-22T20:07:28+00:00","dateModified":"2023-08-22T20:16:05+00:00","breadcrumb":{"@id":"https:\/\/femama.org.br\/site\/noticias-recentes\/lancado-o-novo-pac-da-saude\/#breadcrumb"},"inLanguage":"pt-BR","potentialAction":[{"@type":"ReadAction","target":["https:\/\/femama.org.br\/site\/noticias-recentes\/lancado-o-novo-pac-da-saude\/"]}]},{"@type":"ImageObject","inLanguage":"pt-BR","@id":"https:\/\/femama.org.br\/site\/noticias-recentes\/lancado-o-novo-pac-da-saude\/#primaryimage","url":"https:\/\/femama.org.br\/site\/wp-content\/uploads\/2023\/08\/post-4.png","contentUrl":"https:\/\/femama.org.br\/site\/wp-content\/uploads\/2023\/08\/post-4.png","width":1080,"height":1080},{"@type":"BreadcrumbList","@id":"https:\/\/femama.org.br\/site\/noticias-recentes\/lancado-o-novo-pac-da-saude\/#breadcrumb","itemListElement":[{"@type":"ListItem","position":1,"name":"In\u00edcio","item":"https:\/\/femama.org.br\/site\/"},{"@type":"ListItem","position":2,"name":"LAN\u00c7ADO O NOVO PAC DA SA\u00daDE"}]},{"@type":"WebSite","@id":"https:\/\/femama.org.br\/site\/#website","url":"https:\/\/femama.org.br\/site\/","name":"FEMAMA","description":"Federa\u00e7\u00e3o Brasileira de Institui\u00e7\u00f5es Filantr\u00f3picas de Apoio \u00e0 Sa\u00fade da Mama | C\u00e2ncer de mama","publisher":{"@id":"https:\/\/femama.org.br\/site\/#organization"},"potentialAction":[{"@type":"SearchAction","target":{"@type":"EntryPoint","urlTemplate":"https:\/\/femama.org.br\/site\/?s={search_term_string}"},"query-input":{"@type":"PropertyValueSpecification","valueRequired":true,"valueName":"search_term_string"}}],"inLanguage":"pt-BR"},{"@type":"Organization","@id":"https:\/\/femama.org.br\/site\/#organization","name":"Femama | Federa\u00e7\u00e3o Brasileira de Institui\u00e7\u00f5es Filantr\u00f3picas de Apoio \u00e0 Sa\u00fade da Mama | C\u00e2ncer de mama","url":"https:\/\/femama.org.br\/site\/","logo":{"@type":"ImageObject","inLanguage":"pt-BR","@id":"https:\/\/femama.org.br\/site\/#\/schema\/logo\/image\/","url":"https:\/\/femama.org.br\/site\/wp-content\/uploads\/2021\/12\/logotipo-femama-horizontal.png","contentUrl":"https:\/\/femama.org.br\/site\/wp-content\/uploads\/2021\/12\/logotipo-femama-horizontal.png","width":300,"height":92,"caption":"Femama | Federa\u00e7\u00e3o Brasileira de Institui\u00e7\u00f5es Filantr\u00f3picas de Apoio \u00e0 Sa\u00fade da Mama | C\u00e2ncer de mama"},"image":{"@id":"https:\/\/femama.org.br\/site\/#\/schema\/logo\/image\/"},"sameAs":["https:\/\/www.facebook.com\/femamabrasil","https:\/\/x.com\/femama_","https:\/\/www.instagram.com\/femama.brasil\/","https:\/\/www.youtube.com\/user\/femamaorg"]},{"@type":"Person","@id":"https:\/\/femama.org.br\/site\/#\/schema\/person\/ed83a17236fa12a9cfd26890f0e3474e","name":"Femama","image":{"@type":"ImageObject","inLanguage":"pt-BR","@id":"https:\/\/secure.gravatar.com\/avatar\/fd7fd20674373e7845d94c5ca7e2b795136bf59683c50d1207584f3ec4caf04a?s=96&d=mm&r=g","url":"https:\/\/secure.gravatar.com\/avatar\/fd7fd20674373e7845d94c5ca7e2b795136bf59683c50d1207584f3ec4caf04a?s=96&d=mm&r=g","contentUrl":"https:\/\/secure.gravatar.com\/avatar\/fd7fd20674373e7845d94c5ca7e2b795136bf59683c50d1207584f3ec4caf04a?s=96&d=mm&r=g","caption":"Femama"}}]}},"_links":{"self":[{"href":"https:\/\/femama.org.br\/site\/wp-json\/wp\/v2\/posts\/24484","targetHints":{"allow":["GET"]}}],"collection":[{"href":"https:\/\/femama.org.br\/site\/wp-json\/wp\/v2\/posts"}],"about":[{"href":"https:\/\/femama.org.br\/site\/wp-json\/wp\/v2\/types\/post"}],"author":[{"embeddable":true,"href":"https:\/\/femama.org.br\/site\/wp-json\/wp\/v2\/users\/7"}],"replies":[{"embeddable":true,"href":"https:\/\/femama.org.br\/site\/wp-json\/wp\/v2\/comments?post=24484"}],"version-history":[{"count":3,"href":"https:\/\/femama.org.br\/site\/wp-json\/wp\/v2\/posts\/24484\/revisions"}],"predecessor-version":[{"id":24488,"href":"https:\/\/femama.org.br\/site\/wp-json\/wp\/v2\/posts\/24484\/revisions\/24488"}],"wp:featuredmedia":[{"embeddable":true,"href":"https:\/\/femama.org.br\/site\/wp-json\/wp\/v2\/media\/24485"}],"wp:attachment":[{"href":"https:\/\/femama.org.br\/site\/wp-json\/wp\/v2\/media?parent=24484"}],"wp:term":[{"taxonomy":"category","embeddable":true,"href":"https:\/\/femama.org.br\/site\/wp-json\/wp\/v2\/categories?post=24484"},{"taxonomy":"post_tag","embeddable":true,"href":"https:\/\/femama.org.br\/site\/wp-json\/wp\/v2\/tags?post=24484"}],"curies":[{"name":"wp","href":"https:\/\/api.w.org\/{rel}","templated":true}]}}