{"id":24864,"date":"2023-12-21T16:37:40","date_gmt":"2023-12-21T19:37:40","guid":{"rendered":"https:\/\/femama.org.br\/site\/?p=24864"},"modified":"2023-12-21T16:38:07","modified_gmt":"2023-12-21T19:38:07","slug":"politica-nacional-de-controle-do-cancer-agora-e-lei","status":"publish","type":"post","link":"https:\/\/femama.org.br\/site\/blog-da-femama\/politica-nacional-de-controle-do-cancer-agora-e-lei\/","title":{"rendered":"Pol\u00edtica Nacional de Controle do C\u00e2ncer: Agora \u00e9 Lei!"},"content":{"rendered":"<p><span style=\"color: #000000;\">O ano de 2023 foi um ano intenso para a sociedade civil organizada que luta por melhores condi\u00e7\u00f5es de atendimento a pessoas com c\u00e2ncer. Em diversas oportunidades ao longo do ano, as maiores organiza\u00e7\u00f5es do setor, sobretudo atrav\u00e9s do Movimento Todos Juntos Contra o C\u00e2ncer, atuaram em defesa do direito dos pacientes atrav\u00e9s de mobiliza\u00e7\u00f5es p\u00fablicas que envolveram os poderes legislativo e executivo, al\u00e9m de empresas socialmente respons\u00e1veis que tamb\u00e9m se engajaram na causa. Neste final de ano, podemos dizer que toda essa movimenta\u00e7\u00e3o n\u00e3o foi em v\u00e3o: a san\u00e7\u00e3o presidencial da Lei 14.758\/23 &#8211; Pol\u00edtica Nacional de Controle do C\u00e2ncer &#8211; no \u00faltimo dia 19 simbolizou as conquistas desse ano t\u00e3o importante, dando uma nova esperan\u00e7a aos pacientes com c\u00e2ncer.<\/span><\/p>\n<p>&nbsp;<\/p>\n<p><span style=\"color: #000000;\">A Pol\u00edtica Nacional agora sancionada \u00e9 o resultado de uma s\u00e9rie de debates sobre c\u00e2ncer que vem crescendo no Brasil, muito em fun\u00e7\u00e3o de uma tomada de consci\u00eancia social sobre os n\u00fameros alarmantes da doen\u00e7a no nosso pa\u00eds. A Pol\u00edtica, como uma constru\u00e7\u00e3o \u00e0 v\u00e1rias m\u00e3os, conseguiu materializar muitas demandas hist\u00f3ricas do setor. O refor\u00e7o nas a\u00e7\u00f5es de detec\u00e7\u00e3o precoce da doen\u00e7a, os cuidados paliativos para o al\u00edvio do sofrimento e tratamento da dor, o apoio psicol\u00f3gico a pacientes e familiares, e a obrigatoriedade do cuidado multidisciplinar, envolvendo nutri\u00e7\u00e3o, fisioterapia, servi\u00e7o social entre outros profissionais. Al\u00e9m disso, a Navega\u00e7\u00e3o de pacientes, entendida como o acompanhamento individualizado que ajuda a superar barreiras no processo de diagn\u00f3stico e tratamento tamb\u00e9m foi um avan\u00e7o importante previsto na Lei.<\/span><\/p>\n<p>&nbsp;<\/p>\n<p><span style=\"color: #000000;\">Por fim, a Lei tamb\u00e9m pretende resolver um desafio gigantesco para os pacientes oncol\u00f3gicos. Trata-se do acesso a medicamentos. Vigora hoje no Brasil um sistema em que muitas vezes um medicamento \u00e9 aprovado pelos \u00f3rg\u00e3os competentes, mas acaba n\u00e3o sendo efetivamente oferecido ao paciente do SUS por impasses financeiros e dificuldades de aquisi\u00e7\u00e3o pelo governo ou pelos hospitais. A Pol\u00edtica Nacional enfatiza os prazos m\u00e1ximos para que os medicamentos estejam dispon\u00edveis para quem mais precisa, oficializando um direito do paciente com c\u00e2ncer.<\/span><\/p>\n<p>&nbsp;<\/p>\n<p><span style=\"color: #000000;\">Para 2024, esperamos que a Lei 14.758\/23 possa ser regulamentada pelo Minist\u00e9rio da Sa\u00fade, de modo a se tornar uma realidade para os pacientes, fazendo justi\u00e7a ao esfor\u00e7o mobilizado at\u00e9 aqui para a constru\u00e7\u00e3o desse marco no direito \u00e0 sa\u00fade p\u00fablica no Brasil.<\/span><\/p>\n","protected":false},"excerpt":{"rendered":"<p>O ano de 2023 foi um ano intenso para a sociedade civil organizada que luta por melhores condi\u00e7\u00f5es de atendimento a pessoas com c\u00e2ncer. Em diversas oportunidades ao longo do ano, as maiores organiza\u00e7\u00f5es do setor, sobretudo atrav\u00e9s do Movimento Todos Juntos Contra o C\u00e2ncer, atuaram em defesa do direito dos pacientes atrav\u00e9s de mobiliza\u00e7\u00f5es [&hellip;]<\/p>\n","protected":false},"author":7,"featured_media":24865,"comment_status":"open","ping_status":"closed","sticky":false,"template":"","format":"standard","meta":{"_acf_changed":false,"footnotes":""},"categories":[22,26],"tags":[],"class_list":["post-24864","post","type-post","status-publish","format-standard","has-post-thumbnail","hentry","category-blog-da-femama","category-enfrentando-o-cancer"],"acf":[],"yoast_head":"<!-- This site is optimized with the Yoast SEO plugin v27.5 - https:\/\/yoast.com\/product\/yoast-seo-wordpress\/ -->\n<title>Pol\u00edtica Nacional de Controle do C\u00e2ncer: Agora \u00e9 Lei! | FEMAMA<\/title>\n<meta name=\"robots\" content=\"index, follow, max-snippet:-1, max-image-preview:large, max-video-preview:-1\" \/>\n<link rel=\"canonical\" href=\"https:\/\/femama.org.br\/site\/blog-da-femama\/politica-nacional-de-controle-do-cancer-agora-e-lei\/\" \/>\n<meta property=\"og:locale\" content=\"pt_BR\" \/>\n<meta property=\"og:type\" content=\"article\" \/>\n<meta property=\"og:title\" content=\"Pol\u00edtica Nacional de Controle do C\u00e2ncer: Agora \u00e9 Lei! | FEMAMA\" \/>\n<meta property=\"og:description\" content=\"O ano de 2023 foi um ano intenso para a sociedade civil organizada que luta por melhores condi\u00e7\u00f5es de atendimento a pessoas com c\u00e2ncer. Em diversas oportunidades ao longo do ano, as maiores organiza\u00e7\u00f5es do setor, sobretudo atrav\u00e9s do Movimento Todos Juntos Contra o C\u00e2ncer, atuaram em defesa do direito dos pacientes atrav\u00e9s de mobiliza\u00e7\u00f5es [&hellip;]\" \/>\n<meta property=\"og:url\" content=\"https:\/\/femama.org.br\/site\/blog-da-femama\/politica-nacional-de-controle-do-cancer-agora-e-lei\/\" \/>\n<meta property=\"og:site_name\" content=\"FEMAMA\" \/>\n<meta property=\"article:publisher\" content=\"https:\/\/www.facebook.com\/femamabrasil\" \/>\n<meta property=\"article:published_time\" content=\"2023-12-21T19:37:40+00:00\" \/>\n<meta property=\"article:modified_time\" content=\"2023-12-21T19:38:07+00:00\" \/>\n<meta property=\"og:image\" content=\"https:\/\/femama.org.br\/site\/wp-content\/uploads\/2023\/12\/Agora-e-lei-3.png\" \/>\n\t<meta property=\"og:image:width\" content=\"1080\" \/>\n\t<meta property=\"og:image:height\" content=\"1080\" \/>\n\t<meta property=\"og:image:type\" content=\"image\/png\" \/>\n<meta name=\"author\" content=\"Femama\" \/>\n<meta name=\"twitter:card\" content=\"summary_large_image\" \/>\n<meta name=\"twitter:creator\" content=\"@femama_\" \/>\n<meta name=\"twitter:site\" content=\"@femama_\" \/>\n<meta name=\"twitter:label1\" content=\"Escrito por\" \/>\n\t<meta name=\"twitter:data1\" content=\"Femama\" \/>\n\t<meta name=\"twitter:label2\" content=\"Est. tempo de leitura\" \/>\n\t<meta name=\"twitter:data2\" content=\"3 minutos\" \/>\n<script type=\"application\/ld+json\" class=\"yoast-schema-graph\">{\"@context\":\"https:\\\/\\\/schema.org\",\"@graph\":[{\"@type\":\"Article\",\"@id\":\"https:\\\/\\\/femama.org.br\\\/site\\\/blog-da-femama\\\/politica-nacional-de-controle-do-cancer-agora-e-lei\\\/#article\",\"isPartOf\":{\"@id\":\"https:\\\/\\\/femama.org.br\\\/site\\\/blog-da-femama\\\/politica-nacional-de-controle-do-cancer-agora-e-lei\\\/\"},\"author\":{\"name\":\"Femama\",\"@id\":\"https:\\\/\\\/femama.org.br\\\/site\\\/#\\\/schema\\\/person\\\/ed83a17236fa12a9cfd26890f0e3474e\"},\"headline\":\"Pol\u00edtica Nacional de Controle do C\u00e2ncer: Agora \u00e9 Lei!\",\"datePublished\":\"2023-12-21T19:37:40+00:00\",\"dateModified\":\"2023-12-21T19:38:07+00:00\",\"mainEntityOfPage\":{\"@id\":\"https:\\\/\\\/femama.org.br\\\/site\\\/blog-da-femama\\\/politica-nacional-de-controle-do-cancer-agora-e-lei\\\/\"},\"wordCount\":437,\"commentCount\":0,\"publisher\":{\"@id\":\"https:\\\/\\\/femama.org.br\\\/site\\\/#organization\"},\"image\":{\"@id\":\"https:\\\/\\\/femama.org.br\\\/site\\\/blog-da-femama\\\/politica-nacional-de-controle-do-cancer-agora-e-lei\\\/#primaryimage\"},\"thumbnailUrl\":\"https:\\\/\\\/femama.org.br\\\/site\\\/wp-content\\\/uploads\\\/2023\\\/12\\\/Agora-e-lei-3.png\",\"articleSection\":[\"Blog da Femama\",\"Enfrentando o c\u00e2ncer\"],\"inLanguage\":\"pt-BR\",\"potentialAction\":[{\"@type\":\"CommentAction\",\"name\":\"Comment\",\"target\":[\"https:\\\/\\\/femama.org.br\\\/site\\\/blog-da-femama\\\/politica-nacional-de-controle-do-cancer-agora-e-lei\\\/#respond\"]}]},{\"@type\":\"WebPage\",\"@id\":\"https:\\\/\\\/femama.org.br\\\/site\\\/blog-da-femama\\\/politica-nacional-de-controle-do-cancer-agora-e-lei\\\/\",\"url\":\"https:\\\/\\\/femama.org.br\\\/site\\\/blog-da-femama\\\/politica-nacional-de-controle-do-cancer-agora-e-lei\\\/\",\"name\":\"Pol\u00edtica Nacional de Controle do C\u00e2ncer: Agora \u00e9 Lei! | FEMAMA\",\"isPartOf\":{\"@id\":\"https:\\\/\\\/femama.org.br\\\/site\\\/#website\"},\"primaryImageOfPage\":{\"@id\":\"https:\\\/\\\/femama.org.br\\\/site\\\/blog-da-femama\\\/politica-nacional-de-controle-do-cancer-agora-e-lei\\\/#primaryimage\"},\"image\":{\"@id\":\"https:\\\/\\\/femama.org.br\\\/site\\\/blog-da-femama\\\/politica-nacional-de-controle-do-cancer-agora-e-lei\\\/#primaryimage\"},\"thumbnailUrl\":\"https:\\\/\\\/femama.org.br\\\/site\\\/wp-content\\\/uploads\\\/2023\\\/12\\\/Agora-e-lei-3.png\",\"datePublished\":\"2023-12-21T19:37:40+00:00\",\"dateModified\":\"2023-12-21T19:38:07+00:00\",\"breadcrumb\":{\"@id\":\"https:\\\/\\\/femama.org.br\\\/site\\\/blog-da-femama\\\/politica-nacional-de-controle-do-cancer-agora-e-lei\\\/#breadcrumb\"},\"inLanguage\":\"pt-BR\",\"potentialAction\":[{\"@type\":\"ReadAction\",\"target\":[\"https:\\\/\\\/femama.org.br\\\/site\\\/blog-da-femama\\\/politica-nacional-de-controle-do-cancer-agora-e-lei\\\/\"]}]},{\"@type\":\"ImageObject\",\"inLanguage\":\"pt-BR\",\"@id\":\"https:\\\/\\\/femama.org.br\\\/site\\\/blog-da-femama\\\/politica-nacional-de-controle-do-cancer-agora-e-lei\\\/#primaryimage\",\"url\":\"https:\\\/\\\/femama.org.br\\\/site\\\/wp-content\\\/uploads\\\/2023\\\/12\\\/Agora-e-lei-3.png\",\"contentUrl\":\"https:\\\/\\\/femama.org.br\\\/site\\\/wp-content\\\/uploads\\\/2023\\\/12\\\/Agora-e-lei-3.png\",\"width\":1080,\"height\":1080},{\"@type\":\"BreadcrumbList\",\"@id\":\"https:\\\/\\\/femama.org.br\\\/site\\\/blog-da-femama\\\/politica-nacional-de-controle-do-cancer-agora-e-lei\\\/#breadcrumb\",\"itemListElement\":[{\"@type\":\"ListItem\",\"position\":1,\"name\":\"In\u00edcio\",\"item\":\"https:\\\/\\\/femama.org.br\\\/site\\\/\"},{\"@type\":\"ListItem\",\"position\":2,\"name\":\"Pol\u00edtica Nacional de Controle do C\u00e2ncer: Agora \u00e9 Lei!\"}]},{\"@type\":\"WebSite\",\"@id\":\"https:\\\/\\\/femama.org.br\\\/site\\\/#website\",\"url\":\"https:\\\/\\\/femama.org.br\\\/site\\\/\",\"name\":\"FEMAMA\",\"description\":\"Federa\u00e7\u00e3o Brasileira de Institui\u00e7\u00f5es Filantr\u00f3picas de Apoio \u00e0 Sa\u00fade da Mama | C\u00e2ncer de mama\",\"publisher\":{\"@id\":\"https:\\\/\\\/femama.org.br\\\/site\\\/#organization\"},\"potentialAction\":[{\"@type\":\"SearchAction\",\"target\":{\"@type\":\"EntryPoint\",\"urlTemplate\":\"https:\\\/\\\/femama.org.br\\\/site\\\/?s={search_term_string}\"},\"query-input\":{\"@type\":\"PropertyValueSpecification\",\"valueRequired\":true,\"valueName\":\"search_term_string\"}}],\"inLanguage\":\"pt-BR\"},{\"@type\":\"Organization\",\"@id\":\"https:\\\/\\\/femama.org.br\\\/site\\\/#organization\",\"name\":\"Femama | Federa\u00e7\u00e3o Brasileira de Institui\u00e7\u00f5es Filantr\u00f3picas de Apoio \u00e0 Sa\u00fade da Mama | C\u00e2ncer de mama\",\"url\":\"https:\\\/\\\/femama.org.br\\\/site\\\/\",\"logo\":{\"@type\":\"ImageObject\",\"inLanguage\":\"pt-BR\",\"@id\":\"https:\\\/\\\/femama.org.br\\\/site\\\/#\\\/schema\\\/logo\\\/image\\\/\",\"url\":\"https:\\\/\\\/femama.org.br\\\/site\\\/wp-content\\\/uploads\\\/2021\\\/12\\\/logotipo-femama-horizontal.png\",\"contentUrl\":\"https:\\\/\\\/femama.org.br\\\/site\\\/wp-content\\\/uploads\\\/2021\\\/12\\\/logotipo-femama-horizontal.png\",\"width\":300,\"height\":92,\"caption\":\"Femama | Federa\u00e7\u00e3o Brasileira de Institui\u00e7\u00f5es Filantr\u00f3picas de Apoio \u00e0 Sa\u00fade da Mama | C\u00e2ncer de mama\"},\"image\":{\"@id\":\"https:\\\/\\\/femama.org.br\\\/site\\\/#\\\/schema\\\/logo\\\/image\\\/\"},\"sameAs\":[\"https:\\\/\\\/www.facebook.com\\\/femamabrasil\",\"https:\\\/\\\/x.com\\\/femama_\",\"https:\\\/\\\/www.instagram.com\\\/femama.brasil\\\/\",\"https:\\\/\\\/www.youtube.com\\\/user\\\/femamaorg\"]},{\"@type\":\"Person\",\"@id\":\"https:\\\/\\\/femama.org.br\\\/site\\\/#\\\/schema\\\/person\\\/ed83a17236fa12a9cfd26890f0e3474e\",\"name\":\"Femama\",\"image\":{\"@type\":\"ImageObject\",\"inLanguage\":\"pt-BR\",\"@id\":\"https:\\\/\\\/secure.gravatar.com\\\/avatar\\\/fd7fd20674373e7845d94c5ca7e2b795136bf59683c50d1207584f3ec4caf04a?s=96&d=mm&r=g\",\"url\":\"https:\\\/\\\/secure.gravatar.com\\\/avatar\\\/fd7fd20674373e7845d94c5ca7e2b795136bf59683c50d1207584f3ec4caf04a?s=96&d=mm&r=g\",\"contentUrl\":\"https:\\\/\\\/secure.gravatar.com\\\/avatar\\\/fd7fd20674373e7845d94c5ca7e2b795136bf59683c50d1207584f3ec4caf04a?s=96&d=mm&r=g\",\"caption\":\"Femama\"}}]}<\/script>\n<!-- \/ Yoast SEO plugin. -->","yoast_head_json":{"title":"Pol\u00edtica Nacional de Controle do C\u00e2ncer: Agora \u00e9 Lei! | FEMAMA","robots":{"index":"index","follow":"follow","max-snippet":"max-snippet:-1","max-image-preview":"max-image-preview:large","max-video-preview":"max-video-preview:-1"},"canonical":"https:\/\/femama.org.br\/site\/blog-da-femama\/politica-nacional-de-controle-do-cancer-agora-e-lei\/","og_locale":"pt_BR","og_type":"article","og_title":"Pol\u00edtica Nacional de Controle do C\u00e2ncer: Agora \u00e9 Lei! | FEMAMA","og_description":"O ano de 2023 foi um ano intenso para a sociedade civil organizada que luta por melhores condi\u00e7\u00f5es de atendimento a pessoas com c\u00e2ncer. Em diversas oportunidades ao longo do ano, as maiores organiza\u00e7\u00f5es do setor, sobretudo atrav\u00e9s do Movimento Todos Juntos Contra o C\u00e2ncer, atuaram em defesa do direito dos pacientes atrav\u00e9s de mobiliza\u00e7\u00f5es [&hellip;]","og_url":"https:\/\/femama.org.br\/site\/blog-da-femama\/politica-nacional-de-controle-do-cancer-agora-e-lei\/","og_site_name":"FEMAMA","article_publisher":"https:\/\/www.facebook.com\/femamabrasil","article_published_time":"2023-12-21T19:37:40+00:00","article_modified_time":"2023-12-21T19:38:07+00:00","og_image":[{"width":1080,"height":1080,"url":"https:\/\/femama.org.br\/site\/wp-content\/uploads\/2023\/12\/Agora-e-lei-3.png","type":"image\/png"}],"author":"Femama","twitter_card":"summary_large_image","twitter_creator":"@femama_","twitter_site":"@femama_","twitter_misc":{"Escrito por":"Femama","Est. tempo de leitura":"3 minutos"},"schema":{"@context":"https:\/\/schema.org","@graph":[{"@type":"Article","@id":"https:\/\/femama.org.br\/site\/blog-da-femama\/politica-nacional-de-controle-do-cancer-agora-e-lei\/#article","isPartOf":{"@id":"https:\/\/femama.org.br\/site\/blog-da-femama\/politica-nacional-de-controle-do-cancer-agora-e-lei\/"},"author":{"name":"Femama","@id":"https:\/\/femama.org.br\/site\/#\/schema\/person\/ed83a17236fa12a9cfd26890f0e3474e"},"headline":"Pol\u00edtica Nacional de Controle do C\u00e2ncer: Agora \u00e9 Lei!","datePublished":"2023-12-21T19:37:40+00:00","dateModified":"2023-12-21T19:38:07+00:00","mainEntityOfPage":{"@id":"https:\/\/femama.org.br\/site\/blog-da-femama\/politica-nacional-de-controle-do-cancer-agora-e-lei\/"},"wordCount":437,"commentCount":0,"publisher":{"@id":"https:\/\/femama.org.br\/site\/#organization"},"image":{"@id":"https:\/\/femama.org.br\/site\/blog-da-femama\/politica-nacional-de-controle-do-cancer-agora-e-lei\/#primaryimage"},"thumbnailUrl":"https:\/\/femama.org.br\/site\/wp-content\/uploads\/2023\/12\/Agora-e-lei-3.png","articleSection":["Blog da Femama","Enfrentando o c\u00e2ncer"],"inLanguage":"pt-BR","potentialAction":[{"@type":"CommentAction","name":"Comment","target":["https:\/\/femama.org.br\/site\/blog-da-femama\/politica-nacional-de-controle-do-cancer-agora-e-lei\/#respond"]}]},{"@type":"WebPage","@id":"https:\/\/femama.org.br\/site\/blog-da-femama\/politica-nacional-de-controle-do-cancer-agora-e-lei\/","url":"https:\/\/femama.org.br\/site\/blog-da-femama\/politica-nacional-de-controle-do-cancer-agora-e-lei\/","name":"Pol\u00edtica Nacional de Controle do C\u00e2ncer: Agora \u00e9 Lei! | FEMAMA","isPartOf":{"@id":"https:\/\/femama.org.br\/site\/#website"},"primaryImageOfPage":{"@id":"https:\/\/femama.org.br\/site\/blog-da-femama\/politica-nacional-de-controle-do-cancer-agora-e-lei\/#primaryimage"},"image":{"@id":"https:\/\/femama.org.br\/site\/blog-da-femama\/politica-nacional-de-controle-do-cancer-agora-e-lei\/#primaryimage"},"thumbnailUrl":"https:\/\/femama.org.br\/site\/wp-content\/uploads\/2023\/12\/Agora-e-lei-3.png","datePublished":"2023-12-21T19:37:40+00:00","dateModified":"2023-12-21T19:38:07+00:00","breadcrumb":{"@id":"https:\/\/femama.org.br\/site\/blog-da-femama\/politica-nacional-de-controle-do-cancer-agora-e-lei\/#breadcrumb"},"inLanguage":"pt-BR","potentialAction":[{"@type":"ReadAction","target":["https:\/\/femama.org.br\/site\/blog-da-femama\/politica-nacional-de-controle-do-cancer-agora-e-lei\/"]}]},{"@type":"ImageObject","inLanguage":"pt-BR","@id":"https:\/\/femama.org.br\/site\/blog-da-femama\/politica-nacional-de-controle-do-cancer-agora-e-lei\/#primaryimage","url":"https:\/\/femama.org.br\/site\/wp-content\/uploads\/2023\/12\/Agora-e-lei-3.png","contentUrl":"https:\/\/femama.org.br\/site\/wp-content\/uploads\/2023\/12\/Agora-e-lei-3.png","width":1080,"height":1080},{"@type":"BreadcrumbList","@id":"https:\/\/femama.org.br\/site\/blog-da-femama\/politica-nacional-de-controle-do-cancer-agora-e-lei\/#breadcrumb","itemListElement":[{"@type":"ListItem","position":1,"name":"In\u00edcio","item":"https:\/\/femama.org.br\/site\/"},{"@type":"ListItem","position":2,"name":"Pol\u00edtica Nacional de Controle do C\u00e2ncer: Agora \u00e9 Lei!"}]},{"@type":"WebSite","@id":"https:\/\/femama.org.br\/site\/#website","url":"https:\/\/femama.org.br\/site\/","name":"FEMAMA","description":"Federa\u00e7\u00e3o Brasileira de Institui\u00e7\u00f5es Filantr\u00f3picas de Apoio \u00e0 Sa\u00fade da Mama | C\u00e2ncer de mama","publisher":{"@id":"https:\/\/femama.org.br\/site\/#organization"},"potentialAction":[{"@type":"SearchAction","target":{"@type":"EntryPoint","urlTemplate":"https:\/\/femama.org.br\/site\/?s={search_term_string}"},"query-input":{"@type":"PropertyValueSpecification","valueRequired":true,"valueName":"search_term_string"}}],"inLanguage":"pt-BR"},{"@type":"Organization","@id":"https:\/\/femama.org.br\/site\/#organization","name":"Femama | Federa\u00e7\u00e3o Brasileira de Institui\u00e7\u00f5es Filantr\u00f3picas de Apoio \u00e0 Sa\u00fade da Mama | C\u00e2ncer de mama","url":"https:\/\/femama.org.br\/site\/","logo":{"@type":"ImageObject","inLanguage":"pt-BR","@id":"https:\/\/femama.org.br\/site\/#\/schema\/logo\/image\/","url":"https:\/\/femama.org.br\/site\/wp-content\/uploads\/2021\/12\/logotipo-femama-horizontal.png","contentUrl":"https:\/\/femama.org.br\/site\/wp-content\/uploads\/2021\/12\/logotipo-femama-horizontal.png","width":300,"height":92,"caption":"Femama | Federa\u00e7\u00e3o Brasileira de Institui\u00e7\u00f5es Filantr\u00f3picas de Apoio \u00e0 Sa\u00fade da Mama | C\u00e2ncer de mama"},"image":{"@id":"https:\/\/femama.org.br\/site\/#\/schema\/logo\/image\/"},"sameAs":["https:\/\/www.facebook.com\/femamabrasil","https:\/\/x.com\/femama_","https:\/\/www.instagram.com\/femama.brasil\/","https:\/\/www.youtube.com\/user\/femamaorg"]},{"@type":"Person","@id":"https:\/\/femama.org.br\/site\/#\/schema\/person\/ed83a17236fa12a9cfd26890f0e3474e","name":"Femama","image":{"@type":"ImageObject","inLanguage":"pt-BR","@id":"https:\/\/secure.gravatar.com\/avatar\/fd7fd20674373e7845d94c5ca7e2b795136bf59683c50d1207584f3ec4caf04a?s=96&d=mm&r=g","url":"https:\/\/secure.gravatar.com\/avatar\/fd7fd20674373e7845d94c5ca7e2b795136bf59683c50d1207584f3ec4caf04a?s=96&d=mm&r=g","contentUrl":"https:\/\/secure.gravatar.com\/avatar\/fd7fd20674373e7845d94c5ca7e2b795136bf59683c50d1207584f3ec4caf04a?s=96&d=mm&r=g","caption":"Femama"}}]}},"_links":{"self":[{"href":"https:\/\/femama.org.br\/site\/wp-json\/wp\/v2\/posts\/24864","targetHints":{"allow":["GET"]}}],"collection":[{"href":"https:\/\/femama.org.br\/site\/wp-json\/wp\/v2\/posts"}],"about":[{"href":"https:\/\/femama.org.br\/site\/wp-json\/wp\/v2\/types\/post"}],"author":[{"embeddable":true,"href":"https:\/\/femama.org.br\/site\/wp-json\/wp\/v2\/users\/7"}],"replies":[{"embeddable":true,"href":"https:\/\/femama.org.br\/site\/wp-json\/wp\/v2\/comments?post=24864"}],"version-history":[{"count":2,"href":"https:\/\/femama.org.br\/site\/wp-json\/wp\/v2\/posts\/24864\/revisions"}],"predecessor-version":[{"id":24867,"href":"https:\/\/femama.org.br\/site\/wp-json\/wp\/v2\/posts\/24864\/revisions\/24867"}],"wp:featuredmedia":[{"embeddable":true,"href":"https:\/\/femama.org.br\/site\/wp-json\/wp\/v2\/media\/24865"}],"wp:attachment":[{"href":"https:\/\/femama.org.br\/site\/wp-json\/wp\/v2\/media?parent=24864"}],"wp:term":[{"taxonomy":"category","embeddable":true,"href":"https:\/\/femama.org.br\/site\/wp-json\/wp\/v2\/categories?post=24864"},{"taxonomy":"post_tag","embeddable":true,"href":"https:\/\/femama.org.br\/site\/wp-json\/wp\/v2\/tags?post=24864"}],"curies":[{"name":"wp","href":"https:\/\/api.w.org\/{rel}","templated":true}]}}