{"id":25019,"date":"2024-02-01T15:19:43","date_gmt":"2024-02-01T18:19:43","guid":{"rendered":"https:\/\/femama.org.br\/site\/?p=25019"},"modified":"2024-02-06T16:56:17","modified_gmt":"2024-02-06T19:56:17","slug":"webinar-tematico-como-estamos-planejando-a-politica-oncologica-no-brasil","status":"publish","type":"post","link":"https:\/\/femama.org.br\/site\/noticias-recentes\/webinar-tematico-como-estamos-planejando-a-politica-oncologica-no-brasil\/","title":{"rendered":"WEBINAR TEM\u00c1TICO: COMO ESTAMOS PLANEJANDO A POL\u00cdTICA ONCOL\u00d3GICA NO BRASIL?"},"content":{"rendered":"<p><span style=\"color: #000000;\"><span style=\"font-weight: 400;\">Em 2023, as organiza\u00e7\u00f5es da sociedade civil se mobilizaram de forma in\u00e9dita para levar o tema da oncologia para a 17\u00aa Confer\u00eancia Nacional de Sa\u00fade. Al\u00e9m disso, o <\/span><b>governo federal sancionou a Pol\u00edtica Nacional de Preven\u00e7\u00e3o e Controle do C\u00e2ncer<\/b><span style=\"font-weight: 400;\">, novo marco do setor. <\/span><b>Enquanto aguardamos o Plano Nacional de Sa\u00fade 2024-2027<\/b><span style=\"font-weight: 400;\">, que dever\u00e1 expressar os compromissos p\u00fablicos para o pr\u00f3ximo quadri\u00eanio, <\/span><b>\u00e9 importante conversarmos sobre as conquistas e os desafios para a pol\u00edtica oncol\u00f3gica no nosso pa\u00eds<\/b><span style=\"font-weight: 400;\">, estimando as perspectivas que temos pela frente.<\/span><\/span><\/p>\n<p><span style=\"color: #000000;\"><b>No dia 06 de fevereiro, \u00e0s 19H, temos um encontro marcado no canal da FEMAMA no YouTube <\/b><span style=\"font-weight: 400;\">para conversar sobre o planejamento da pol\u00edtica oncol\u00f3gica no Brasil. O evento conta com a contribui\u00e7\u00e3o de:<\/span><\/span><\/p>\n<p><span style=\"color: #000000;\"><b>Dra. Maira Caleffi<\/b><span style=\"font-weight: 400;\"> &#8211; Mastologista e chefe do N\u00facleo da Mama do Hospital Moinhos de Vento em Porto Alegre\/RS, Fundadora e Presidente Volunt\u00e1ria da FEMAMA, Presidente do Conselho de Administra\u00e7\u00e3o do IGCC e integrante do Conselho de Administra\u00e7\u00e3o da Uni\u00e3o Internacional de Controle do C\u00e2ncer (UICC).<\/span><span style=\"font-weight: 400;\">\u00a0<\/span><\/span><\/p>\n<p><span style=\"color: #000000;\"><strong>Dr. Roberto Gil &#8211;<\/strong> Diretor-geral do INCA. M\u00e9dico especialista em Oncologia Cl\u00ednica pelo INCA. Membro da American Society of Clinical Oncology (Asco) e Membro Titular da European Society of Clinical Oncology (Esmo).<\/span><\/p>\n<p><span style=\"color: #000000;\"><b>Priscila Torres<\/b><span style=\"font-weight: 400;\"> &#8211; Enfermeira, jornalista, patient advocacy da Biored Brasil e Conselheira Nacional de Sa\u00fade.<\/span><\/span><\/p>\n<p><span style=\"color: #000000;\"><b>Dra. Marisa Madi<\/b><span style=\"font-weight: 400;\"> &#8211; M\u00e9dica e Doutora em Ci\u00eancias da Sa\u00fade, Diretora-executiva da Sociedade Brasileira de Oncologia Cl\u00ednica (SBOC).<\/span><\/span><\/p>\n<p><span style=\"color: #800080;\"><a style=\"color: #800080;\" href=\"https:\/\/youtube.com\/live\/JhzU8d00J0M\"><span style=\"font-weight: 400;\">06\/02 &#8211; 19H NO CANAL DA FEMAMA NO YOUTUBE &#8211; TRANSMISS\u00c3O AO VIVO<\/span><\/a><\/span><\/p>\n","protected":false},"excerpt":{"rendered":"<p>Em 2023, as organiza\u00e7\u00f5es da sociedade civil se mobilizaram de forma in\u00e9dita para levar o tema da oncologia para a 17\u00aa Confer\u00eancia Nacional de Sa\u00fade. Al\u00e9m disso, o governo federal sancionou a Pol\u00edtica Nacional de Preven\u00e7\u00e3o e Controle do C\u00e2ncer, novo marco do setor. Enquanto aguardamos o Plano Nacional de Sa\u00fade 2024-2027, que dever\u00e1 expressar [&hellip;]<\/p>\n","protected":false},"author":7,"featured_media":25022,"comment_status":"open","ping_status":"closed","sticky":false,"template":"","format":"standard","meta":{"_acf_changed":false,"footnotes":""},"categories":[17,13,15],"tags":[],"class_list":["post-25019","post","type-post","status-publish","format-standard","has-post-thumbnail","hentry","category-institucional","category-noticias-recentes","category-terceiro-setor"],"acf":[],"yoast_head":"<!-- This site is optimized with the Yoast SEO plugin v27.5 - https:\/\/yoast.com\/product\/yoast-seo-wordpress\/ -->\n<title>WEBINAR TEM\u00c1TICO: COMO ESTAMOS PLANEJANDO A POL\u00cdTICA ONCOL\u00d3GICA NO BRASIL? | FEMAMA<\/title>\n<meta name=\"robots\" content=\"index, follow, max-snippet:-1, max-image-preview:large, max-video-preview:-1\" \/>\n<link rel=\"canonical\" href=\"https:\/\/femama.org.br\/site\/noticias-recentes\/webinar-tematico-como-estamos-planejando-a-politica-oncologica-no-brasil\/\" \/>\n<meta property=\"og:locale\" content=\"pt_BR\" \/>\n<meta property=\"og:type\" content=\"article\" \/>\n<meta property=\"og:title\" content=\"WEBINAR TEM\u00c1TICO: COMO ESTAMOS PLANEJANDO A POL\u00cdTICA ONCOL\u00d3GICA NO BRASIL? | FEMAMA\" \/>\n<meta property=\"og:description\" content=\"Em 2023, as organiza\u00e7\u00f5es da sociedade civil se mobilizaram de forma in\u00e9dita para levar o tema da oncologia para a 17\u00aa Confer\u00eancia Nacional de Sa\u00fade. Al\u00e9m disso, o governo federal sancionou a Pol\u00edtica Nacional de Preven\u00e7\u00e3o e Controle do C\u00e2ncer, novo marco do setor. Enquanto aguardamos o Plano Nacional de Sa\u00fade 2024-2027, que dever\u00e1 expressar [&hellip;]\" \/>\n<meta property=\"og:url\" content=\"https:\/\/femama.org.br\/site\/noticias-recentes\/webinar-tematico-como-estamos-planejando-a-politica-oncologica-no-brasil\/\" \/>\n<meta property=\"og:site_name\" content=\"FEMAMA\" \/>\n<meta property=\"article:publisher\" content=\"https:\/\/www.facebook.com\/femamabrasil\" \/>\n<meta property=\"article:published_time\" content=\"2024-02-01T18:19:43+00:00\" \/>\n<meta property=\"article:modified_time\" content=\"2024-02-06T19:56:17+00:00\" \/>\n<meta property=\"og:image\" content=\"https:\/\/femama.org.br\/site\/wp-content\/uploads\/2024\/02\/WhatsApp-Image-2024-02-01-at-15.19.00.jpeg\" \/>\n\t<meta property=\"og:image:width\" content=\"1486\" \/>\n\t<meta property=\"og:image:height\" content=\"538\" \/>\n\t<meta property=\"og:image:type\" content=\"image\/jpeg\" \/>\n<meta name=\"author\" content=\"Femama\" \/>\n<meta name=\"twitter:card\" content=\"summary_large_image\" \/>\n<meta name=\"twitter:creator\" content=\"@femama_\" \/>\n<meta name=\"twitter:site\" content=\"@femama_\" \/>\n<meta name=\"twitter:label1\" content=\"Escrito por\" \/>\n\t<meta name=\"twitter:data1\" content=\"Femama\" \/>\n\t<meta name=\"twitter:label2\" content=\"Est. tempo de leitura\" \/>\n\t<meta name=\"twitter:data2\" content=\"2 minutos\" \/>\n<script type=\"application\/ld+json\" class=\"yoast-schema-graph\">{\"@context\":\"https:\\\/\\\/schema.org\",\"@graph\":[{\"@type\":\"Article\",\"@id\":\"https:\\\/\\\/femama.org.br\\\/site\\\/noticias-recentes\\\/webinar-tematico-como-estamos-planejando-a-politica-oncologica-no-brasil\\\/#article\",\"isPartOf\":{\"@id\":\"https:\\\/\\\/femama.org.br\\\/site\\\/noticias-recentes\\\/webinar-tematico-como-estamos-planejando-a-politica-oncologica-no-brasil\\\/\"},\"author\":{\"name\":\"Femama\",\"@id\":\"https:\\\/\\\/femama.org.br\\\/site\\\/#\\\/schema\\\/person\\\/ed83a17236fa12a9cfd26890f0e3474e\"},\"headline\":\"WEBINAR TEM\u00c1TICO: COMO ESTAMOS PLANEJANDO A POL\u00cdTICA ONCOL\u00d3GICA NO BRASIL?\",\"datePublished\":\"2024-02-01T18:19:43+00:00\",\"dateModified\":\"2024-02-06T19:56:17+00:00\",\"mainEntityOfPage\":{\"@id\":\"https:\\\/\\\/femama.org.br\\\/site\\\/noticias-recentes\\\/webinar-tematico-como-estamos-planejando-a-politica-oncologica-no-brasil\\\/\"},\"wordCount\":285,\"commentCount\":0,\"publisher\":{\"@id\":\"https:\\\/\\\/femama.org.br\\\/site\\\/#organization\"},\"image\":{\"@id\":\"https:\\\/\\\/femama.org.br\\\/site\\\/noticias-recentes\\\/webinar-tematico-como-estamos-planejando-a-politica-oncologica-no-brasil\\\/#primaryimage\"},\"thumbnailUrl\":\"https:\\\/\\\/femama.org.br\\\/site\\\/wp-content\\\/uploads\\\/2024\\\/02\\\/WhatsApp-Image-2024-02-01-at-15.19.00.jpeg\",\"articleSection\":[\"Institucional\",\"Not\u00edcias recentes\",\"Terceiro Setor\"],\"inLanguage\":\"pt-BR\",\"potentialAction\":[{\"@type\":\"CommentAction\",\"name\":\"Comment\",\"target\":[\"https:\\\/\\\/femama.org.br\\\/site\\\/noticias-recentes\\\/webinar-tematico-como-estamos-planejando-a-politica-oncologica-no-brasil\\\/#respond\"]}]},{\"@type\":\"WebPage\",\"@id\":\"https:\\\/\\\/femama.org.br\\\/site\\\/noticias-recentes\\\/webinar-tematico-como-estamos-planejando-a-politica-oncologica-no-brasil\\\/\",\"url\":\"https:\\\/\\\/femama.org.br\\\/site\\\/noticias-recentes\\\/webinar-tematico-como-estamos-planejando-a-politica-oncologica-no-brasil\\\/\",\"name\":\"WEBINAR TEM\u00c1TICO: COMO ESTAMOS PLANEJANDO A POL\u00cdTICA ONCOL\u00d3GICA NO BRASIL? | FEMAMA\",\"isPartOf\":{\"@id\":\"https:\\\/\\\/femama.org.br\\\/site\\\/#website\"},\"primaryImageOfPage\":{\"@id\":\"https:\\\/\\\/femama.org.br\\\/site\\\/noticias-recentes\\\/webinar-tematico-como-estamos-planejando-a-politica-oncologica-no-brasil\\\/#primaryimage\"},\"image\":{\"@id\":\"https:\\\/\\\/femama.org.br\\\/site\\\/noticias-recentes\\\/webinar-tematico-como-estamos-planejando-a-politica-oncologica-no-brasil\\\/#primaryimage\"},\"thumbnailUrl\":\"https:\\\/\\\/femama.org.br\\\/site\\\/wp-content\\\/uploads\\\/2024\\\/02\\\/WhatsApp-Image-2024-02-01-at-15.19.00.jpeg\",\"datePublished\":\"2024-02-01T18:19:43+00:00\",\"dateModified\":\"2024-02-06T19:56:17+00:00\",\"breadcrumb\":{\"@id\":\"https:\\\/\\\/femama.org.br\\\/site\\\/noticias-recentes\\\/webinar-tematico-como-estamos-planejando-a-politica-oncologica-no-brasil\\\/#breadcrumb\"},\"inLanguage\":\"pt-BR\",\"potentialAction\":[{\"@type\":\"ReadAction\",\"target\":[\"https:\\\/\\\/femama.org.br\\\/site\\\/noticias-recentes\\\/webinar-tematico-como-estamos-planejando-a-politica-oncologica-no-brasil\\\/\"]}]},{\"@type\":\"ImageObject\",\"inLanguage\":\"pt-BR\",\"@id\":\"https:\\\/\\\/femama.org.br\\\/site\\\/noticias-recentes\\\/webinar-tematico-como-estamos-planejando-a-politica-oncologica-no-brasil\\\/#primaryimage\",\"url\":\"https:\\\/\\\/femama.org.br\\\/site\\\/wp-content\\\/uploads\\\/2024\\\/02\\\/WhatsApp-Image-2024-02-01-at-15.19.00.jpeg\",\"contentUrl\":\"https:\\\/\\\/femama.org.br\\\/site\\\/wp-content\\\/uploads\\\/2024\\\/02\\\/WhatsApp-Image-2024-02-01-at-15.19.00.jpeg\",\"width\":1486,\"height\":538},{\"@type\":\"BreadcrumbList\",\"@id\":\"https:\\\/\\\/femama.org.br\\\/site\\\/noticias-recentes\\\/webinar-tematico-como-estamos-planejando-a-politica-oncologica-no-brasil\\\/#breadcrumb\",\"itemListElement\":[{\"@type\":\"ListItem\",\"position\":1,\"name\":\"In\u00edcio\",\"item\":\"https:\\\/\\\/femama.org.br\\\/site\\\/\"},{\"@type\":\"ListItem\",\"position\":2,\"name\":\"WEBINAR TEM\u00c1TICO: COMO ESTAMOS PLANEJANDO A POL\u00cdTICA ONCOL\u00d3GICA NO BRASIL?\"}]},{\"@type\":\"WebSite\",\"@id\":\"https:\\\/\\\/femama.org.br\\\/site\\\/#website\",\"url\":\"https:\\\/\\\/femama.org.br\\\/site\\\/\",\"name\":\"FEMAMA\",\"description\":\"Federa\u00e7\u00e3o Brasileira de Institui\u00e7\u00f5es Filantr\u00f3picas de Apoio \u00e0 Sa\u00fade da Mama | C\u00e2ncer de mama\",\"publisher\":{\"@id\":\"https:\\\/\\\/femama.org.br\\\/site\\\/#organization\"},\"potentialAction\":[{\"@type\":\"SearchAction\",\"target\":{\"@type\":\"EntryPoint\",\"urlTemplate\":\"https:\\\/\\\/femama.org.br\\\/site\\\/?s={search_term_string}\"},\"query-input\":{\"@type\":\"PropertyValueSpecification\",\"valueRequired\":true,\"valueName\":\"search_term_string\"}}],\"inLanguage\":\"pt-BR\"},{\"@type\":\"Organization\",\"@id\":\"https:\\\/\\\/femama.org.br\\\/site\\\/#organization\",\"name\":\"Femama | Federa\u00e7\u00e3o Brasileira de Institui\u00e7\u00f5es Filantr\u00f3picas de Apoio \u00e0 Sa\u00fade da Mama | C\u00e2ncer de mama\",\"url\":\"https:\\\/\\\/femama.org.br\\\/site\\\/\",\"logo\":{\"@type\":\"ImageObject\",\"inLanguage\":\"pt-BR\",\"@id\":\"https:\\\/\\\/femama.org.br\\\/site\\\/#\\\/schema\\\/logo\\\/image\\\/\",\"url\":\"https:\\\/\\\/femama.org.br\\\/site\\\/wp-content\\\/uploads\\\/2021\\\/12\\\/logotipo-femama-horizontal.png\",\"contentUrl\":\"https:\\\/\\\/femama.org.br\\\/site\\\/wp-content\\\/uploads\\\/2021\\\/12\\\/logotipo-femama-horizontal.png\",\"width\":300,\"height\":92,\"caption\":\"Femama | Federa\u00e7\u00e3o Brasileira de Institui\u00e7\u00f5es Filantr\u00f3picas de Apoio \u00e0 Sa\u00fade da Mama | C\u00e2ncer de mama\"},\"image\":{\"@id\":\"https:\\\/\\\/femama.org.br\\\/site\\\/#\\\/schema\\\/logo\\\/image\\\/\"},\"sameAs\":[\"https:\\\/\\\/www.facebook.com\\\/femamabrasil\",\"https:\\\/\\\/x.com\\\/femama_\",\"https:\\\/\\\/www.instagram.com\\\/femama.brasil\\\/\",\"https:\\\/\\\/www.youtube.com\\\/user\\\/femamaorg\"]},{\"@type\":\"Person\",\"@id\":\"https:\\\/\\\/femama.org.br\\\/site\\\/#\\\/schema\\\/person\\\/ed83a17236fa12a9cfd26890f0e3474e\",\"name\":\"Femama\",\"image\":{\"@type\":\"ImageObject\",\"inLanguage\":\"pt-BR\",\"@id\":\"https:\\\/\\\/secure.gravatar.com\\\/avatar\\\/fd7fd20674373e7845d94c5ca7e2b795136bf59683c50d1207584f3ec4caf04a?s=96&d=mm&r=g\",\"url\":\"https:\\\/\\\/secure.gravatar.com\\\/avatar\\\/fd7fd20674373e7845d94c5ca7e2b795136bf59683c50d1207584f3ec4caf04a?s=96&d=mm&r=g\",\"contentUrl\":\"https:\\\/\\\/secure.gravatar.com\\\/avatar\\\/fd7fd20674373e7845d94c5ca7e2b795136bf59683c50d1207584f3ec4caf04a?s=96&d=mm&r=g\",\"caption\":\"Femama\"}}]}<\/script>\n<!-- \/ Yoast SEO plugin. -->","yoast_head_json":{"title":"WEBINAR TEM\u00c1TICO: COMO ESTAMOS PLANEJANDO A POL\u00cdTICA ONCOL\u00d3GICA NO BRASIL? | FEMAMA","robots":{"index":"index","follow":"follow","max-snippet":"max-snippet:-1","max-image-preview":"max-image-preview:large","max-video-preview":"max-video-preview:-1"},"canonical":"https:\/\/femama.org.br\/site\/noticias-recentes\/webinar-tematico-como-estamos-planejando-a-politica-oncologica-no-brasil\/","og_locale":"pt_BR","og_type":"article","og_title":"WEBINAR TEM\u00c1TICO: COMO ESTAMOS PLANEJANDO A POL\u00cdTICA ONCOL\u00d3GICA NO BRASIL? | FEMAMA","og_description":"Em 2023, as organiza\u00e7\u00f5es da sociedade civil se mobilizaram de forma in\u00e9dita para levar o tema da oncologia para a 17\u00aa Confer\u00eancia Nacional de Sa\u00fade. Al\u00e9m disso, o governo federal sancionou a Pol\u00edtica Nacional de Preven\u00e7\u00e3o e Controle do C\u00e2ncer, novo marco do setor. Enquanto aguardamos o Plano Nacional de Sa\u00fade 2024-2027, que dever\u00e1 expressar [&hellip;]","og_url":"https:\/\/femama.org.br\/site\/noticias-recentes\/webinar-tematico-como-estamos-planejando-a-politica-oncologica-no-brasil\/","og_site_name":"FEMAMA","article_publisher":"https:\/\/www.facebook.com\/femamabrasil","article_published_time":"2024-02-01T18:19:43+00:00","article_modified_time":"2024-02-06T19:56:17+00:00","og_image":[{"width":1486,"height":538,"url":"https:\/\/femama.org.br\/site\/wp-content\/uploads\/2024\/02\/WhatsApp-Image-2024-02-01-at-15.19.00.jpeg","type":"image\/jpeg"}],"author":"Femama","twitter_card":"summary_large_image","twitter_creator":"@femama_","twitter_site":"@femama_","twitter_misc":{"Escrito por":"Femama","Est. tempo de leitura":"2 minutos"},"schema":{"@context":"https:\/\/schema.org","@graph":[{"@type":"Article","@id":"https:\/\/femama.org.br\/site\/noticias-recentes\/webinar-tematico-como-estamos-planejando-a-politica-oncologica-no-brasil\/#article","isPartOf":{"@id":"https:\/\/femama.org.br\/site\/noticias-recentes\/webinar-tematico-como-estamos-planejando-a-politica-oncologica-no-brasil\/"},"author":{"name":"Femama","@id":"https:\/\/femama.org.br\/site\/#\/schema\/person\/ed83a17236fa12a9cfd26890f0e3474e"},"headline":"WEBINAR TEM\u00c1TICO: COMO ESTAMOS PLANEJANDO A POL\u00cdTICA ONCOL\u00d3GICA NO BRASIL?","datePublished":"2024-02-01T18:19:43+00:00","dateModified":"2024-02-06T19:56:17+00:00","mainEntityOfPage":{"@id":"https:\/\/femama.org.br\/site\/noticias-recentes\/webinar-tematico-como-estamos-planejando-a-politica-oncologica-no-brasil\/"},"wordCount":285,"commentCount":0,"publisher":{"@id":"https:\/\/femama.org.br\/site\/#organization"},"image":{"@id":"https:\/\/femama.org.br\/site\/noticias-recentes\/webinar-tematico-como-estamos-planejando-a-politica-oncologica-no-brasil\/#primaryimage"},"thumbnailUrl":"https:\/\/femama.org.br\/site\/wp-content\/uploads\/2024\/02\/WhatsApp-Image-2024-02-01-at-15.19.00.jpeg","articleSection":["Institucional","Not\u00edcias recentes","Terceiro Setor"],"inLanguage":"pt-BR","potentialAction":[{"@type":"CommentAction","name":"Comment","target":["https:\/\/femama.org.br\/site\/noticias-recentes\/webinar-tematico-como-estamos-planejando-a-politica-oncologica-no-brasil\/#respond"]}]},{"@type":"WebPage","@id":"https:\/\/femama.org.br\/site\/noticias-recentes\/webinar-tematico-como-estamos-planejando-a-politica-oncologica-no-brasil\/","url":"https:\/\/femama.org.br\/site\/noticias-recentes\/webinar-tematico-como-estamos-planejando-a-politica-oncologica-no-brasil\/","name":"WEBINAR TEM\u00c1TICO: COMO ESTAMOS PLANEJANDO A POL\u00cdTICA ONCOL\u00d3GICA NO BRASIL? | FEMAMA","isPartOf":{"@id":"https:\/\/femama.org.br\/site\/#website"},"primaryImageOfPage":{"@id":"https:\/\/femama.org.br\/site\/noticias-recentes\/webinar-tematico-como-estamos-planejando-a-politica-oncologica-no-brasil\/#primaryimage"},"image":{"@id":"https:\/\/femama.org.br\/site\/noticias-recentes\/webinar-tematico-como-estamos-planejando-a-politica-oncologica-no-brasil\/#primaryimage"},"thumbnailUrl":"https:\/\/femama.org.br\/site\/wp-content\/uploads\/2024\/02\/WhatsApp-Image-2024-02-01-at-15.19.00.jpeg","datePublished":"2024-02-01T18:19:43+00:00","dateModified":"2024-02-06T19:56:17+00:00","breadcrumb":{"@id":"https:\/\/femama.org.br\/site\/noticias-recentes\/webinar-tematico-como-estamos-planejando-a-politica-oncologica-no-brasil\/#breadcrumb"},"inLanguage":"pt-BR","potentialAction":[{"@type":"ReadAction","target":["https:\/\/femama.org.br\/site\/noticias-recentes\/webinar-tematico-como-estamos-planejando-a-politica-oncologica-no-brasil\/"]}]},{"@type":"ImageObject","inLanguage":"pt-BR","@id":"https:\/\/femama.org.br\/site\/noticias-recentes\/webinar-tematico-como-estamos-planejando-a-politica-oncologica-no-brasil\/#primaryimage","url":"https:\/\/femama.org.br\/site\/wp-content\/uploads\/2024\/02\/WhatsApp-Image-2024-02-01-at-15.19.00.jpeg","contentUrl":"https:\/\/femama.org.br\/site\/wp-content\/uploads\/2024\/02\/WhatsApp-Image-2024-02-01-at-15.19.00.jpeg","width":1486,"height":538},{"@type":"BreadcrumbList","@id":"https:\/\/femama.org.br\/site\/noticias-recentes\/webinar-tematico-como-estamos-planejando-a-politica-oncologica-no-brasil\/#breadcrumb","itemListElement":[{"@type":"ListItem","position":1,"name":"In\u00edcio","item":"https:\/\/femama.org.br\/site\/"},{"@type":"ListItem","position":2,"name":"WEBINAR TEM\u00c1TICO: COMO ESTAMOS PLANEJANDO A POL\u00cdTICA ONCOL\u00d3GICA NO BRASIL?"}]},{"@type":"WebSite","@id":"https:\/\/femama.org.br\/site\/#website","url":"https:\/\/femama.org.br\/site\/","name":"FEMAMA","description":"Federa\u00e7\u00e3o Brasileira de Institui\u00e7\u00f5es Filantr\u00f3picas de Apoio \u00e0 Sa\u00fade da Mama | C\u00e2ncer de mama","publisher":{"@id":"https:\/\/femama.org.br\/site\/#organization"},"potentialAction":[{"@type":"SearchAction","target":{"@type":"EntryPoint","urlTemplate":"https:\/\/femama.org.br\/site\/?s={search_term_string}"},"query-input":{"@type":"PropertyValueSpecification","valueRequired":true,"valueName":"search_term_string"}}],"inLanguage":"pt-BR"},{"@type":"Organization","@id":"https:\/\/femama.org.br\/site\/#organization","name":"Femama | Federa\u00e7\u00e3o Brasileira de Institui\u00e7\u00f5es Filantr\u00f3picas de Apoio \u00e0 Sa\u00fade da Mama | C\u00e2ncer de mama","url":"https:\/\/femama.org.br\/site\/","logo":{"@type":"ImageObject","inLanguage":"pt-BR","@id":"https:\/\/femama.org.br\/site\/#\/schema\/logo\/image\/","url":"https:\/\/femama.org.br\/site\/wp-content\/uploads\/2021\/12\/logotipo-femama-horizontal.png","contentUrl":"https:\/\/femama.org.br\/site\/wp-content\/uploads\/2021\/12\/logotipo-femama-horizontal.png","width":300,"height":92,"caption":"Femama | Federa\u00e7\u00e3o Brasileira de Institui\u00e7\u00f5es Filantr\u00f3picas de Apoio \u00e0 Sa\u00fade da Mama | C\u00e2ncer de mama"},"image":{"@id":"https:\/\/femama.org.br\/site\/#\/schema\/logo\/image\/"},"sameAs":["https:\/\/www.facebook.com\/femamabrasil","https:\/\/x.com\/femama_","https:\/\/www.instagram.com\/femama.brasil\/","https:\/\/www.youtube.com\/user\/femamaorg"]},{"@type":"Person","@id":"https:\/\/femama.org.br\/site\/#\/schema\/person\/ed83a17236fa12a9cfd26890f0e3474e","name":"Femama","image":{"@type":"ImageObject","inLanguage":"pt-BR","@id":"https:\/\/secure.gravatar.com\/avatar\/fd7fd20674373e7845d94c5ca7e2b795136bf59683c50d1207584f3ec4caf04a?s=96&d=mm&r=g","url":"https:\/\/secure.gravatar.com\/avatar\/fd7fd20674373e7845d94c5ca7e2b795136bf59683c50d1207584f3ec4caf04a?s=96&d=mm&r=g","contentUrl":"https:\/\/secure.gravatar.com\/avatar\/fd7fd20674373e7845d94c5ca7e2b795136bf59683c50d1207584f3ec4caf04a?s=96&d=mm&r=g","caption":"Femama"}}]}},"_links":{"self":[{"href":"https:\/\/femama.org.br\/site\/wp-json\/wp\/v2\/posts\/25019","targetHints":{"allow":["GET"]}}],"collection":[{"href":"https:\/\/femama.org.br\/site\/wp-json\/wp\/v2\/posts"}],"about":[{"href":"https:\/\/femama.org.br\/site\/wp-json\/wp\/v2\/types\/post"}],"author":[{"embeddable":true,"href":"https:\/\/femama.org.br\/site\/wp-json\/wp\/v2\/users\/7"}],"replies":[{"embeddable":true,"href":"https:\/\/femama.org.br\/site\/wp-json\/wp\/v2\/comments?post=25019"}],"version-history":[{"count":4,"href":"https:\/\/femama.org.br\/site\/wp-json\/wp\/v2\/posts\/25019\/revisions"}],"predecessor-version":[{"id":25056,"href":"https:\/\/femama.org.br\/site\/wp-json\/wp\/v2\/posts\/25019\/revisions\/25056"}],"wp:featuredmedia":[{"embeddable":true,"href":"https:\/\/femama.org.br\/site\/wp-json\/wp\/v2\/media\/25022"}],"wp:attachment":[{"href":"https:\/\/femama.org.br\/site\/wp-json\/wp\/v2\/media?parent=25019"}],"wp:term":[{"taxonomy":"category","embeddable":true,"href":"https:\/\/femama.org.br\/site\/wp-json\/wp\/v2\/categories?post=25019"},{"taxonomy":"post_tag","embeddable":true,"href":"https:\/\/femama.org.br\/site\/wp-json\/wp\/v2\/tags?post=25019"}],"curies":[{"name":"wp","href":"https:\/\/api.w.org\/{rel}","templated":true}]}}