{"id":25105,"date":"2024-02-21T17:51:01","date_gmt":"2024-02-21T20:51:01","guid":{"rendered":"https:\/\/femama.org.br\/site\/?p=25105"},"modified":"2024-02-21T17:51:01","modified_gmt":"2024-02-21T20:51:01","slug":"quanto-economizamos-com-a-prevencao-e-deteccao-precoce-do-cancer","status":"publish","type":"post","link":"https:\/\/femama.org.br\/site\/blog-da-femama\/quanto-economizamos-com-a-prevencao-e-deteccao-precoce-do-cancer\/","title":{"rendered":"Quanto economizamos com a preven\u00e7\u00e3o e detec\u00e7\u00e3o precoce do c\u00e2ncer?"},"content":{"rendered":"<p><span style=\"font-weight: 400; color: #000000;\">Quando falamos sobre preven\u00e7\u00e3o e detec\u00e7\u00e3o precoce do c\u00e2ncer n\u00e3o falamos apenas sobre ampliar as chances de vida, mas tamb\u00e9m sobre otimizar recursos, aliviar a sobrecarga nos servi\u00e7os de sa\u00fade e reduzir os gastos p\u00fablicos. Algumas das falas feitas durante o <\/span><a href=\"https:\/\/www.youtube.com\/watch?v=Nyi1goxRd7o\"><span style=\"font-weight: 400;\">evento em alus\u00e3o ao Dia Mundial do C\u00e2ncer<\/span><\/a><span style=\"font-weight: 400;\">,<span style=\"color: #000000;\"> proposto pelo INCA e realizado no dia 20\/02\/24 de maneira remota, refor\u00e7am esse ponto e colocam o assunto mais uma vez em discuss\u00e3o.<\/span><\/span><\/p>\n<p><span style=\"font-weight: 400; color: #000000;\">O diretor-geral do Inca, Roberto Gil, argumenta que os investimentos em preven\u00e7\u00e3o s\u00e3o uma forma de reduzir os custos com tratamentos, que costumam ser caros e apresentam tend\u00eancias crescentes: \u201cQual o nosso grande problema? N\u00f3s continuamos tendo um olhar muito grande para o tratamento da doen\u00e7a avan\u00e7ada, n\u00f3s estamos esgotando os nossos recursos no tratamento da doen\u00e7a avan\u00e7ada. Quando a gente faz isso a gente t\u00e1 diminuindo o nosso investimento no tratamento da doen\u00e7a localizada, no diagn\u00f3stico precoce, na preven\u00e7\u00e3o. O recurso \u00e9 finito.\u201d, avalia o diretor-geral do Inca.\u00a0<\/span><\/p>\n<p><span style=\"color: #000000;\"><span style=\"font-weight: 400;\">A preven\u00e7\u00e3o e a detec\u00e7\u00e3o precoce n\u00e3o apenas reduzem o n\u00famero de casos graves de c\u00e2ncer, mas tamb\u00e9m diminuem a necessidade de tratamentos intensivos e prolongados, aliviando a press\u00e3o sobre os sistemas de sa\u00fade.<\/span> <span style=\"font-weight: 400;\">Um dos aspectos mais promissores da medicina moderna \u00e9 a abordagem personalizada no diagn\u00f3stico e tratamento de doen\u00e7as cr\u00f4nicas. A testagem gen\u00e9tica, que est\u00e1 entre as pautas priorit\u00e1rias da FEMAMA, pode at\u00e9 parecer um investimento inicialmente elevado, por\u00e9m, antecipa cen\u00e1rios e permite uma atua\u00e7\u00e3o preventiva de maneira mais assertiva. O que afeta n\u00e3o somente os cofres p\u00fablicos como tamb\u00e9m a vida de\u00a0 pessoas que enfrentam ou podem vir a enfrentar uma situa\u00e7\u00e3o de c\u00e2ncer.<\/span><\/span><span style=\"font-weight: 400;\"><br \/>\n<\/span><\/p>\n","protected":false},"excerpt":{"rendered":"<p>Quando falamos sobre preven\u00e7\u00e3o e detec\u00e7\u00e3o precoce do c\u00e2ncer n\u00e3o falamos apenas sobre ampliar as chances de vida, mas tamb\u00e9m sobre otimizar recursos, aliviar a sobrecarga nos servi\u00e7os de sa\u00fade e reduzir os gastos p\u00fablicos. Algumas das falas feitas durante o evento em alus\u00e3o ao Dia Mundial do C\u00e2ncer, proposto pelo INCA e realizado no [&hellip;]<\/p>\n","protected":false},"author":7,"featured_media":25106,"comment_status":"open","ping_status":"closed","sticky":false,"template":"","format":"standard","meta":{"_acf_changed":false,"footnotes":""},"categories":[22,20,13,15],"tags":[],"class_list":["post-25105","post","type-post","status-publish","format-standard","has-post-thumbnail","hentry","category-blog-da-femama","category-direito-dos-pacientes","category-noticias-recentes","category-terceiro-setor"],"acf":[],"yoast_head":"<!-- This site is optimized with the Yoast SEO plugin v27.5 - https:\/\/yoast.com\/product\/yoast-seo-wordpress\/ -->\n<title>Quanto economizamos com a preven\u00e7\u00e3o e detec\u00e7\u00e3o precoce do c\u00e2ncer? | FEMAMA<\/title>\n<meta name=\"robots\" content=\"index, follow, max-snippet:-1, max-image-preview:large, max-video-preview:-1\" \/>\n<link rel=\"canonical\" href=\"https:\/\/femama.org.br\/site\/blog-da-femama\/quanto-economizamos-com-a-prevencao-e-deteccao-precoce-do-cancer\/\" \/>\n<meta property=\"og:locale\" content=\"pt_BR\" \/>\n<meta property=\"og:type\" content=\"article\" \/>\n<meta property=\"og:title\" content=\"Quanto economizamos com a preven\u00e7\u00e3o e detec\u00e7\u00e3o precoce do c\u00e2ncer? | FEMAMA\" \/>\n<meta property=\"og:description\" content=\"Quando falamos sobre preven\u00e7\u00e3o e detec\u00e7\u00e3o precoce do c\u00e2ncer n\u00e3o falamos apenas sobre ampliar as chances de vida, mas tamb\u00e9m sobre otimizar recursos, aliviar a sobrecarga nos servi\u00e7os de sa\u00fade e reduzir os gastos p\u00fablicos. Algumas das falas feitas durante o evento em alus\u00e3o ao Dia Mundial do C\u00e2ncer, proposto pelo INCA e realizado no [&hellip;]\" \/>\n<meta property=\"og:url\" content=\"https:\/\/femama.org.br\/site\/blog-da-femama\/quanto-economizamos-com-a-prevencao-e-deteccao-precoce-do-cancer\/\" \/>\n<meta property=\"og:site_name\" content=\"FEMAMA\" \/>\n<meta property=\"article:publisher\" content=\"https:\/\/www.facebook.com\/femamabrasil\" \/>\n<meta property=\"article:published_time\" content=\"2024-02-21T20:51:01+00:00\" \/>\n<meta property=\"og:image\" content=\"https:\/\/femama.org.br\/site\/wp-content\/uploads\/2024\/02\/post-site-1-1024x512.png\" \/>\n\t<meta property=\"og:image:width\" content=\"1024\" \/>\n\t<meta property=\"og:image:height\" content=\"512\" \/>\n\t<meta property=\"og:image:type\" content=\"image\/png\" \/>\n<meta name=\"author\" content=\"Femama\" \/>\n<meta name=\"twitter:card\" content=\"summary_large_image\" \/>\n<meta name=\"twitter:creator\" content=\"@femama_\" \/>\n<meta name=\"twitter:site\" content=\"@femama_\" \/>\n<meta name=\"twitter:label1\" content=\"Escrito por\" \/>\n\t<meta name=\"twitter:data1\" content=\"Femama\" \/>\n\t<meta name=\"twitter:label2\" content=\"Est. tempo de leitura\" \/>\n\t<meta name=\"twitter:data2\" content=\"2 minutos\" \/>\n<script type=\"application\/ld+json\" class=\"yoast-schema-graph\">{\"@context\":\"https:\\\/\\\/schema.org\",\"@graph\":[{\"@type\":\"Article\",\"@id\":\"https:\\\/\\\/femama.org.br\\\/site\\\/blog-da-femama\\\/quanto-economizamos-com-a-prevencao-e-deteccao-precoce-do-cancer\\\/#article\",\"isPartOf\":{\"@id\":\"https:\\\/\\\/femama.org.br\\\/site\\\/blog-da-femama\\\/quanto-economizamos-com-a-prevencao-e-deteccao-precoce-do-cancer\\\/\"},\"author\":{\"name\":\"Femama\",\"@id\":\"https:\\\/\\\/femama.org.br\\\/site\\\/#\\\/schema\\\/person\\\/ed83a17236fa12a9cfd26890f0e3474e\"},\"headline\":\"Quanto economizamos com a preven\u00e7\u00e3o e detec\u00e7\u00e3o precoce do c\u00e2ncer?\",\"datePublished\":\"2024-02-21T20:51:01+00:00\",\"mainEntityOfPage\":{\"@id\":\"https:\\\/\\\/femama.org.br\\\/site\\\/blog-da-femama\\\/quanto-economizamos-com-a-prevencao-e-deteccao-precoce-do-cancer\\\/\"},\"wordCount\":324,\"commentCount\":0,\"publisher\":{\"@id\":\"https:\\\/\\\/femama.org.br\\\/site\\\/#organization\"},\"image\":{\"@id\":\"https:\\\/\\\/femama.org.br\\\/site\\\/blog-da-femama\\\/quanto-economizamos-com-a-prevencao-e-deteccao-precoce-do-cancer\\\/#primaryimage\"},\"thumbnailUrl\":\"https:\\\/\\\/femama.org.br\\\/site\\\/wp-content\\\/uploads\\\/2024\\\/02\\\/post-site-1.png\",\"articleSection\":[\"Blog da Femama\",\"Direito dos Pacientes\",\"Not\u00edcias recentes\",\"Terceiro Setor\"],\"inLanguage\":\"pt-BR\",\"potentialAction\":[{\"@type\":\"CommentAction\",\"name\":\"Comment\",\"target\":[\"https:\\\/\\\/femama.org.br\\\/site\\\/blog-da-femama\\\/quanto-economizamos-com-a-prevencao-e-deteccao-precoce-do-cancer\\\/#respond\"]}]},{\"@type\":\"WebPage\",\"@id\":\"https:\\\/\\\/femama.org.br\\\/site\\\/blog-da-femama\\\/quanto-economizamos-com-a-prevencao-e-deteccao-precoce-do-cancer\\\/\",\"url\":\"https:\\\/\\\/femama.org.br\\\/site\\\/blog-da-femama\\\/quanto-economizamos-com-a-prevencao-e-deteccao-precoce-do-cancer\\\/\",\"name\":\"Quanto economizamos com a preven\u00e7\u00e3o e detec\u00e7\u00e3o precoce do c\u00e2ncer? | FEMAMA\",\"isPartOf\":{\"@id\":\"https:\\\/\\\/femama.org.br\\\/site\\\/#website\"},\"primaryImageOfPage\":{\"@id\":\"https:\\\/\\\/femama.org.br\\\/site\\\/blog-da-femama\\\/quanto-economizamos-com-a-prevencao-e-deteccao-precoce-do-cancer\\\/#primaryimage\"},\"image\":{\"@id\":\"https:\\\/\\\/femama.org.br\\\/site\\\/blog-da-femama\\\/quanto-economizamos-com-a-prevencao-e-deteccao-precoce-do-cancer\\\/#primaryimage\"},\"thumbnailUrl\":\"https:\\\/\\\/femama.org.br\\\/site\\\/wp-content\\\/uploads\\\/2024\\\/02\\\/post-site-1.png\",\"datePublished\":\"2024-02-21T20:51:01+00:00\",\"breadcrumb\":{\"@id\":\"https:\\\/\\\/femama.org.br\\\/site\\\/blog-da-femama\\\/quanto-economizamos-com-a-prevencao-e-deteccao-precoce-do-cancer\\\/#breadcrumb\"},\"inLanguage\":\"pt-BR\",\"potentialAction\":[{\"@type\":\"ReadAction\",\"target\":[\"https:\\\/\\\/femama.org.br\\\/site\\\/blog-da-femama\\\/quanto-economizamos-com-a-prevencao-e-deteccao-precoce-do-cancer\\\/\"]}]},{\"@type\":\"ImageObject\",\"inLanguage\":\"pt-BR\",\"@id\":\"https:\\\/\\\/femama.org.br\\\/site\\\/blog-da-femama\\\/quanto-economizamos-com-a-prevencao-e-deteccao-precoce-do-cancer\\\/#primaryimage\",\"url\":\"https:\\\/\\\/femama.org.br\\\/site\\\/wp-content\\\/uploads\\\/2024\\\/02\\\/post-site-1.png\",\"contentUrl\":\"https:\\\/\\\/femama.org.br\\\/site\\\/wp-content\\\/uploads\\\/2024\\\/02\\\/post-site-1.png\",\"width\":6912,\"height\":3456},{\"@type\":\"BreadcrumbList\",\"@id\":\"https:\\\/\\\/femama.org.br\\\/site\\\/blog-da-femama\\\/quanto-economizamos-com-a-prevencao-e-deteccao-precoce-do-cancer\\\/#breadcrumb\",\"itemListElement\":[{\"@type\":\"ListItem\",\"position\":1,\"name\":\"In\u00edcio\",\"item\":\"https:\\\/\\\/femama.org.br\\\/site\\\/\"},{\"@type\":\"ListItem\",\"position\":2,\"name\":\"Quanto economizamos com a preven\u00e7\u00e3o e detec\u00e7\u00e3o precoce do c\u00e2ncer?\"}]},{\"@type\":\"WebSite\",\"@id\":\"https:\\\/\\\/femama.org.br\\\/site\\\/#website\",\"url\":\"https:\\\/\\\/femama.org.br\\\/site\\\/\",\"name\":\"FEMAMA\",\"description\":\"Federa\u00e7\u00e3o Brasileira de Institui\u00e7\u00f5es Filantr\u00f3picas de Apoio \u00e0 Sa\u00fade da Mama | C\u00e2ncer de mama\",\"publisher\":{\"@id\":\"https:\\\/\\\/femama.org.br\\\/site\\\/#organization\"},\"potentialAction\":[{\"@type\":\"SearchAction\",\"target\":{\"@type\":\"EntryPoint\",\"urlTemplate\":\"https:\\\/\\\/femama.org.br\\\/site\\\/?s={search_term_string}\"},\"query-input\":{\"@type\":\"PropertyValueSpecification\",\"valueRequired\":true,\"valueName\":\"search_term_string\"}}],\"inLanguage\":\"pt-BR\"},{\"@type\":\"Organization\",\"@id\":\"https:\\\/\\\/femama.org.br\\\/site\\\/#organization\",\"name\":\"Femama | Federa\u00e7\u00e3o Brasileira de Institui\u00e7\u00f5es Filantr\u00f3picas de Apoio \u00e0 Sa\u00fade da Mama | C\u00e2ncer de mama\",\"url\":\"https:\\\/\\\/femama.org.br\\\/site\\\/\",\"logo\":{\"@type\":\"ImageObject\",\"inLanguage\":\"pt-BR\",\"@id\":\"https:\\\/\\\/femama.org.br\\\/site\\\/#\\\/schema\\\/logo\\\/image\\\/\",\"url\":\"https:\\\/\\\/femama.org.br\\\/site\\\/wp-content\\\/uploads\\\/2021\\\/12\\\/logotipo-femama-horizontal.png\",\"contentUrl\":\"https:\\\/\\\/femama.org.br\\\/site\\\/wp-content\\\/uploads\\\/2021\\\/12\\\/logotipo-femama-horizontal.png\",\"width\":300,\"height\":92,\"caption\":\"Femama | Federa\u00e7\u00e3o Brasileira de Institui\u00e7\u00f5es Filantr\u00f3picas de Apoio \u00e0 Sa\u00fade da Mama | C\u00e2ncer de mama\"},\"image\":{\"@id\":\"https:\\\/\\\/femama.org.br\\\/site\\\/#\\\/schema\\\/logo\\\/image\\\/\"},\"sameAs\":[\"https:\\\/\\\/www.facebook.com\\\/femamabrasil\",\"https:\\\/\\\/x.com\\\/femama_\",\"https:\\\/\\\/www.instagram.com\\\/femama.brasil\\\/\",\"https:\\\/\\\/www.youtube.com\\\/user\\\/femamaorg\"]},{\"@type\":\"Person\",\"@id\":\"https:\\\/\\\/femama.org.br\\\/site\\\/#\\\/schema\\\/person\\\/ed83a17236fa12a9cfd26890f0e3474e\",\"name\":\"Femama\",\"image\":{\"@type\":\"ImageObject\",\"inLanguage\":\"pt-BR\",\"@id\":\"https:\\\/\\\/secure.gravatar.com\\\/avatar\\\/fd7fd20674373e7845d94c5ca7e2b795136bf59683c50d1207584f3ec4caf04a?s=96&d=mm&r=g\",\"url\":\"https:\\\/\\\/secure.gravatar.com\\\/avatar\\\/fd7fd20674373e7845d94c5ca7e2b795136bf59683c50d1207584f3ec4caf04a?s=96&d=mm&r=g\",\"contentUrl\":\"https:\\\/\\\/secure.gravatar.com\\\/avatar\\\/fd7fd20674373e7845d94c5ca7e2b795136bf59683c50d1207584f3ec4caf04a?s=96&d=mm&r=g\",\"caption\":\"Femama\"}}]}<\/script>\n<!-- \/ Yoast SEO plugin. -->","yoast_head_json":{"title":"Quanto economizamos com a preven\u00e7\u00e3o e detec\u00e7\u00e3o precoce do c\u00e2ncer? | FEMAMA","robots":{"index":"index","follow":"follow","max-snippet":"max-snippet:-1","max-image-preview":"max-image-preview:large","max-video-preview":"max-video-preview:-1"},"canonical":"https:\/\/femama.org.br\/site\/blog-da-femama\/quanto-economizamos-com-a-prevencao-e-deteccao-precoce-do-cancer\/","og_locale":"pt_BR","og_type":"article","og_title":"Quanto economizamos com a preven\u00e7\u00e3o e detec\u00e7\u00e3o precoce do c\u00e2ncer? | FEMAMA","og_description":"Quando falamos sobre preven\u00e7\u00e3o e detec\u00e7\u00e3o precoce do c\u00e2ncer n\u00e3o falamos apenas sobre ampliar as chances de vida, mas tamb\u00e9m sobre otimizar recursos, aliviar a sobrecarga nos servi\u00e7os de sa\u00fade e reduzir os gastos p\u00fablicos. Algumas das falas feitas durante o evento em alus\u00e3o ao Dia Mundial do C\u00e2ncer, proposto pelo INCA e realizado no [&hellip;]","og_url":"https:\/\/femama.org.br\/site\/blog-da-femama\/quanto-economizamos-com-a-prevencao-e-deteccao-precoce-do-cancer\/","og_site_name":"FEMAMA","article_publisher":"https:\/\/www.facebook.com\/femamabrasil","article_published_time":"2024-02-21T20:51:01+00:00","og_image":[{"width":1024,"height":512,"url":"https:\/\/femama.org.br\/site\/wp-content\/uploads\/2024\/02\/post-site-1-1024x512.png","type":"image\/png"}],"author":"Femama","twitter_card":"summary_large_image","twitter_creator":"@femama_","twitter_site":"@femama_","twitter_misc":{"Escrito por":"Femama","Est. tempo de leitura":"2 minutos"},"schema":{"@context":"https:\/\/schema.org","@graph":[{"@type":"Article","@id":"https:\/\/femama.org.br\/site\/blog-da-femama\/quanto-economizamos-com-a-prevencao-e-deteccao-precoce-do-cancer\/#article","isPartOf":{"@id":"https:\/\/femama.org.br\/site\/blog-da-femama\/quanto-economizamos-com-a-prevencao-e-deteccao-precoce-do-cancer\/"},"author":{"name":"Femama","@id":"https:\/\/femama.org.br\/site\/#\/schema\/person\/ed83a17236fa12a9cfd26890f0e3474e"},"headline":"Quanto economizamos com a preven\u00e7\u00e3o e detec\u00e7\u00e3o precoce do c\u00e2ncer?","datePublished":"2024-02-21T20:51:01+00:00","mainEntityOfPage":{"@id":"https:\/\/femama.org.br\/site\/blog-da-femama\/quanto-economizamos-com-a-prevencao-e-deteccao-precoce-do-cancer\/"},"wordCount":324,"commentCount":0,"publisher":{"@id":"https:\/\/femama.org.br\/site\/#organization"},"image":{"@id":"https:\/\/femama.org.br\/site\/blog-da-femama\/quanto-economizamos-com-a-prevencao-e-deteccao-precoce-do-cancer\/#primaryimage"},"thumbnailUrl":"https:\/\/femama.org.br\/site\/wp-content\/uploads\/2024\/02\/post-site-1.png","articleSection":["Blog da Femama","Direito dos Pacientes","Not\u00edcias recentes","Terceiro Setor"],"inLanguage":"pt-BR","potentialAction":[{"@type":"CommentAction","name":"Comment","target":["https:\/\/femama.org.br\/site\/blog-da-femama\/quanto-economizamos-com-a-prevencao-e-deteccao-precoce-do-cancer\/#respond"]}]},{"@type":"WebPage","@id":"https:\/\/femama.org.br\/site\/blog-da-femama\/quanto-economizamos-com-a-prevencao-e-deteccao-precoce-do-cancer\/","url":"https:\/\/femama.org.br\/site\/blog-da-femama\/quanto-economizamos-com-a-prevencao-e-deteccao-precoce-do-cancer\/","name":"Quanto economizamos com a preven\u00e7\u00e3o e detec\u00e7\u00e3o precoce do c\u00e2ncer? | FEMAMA","isPartOf":{"@id":"https:\/\/femama.org.br\/site\/#website"},"primaryImageOfPage":{"@id":"https:\/\/femama.org.br\/site\/blog-da-femama\/quanto-economizamos-com-a-prevencao-e-deteccao-precoce-do-cancer\/#primaryimage"},"image":{"@id":"https:\/\/femama.org.br\/site\/blog-da-femama\/quanto-economizamos-com-a-prevencao-e-deteccao-precoce-do-cancer\/#primaryimage"},"thumbnailUrl":"https:\/\/femama.org.br\/site\/wp-content\/uploads\/2024\/02\/post-site-1.png","datePublished":"2024-02-21T20:51:01+00:00","breadcrumb":{"@id":"https:\/\/femama.org.br\/site\/blog-da-femama\/quanto-economizamos-com-a-prevencao-e-deteccao-precoce-do-cancer\/#breadcrumb"},"inLanguage":"pt-BR","potentialAction":[{"@type":"ReadAction","target":["https:\/\/femama.org.br\/site\/blog-da-femama\/quanto-economizamos-com-a-prevencao-e-deteccao-precoce-do-cancer\/"]}]},{"@type":"ImageObject","inLanguage":"pt-BR","@id":"https:\/\/femama.org.br\/site\/blog-da-femama\/quanto-economizamos-com-a-prevencao-e-deteccao-precoce-do-cancer\/#primaryimage","url":"https:\/\/femama.org.br\/site\/wp-content\/uploads\/2024\/02\/post-site-1.png","contentUrl":"https:\/\/femama.org.br\/site\/wp-content\/uploads\/2024\/02\/post-site-1.png","width":6912,"height":3456},{"@type":"BreadcrumbList","@id":"https:\/\/femama.org.br\/site\/blog-da-femama\/quanto-economizamos-com-a-prevencao-e-deteccao-precoce-do-cancer\/#breadcrumb","itemListElement":[{"@type":"ListItem","position":1,"name":"In\u00edcio","item":"https:\/\/femama.org.br\/site\/"},{"@type":"ListItem","position":2,"name":"Quanto economizamos com a preven\u00e7\u00e3o e detec\u00e7\u00e3o precoce do c\u00e2ncer?"}]},{"@type":"WebSite","@id":"https:\/\/femama.org.br\/site\/#website","url":"https:\/\/femama.org.br\/site\/","name":"FEMAMA","description":"Federa\u00e7\u00e3o Brasileira de Institui\u00e7\u00f5es Filantr\u00f3picas de Apoio \u00e0 Sa\u00fade da Mama | C\u00e2ncer de mama","publisher":{"@id":"https:\/\/femama.org.br\/site\/#organization"},"potentialAction":[{"@type":"SearchAction","target":{"@type":"EntryPoint","urlTemplate":"https:\/\/femama.org.br\/site\/?s={search_term_string}"},"query-input":{"@type":"PropertyValueSpecification","valueRequired":true,"valueName":"search_term_string"}}],"inLanguage":"pt-BR"},{"@type":"Organization","@id":"https:\/\/femama.org.br\/site\/#organization","name":"Femama | Federa\u00e7\u00e3o Brasileira de Institui\u00e7\u00f5es Filantr\u00f3picas de Apoio \u00e0 Sa\u00fade da Mama | C\u00e2ncer de mama","url":"https:\/\/femama.org.br\/site\/","logo":{"@type":"ImageObject","inLanguage":"pt-BR","@id":"https:\/\/femama.org.br\/site\/#\/schema\/logo\/image\/","url":"https:\/\/femama.org.br\/site\/wp-content\/uploads\/2021\/12\/logotipo-femama-horizontal.png","contentUrl":"https:\/\/femama.org.br\/site\/wp-content\/uploads\/2021\/12\/logotipo-femama-horizontal.png","width":300,"height":92,"caption":"Femama | Federa\u00e7\u00e3o Brasileira de Institui\u00e7\u00f5es Filantr\u00f3picas de Apoio \u00e0 Sa\u00fade da Mama | C\u00e2ncer de mama"},"image":{"@id":"https:\/\/femama.org.br\/site\/#\/schema\/logo\/image\/"},"sameAs":["https:\/\/www.facebook.com\/femamabrasil","https:\/\/x.com\/femama_","https:\/\/www.instagram.com\/femama.brasil\/","https:\/\/www.youtube.com\/user\/femamaorg"]},{"@type":"Person","@id":"https:\/\/femama.org.br\/site\/#\/schema\/person\/ed83a17236fa12a9cfd26890f0e3474e","name":"Femama","image":{"@type":"ImageObject","inLanguage":"pt-BR","@id":"https:\/\/secure.gravatar.com\/avatar\/fd7fd20674373e7845d94c5ca7e2b795136bf59683c50d1207584f3ec4caf04a?s=96&d=mm&r=g","url":"https:\/\/secure.gravatar.com\/avatar\/fd7fd20674373e7845d94c5ca7e2b795136bf59683c50d1207584f3ec4caf04a?s=96&d=mm&r=g","contentUrl":"https:\/\/secure.gravatar.com\/avatar\/fd7fd20674373e7845d94c5ca7e2b795136bf59683c50d1207584f3ec4caf04a?s=96&d=mm&r=g","caption":"Femama"}}]}},"_links":{"self":[{"href":"https:\/\/femama.org.br\/site\/wp-json\/wp\/v2\/posts\/25105","targetHints":{"allow":["GET"]}}],"collection":[{"href":"https:\/\/femama.org.br\/site\/wp-json\/wp\/v2\/posts"}],"about":[{"href":"https:\/\/femama.org.br\/site\/wp-json\/wp\/v2\/types\/post"}],"author":[{"embeddable":true,"href":"https:\/\/femama.org.br\/site\/wp-json\/wp\/v2\/users\/7"}],"replies":[{"embeddable":true,"href":"https:\/\/femama.org.br\/site\/wp-json\/wp\/v2\/comments?post=25105"}],"version-history":[{"count":1,"href":"https:\/\/femama.org.br\/site\/wp-json\/wp\/v2\/posts\/25105\/revisions"}],"predecessor-version":[{"id":25107,"href":"https:\/\/femama.org.br\/site\/wp-json\/wp\/v2\/posts\/25105\/revisions\/25107"}],"wp:featuredmedia":[{"embeddable":true,"href":"https:\/\/femama.org.br\/site\/wp-json\/wp\/v2\/media\/25106"}],"wp:attachment":[{"href":"https:\/\/femama.org.br\/site\/wp-json\/wp\/v2\/media?parent=25105"}],"wp:term":[{"taxonomy":"category","embeddable":true,"href":"https:\/\/femama.org.br\/site\/wp-json\/wp\/v2\/categories?post=25105"},{"taxonomy":"post_tag","embeddable":true,"href":"https:\/\/femama.org.br\/site\/wp-json\/wp\/v2\/tags?post=25105"}],"curies":[{"name":"wp","href":"https:\/\/api.w.org\/{rel}","templated":true}]}}