{"id":25224,"date":"2024-04-10T10:17:56","date_gmt":"2024-04-10T13:17:56","guid":{"rendered":"https:\/\/femama.org.br\/site\/?p=25224"},"modified":"2024-04-23T09:42:04","modified_gmt":"2024-04-23T12:42:04","slug":"politicas-publicas-de-controle-ao-cancer-de-mama-e-ovario","status":"publish","type":"post","link":"https:\/\/femama.org.br\/site\/noticias-recentes\/politicas-publicas-de-controle-ao-cancer-de-mama-e-ovario\/","title":{"rendered":"Importantes discuss\u00f5es e compromissos firmados: Pol\u00edticas P\u00fablicas de Controle ao C\u00e2ncer de Mama e Ov\u00e1rio"},"content":{"rendered":"<p><span style=\"font-weight: 400; color: #000000;\">O Dia Mundial de Combate ao C\u00e2ncer de 2024 foi marcado por um importante di\u00e1logo na Assembleia Legislativa do Rio Grande do Sul durante a <a href=\"https:\/\/www.youtube.com\/live\/NSWa34xom28?si=8qX3Su3-Yrc89mxN\">Audi\u00eancia P\u00fablica &#8220;Pol\u00edticas P\u00fablicas de Controle ao C\u00e2ncer de Mama e Ov\u00e1rio&#8221;<\/a>. Segundo dados da Secretaria Estadual de Sa\u00fade, o Estado ocupa a terceira posi\u00e7\u00e3o nas estat\u00edsticas de novos casos de c\u00e2ncer de mama e a s\u00e9tima para neoplasia de ov\u00e1rio. Em rela\u00e7\u00e3o \u00e0 mortalidade, o RS \u00e9 o 4\u00ba com maior n\u00famero de mortes para ambos os tumores.<\/span><\/p>\n<p><img decoding=\"async\" class=\"wp-image-25227 size-thumbnail alignleft\" src=\"https:\/\/femama.org.br\/site\/wp-content\/uploads\/2024\/04\/IMG_2742-150x150.jpg\" alt=\"\" width=\"150\" height=\"150\" srcset=\"https:\/\/femama.org.br\/site\/wp-content\/uploads\/2024\/04\/IMG_2742-150x150.jpg 150w, https:\/\/femama.org.br\/site\/wp-content\/uploads\/2024\/04\/IMG_2742-120x120.jpg 120w\" sizes=\"(max-width: 150px) 100vw, 150px\" \/><\/p>\n<p><span style=\"font-weight: 400; color: #000000;\">O fio condutor da discuss\u00e3o foram dois projetos de lei (PL) de autoria da Deputada Estadual Delegada Nadine. Os PLs 369 e 370\/2023 prop\u00f5em a cria\u00e7\u00e3o de um Programa Estadual de Navega\u00e7\u00e3o de Pacientes para Pessoas com Neoplasia Maligna de Mama e a garantia de exames gen\u00e9ticos e procedimentos de sa\u00fade para mulheres com alto risco de c\u00e2ncer de mama e ov\u00e1rio no sistema p\u00fablico de sa\u00fade.<\/span><\/p>\n<p><span style=\"font-weight: 400; color: #000000;\">Maira Caleffi destacou: \u201cO que salva um paciente l\u00e1 na frente \u00e9 que ele seja olhado como \u00fanico; ele n\u00e3o pode ser apenas um n\u00famero do cart\u00e3o SUS. Depois que ele tem um diagn\u00f3stico, precisamos conhecer n\u00e3o s\u00f3 o paciente, seus h\u00e1bitos, seus desejos, mas tamb\u00e9m precisamos conhecer o perfil do tumor. A partir do perfil do tumor e da hist\u00f3ria familiar daquele paciente, podemos otimizar, pensar em protocolos e adequar para que o paciente tenha o melhor desfecho. Se isso n\u00e3o acontecer, tudo que foi feito l\u00e1 na aten\u00e7\u00e3o prim\u00e1ria \u00e9 perdido; torna-se gasto, n\u00e3o investimento. Precisamos fazer com que o paciente chegue no tratamento total.\u201d\u00a0<\/span><\/p>\n<p><img decoding=\"async\" class=\"wp-image-25226 size-thumbnail alignright\" src=\"https:\/\/femama.org.br\/site\/wp-content\/uploads\/2024\/04\/IMG_2550-150x150.jpg\" alt=\"\" width=\"150\" height=\"150\" srcset=\"https:\/\/femama.org.br\/site\/wp-content\/uploads\/2024\/04\/IMG_2550-150x150.jpg 150w, https:\/\/femama.org.br\/site\/wp-content\/uploads\/2024\/04\/IMG_2550-120x120.jpg 120w\" sizes=\"(max-width: 150px) 100vw, 150px\" \/><\/p>\n<p><span style=\"font-weight: 400; color: #000000;\">Durante a audi\u00eancia, a Vereadora de Porto Alegre M\u00f4nica Leal, recentemente diagnosticada com c\u00e2ncer de mama, deu seu depoimento, ressaltando o compromisso com a pauta. Patr\u00edcia Kauer, tamb\u00e9m compartilhou sua experi\u00eancia familiar, ressaltando as diferen\u00e7as de acesso e tratamento em rela\u00e7\u00e3o \u00e0 aten\u00e7\u00e3o b\u00e1sica e suplementar.<\/span><\/p>\n<p><span style=\"font-weight: 400; color: #000000;\">O evento contou com um p\u00fablico majoritariamente feminino e a presen\u00e7a de diversas autoridades e representantes de entidades, incluindo:<\/span><\/p>\n<ul>\n<li style=\"font-weight: 400;\" aria-level=\"1\"><span style=\"font-weight: 400; color: #000000;\">Tatiane Pires Bernardes, da Secretaria Estadual da Sa\u00fade;<\/span><\/li>\n<li style=\"font-weight: 400;\" aria-level=\"1\"><span style=\"font-weight: 400; color: #000000;\">Delegada Nadine, Deputada estadual do Rio Grande do Sul;<\/span><\/li>\n<li style=\"font-weight: 400;\" aria-level=\"1\"><span style=\"font-weight: 400; color: #000000;\">M\u00f4nica Leal, Vereadora de Porto Alegre;<\/span><\/li>\n<li style=\"font-weight: 400;\" aria-level=\"1\"><span style=\"font-weight: 400; color: #000000;\">Maira Caleffi, Presidente Volunt\u00e1ria da FEMAMA;<\/span><\/li>\n<li style=\"font-weight: 400;\" aria-level=\"1\"><span style=\"font-weight: 400; color: #000000;\">Cintia Seben, Presidente do Instituto da Mama do RS;<\/span><\/li>\n<li style=\"font-weight: 400;\" aria-level=\"1\"><span style=\"font-weight: 400; color: #000000;\">Rita Cunha, Diretora do Instituto da Mama do RS;<\/span><\/li>\n<li style=\"font-weight: 400;\" aria-level=\"1\"><span style=\"font-weight: 400; color: #000000;\">Daniely Votto, Diretora executiva do Instituto de Governan\u00e7a e Controle do C\u00e2ncer;<\/span><\/li>\n<li style=\"font-weight: 400;\" aria-level=\"1\"><span style=\"font-weight: 400; color: #000000;\">Inara Ruas, vice-presidente do Conselho Estadual de Sa\u00fade;<\/span><\/li>\n<li style=\"font-weight: 400;\" aria-level=\"1\"><span style=\"font-weight: 400; color: #000000;\">Lisiane Hartmann, defensora p\u00fablica e dirigente do N\u00facleo de Defesa da Mulher da Defensoria P\u00fablica do RS;<\/span><\/li>\n<li style=\"font-weight: 400;\" aria-level=\"1\"><span style=\"font-weight: 400; color: #000000;\">Ivana Flores Genro, representante da Casa Civil;<\/span><\/li>\n<li style=\"font-weight: 400;\" aria-level=\"1\"><span style=\"font-weight: 400; color: #000000;\">Patr\u00edcia Kauer e Mariana Peirano, representantes do Comit\u00ea Advocacy do IMAMA.<\/span><\/li>\n<li style=\"font-weight: 400;\" aria-level=\"1\"><span style=\"font-weight: 400; color: #000000;\"><span style=\"font-weight: 400; color: #000000;\">Ana Cristina de Santo, poetisa da conscientiza\u00e7\u00e3o;<\/span><\/span><\/li>\n<\/ul>\n<p><span style=\"font-weight: 400; color: #000000;\">Al\u00e9m destas, houve manifesta\u00e7\u00e3o da conselheira nacional de Sa\u00fade Shirley Morales, da representante do Conselho Regional de Enfermagem do RS Maria Rejane Seibel e da procuradora do Minist\u00e9rio P\u00fablico Federal Suzete Bragagnolo, que participaram remotamente da sala virtual.<\/span><\/p>\n","protected":false},"excerpt":{"rendered":"<p>O Dia Mundial de Combate ao C\u00e2ncer de 2024 foi marcado por um importante di\u00e1logo na Assembleia Legislativa do Rio Grande do Sul durante a Audi\u00eancia P\u00fablica &#8220;Pol\u00edticas P\u00fablicas de Controle ao C\u00e2ncer de Mama e Ov\u00e1rio&#8221;. Segundo dados da Secretaria Estadual de Sa\u00fade, o Estado ocupa a terceira posi\u00e7\u00e3o nas estat\u00edsticas de novos casos [&hellip;]<\/p>\n","protected":false},"author":7,"featured_media":25225,"comment_status":"open","ping_status":"closed","sticky":false,"template":"","format":"standard","meta":{"_acf_changed":false,"footnotes":""},"categories":[19,20,13,1],"tags":[],"class_list":["post-25224","post","type-post","status-publish","format-standard","has-post-thumbnail","hentry","category-advocacy","category-direito-dos-pacientes","category-noticias-recentes","category-sem-categoria"],"acf":[],"yoast_head":"<!-- This site is optimized with the Yoast SEO plugin v27.5 - https:\/\/yoast.com\/product\/yoast-seo-wordpress\/ -->\n<title>Importantes discuss\u00f5es e compromissos firmados: Pol\u00edticas P\u00fablicas de Controle ao C\u00e2ncer de Mama e Ov\u00e1rio | FEMAMA<\/title>\n<meta name=\"robots\" content=\"index, follow, max-snippet:-1, max-image-preview:large, max-video-preview:-1\" \/>\n<link rel=\"canonical\" href=\"https:\/\/femama.org.br\/site\/noticias-recentes\/politicas-publicas-de-controle-ao-cancer-de-mama-e-ovario\/\" \/>\n<meta property=\"og:locale\" content=\"pt_BR\" \/>\n<meta property=\"og:type\" content=\"article\" \/>\n<meta property=\"og:title\" content=\"Importantes discuss\u00f5es e compromissos firmados: Pol\u00edticas P\u00fablicas de Controle ao C\u00e2ncer de Mama e Ov\u00e1rio | FEMAMA\" \/>\n<meta property=\"og:description\" content=\"O Dia Mundial de Combate ao C\u00e2ncer de 2024 foi marcado por um importante di\u00e1logo na Assembleia Legislativa do Rio Grande do Sul durante a Audi\u00eancia P\u00fablica &#8220;Pol\u00edticas P\u00fablicas de Controle ao C\u00e2ncer de Mama e Ov\u00e1rio&#8221;. Segundo dados da Secretaria Estadual de Sa\u00fade, o Estado ocupa a terceira posi\u00e7\u00e3o nas estat\u00edsticas de novos casos [&hellip;]\" \/>\n<meta property=\"og:url\" content=\"https:\/\/femama.org.br\/site\/noticias-recentes\/politicas-publicas-de-controle-ao-cancer-de-mama-e-ovario\/\" \/>\n<meta property=\"og:site_name\" content=\"FEMAMA\" \/>\n<meta property=\"article:publisher\" content=\"https:\/\/www.facebook.com\/femamabrasil\" \/>\n<meta property=\"article:published_time\" content=\"2024-04-10T13:17:56+00:00\" \/>\n<meta property=\"article:modified_time\" content=\"2024-04-23T12:42:04+00:00\" \/>\n<meta property=\"og:image\" content=\"https:\/\/femama.org.br\/site\/wp-content\/uploads\/2024\/04\/post-site-9-1024x512.png\" \/>\n\t<meta property=\"og:image:width\" content=\"1024\" \/>\n\t<meta property=\"og:image:height\" content=\"512\" \/>\n\t<meta property=\"og:image:type\" content=\"image\/png\" \/>\n<meta name=\"author\" content=\"Femama\" \/>\n<meta name=\"twitter:card\" content=\"summary_large_image\" \/>\n<meta name=\"twitter:creator\" content=\"@femama_\" \/>\n<meta name=\"twitter:site\" content=\"@femama_\" \/>\n<meta name=\"twitter:label1\" content=\"Escrito por\" \/>\n\t<meta name=\"twitter:data1\" content=\"Femama\" \/>\n\t<meta name=\"twitter:label2\" content=\"Est. tempo de leitura\" \/>\n\t<meta name=\"twitter:data2\" content=\"4 minutos\" \/>\n<script type=\"application\/ld+json\" class=\"yoast-schema-graph\">{\"@context\":\"https:\\\/\\\/schema.org\",\"@graph\":[{\"@type\":\"Article\",\"@id\":\"https:\\\/\\\/femama.org.br\\\/site\\\/noticias-recentes\\\/politicas-publicas-de-controle-ao-cancer-de-mama-e-ovario\\\/#article\",\"isPartOf\":{\"@id\":\"https:\\\/\\\/femama.org.br\\\/site\\\/noticias-recentes\\\/politicas-publicas-de-controle-ao-cancer-de-mama-e-ovario\\\/\"},\"author\":{\"name\":\"Femama\",\"@id\":\"https:\\\/\\\/femama.org.br\\\/site\\\/#\\\/schema\\\/person\\\/ed83a17236fa12a9cfd26890f0e3474e\"},\"headline\":\"Importantes discuss\u00f5es e compromissos firmados: Pol\u00edticas P\u00fablicas de Controle ao C\u00e2ncer de Mama e Ov\u00e1rio\",\"datePublished\":\"2024-04-10T13:17:56+00:00\",\"dateModified\":\"2024-04-23T12:42:04+00:00\",\"mainEntityOfPage\":{\"@id\":\"https:\\\/\\\/femama.org.br\\\/site\\\/noticias-recentes\\\/politicas-publicas-de-controle-ao-cancer-de-mama-e-ovario\\\/\"},\"wordCount\":547,\"commentCount\":0,\"publisher\":{\"@id\":\"https:\\\/\\\/femama.org.br\\\/site\\\/#organization\"},\"image\":{\"@id\":\"https:\\\/\\\/femama.org.br\\\/site\\\/noticias-recentes\\\/politicas-publicas-de-controle-ao-cancer-de-mama-e-ovario\\\/#primaryimage\"},\"thumbnailUrl\":\"https:\\\/\\\/femama.org.br\\\/site\\\/wp-content\\\/uploads\\\/2024\\\/04\\\/post-site-9.png\",\"articleSection\":[\"Advocacy\",\"Direito dos Pacientes\",\"Not\u00edcias recentes\"],\"inLanguage\":\"pt-BR\",\"potentialAction\":[{\"@type\":\"CommentAction\",\"name\":\"Comment\",\"target\":[\"https:\\\/\\\/femama.org.br\\\/site\\\/noticias-recentes\\\/politicas-publicas-de-controle-ao-cancer-de-mama-e-ovario\\\/#respond\"]}]},{\"@type\":\"WebPage\",\"@id\":\"https:\\\/\\\/femama.org.br\\\/site\\\/noticias-recentes\\\/politicas-publicas-de-controle-ao-cancer-de-mama-e-ovario\\\/\",\"url\":\"https:\\\/\\\/femama.org.br\\\/site\\\/noticias-recentes\\\/politicas-publicas-de-controle-ao-cancer-de-mama-e-ovario\\\/\",\"name\":\"Importantes discuss\u00f5es e compromissos firmados: Pol\u00edticas P\u00fablicas de Controle ao C\u00e2ncer de Mama e Ov\u00e1rio | FEMAMA\",\"isPartOf\":{\"@id\":\"https:\\\/\\\/femama.org.br\\\/site\\\/#website\"},\"primaryImageOfPage\":{\"@id\":\"https:\\\/\\\/femama.org.br\\\/site\\\/noticias-recentes\\\/politicas-publicas-de-controle-ao-cancer-de-mama-e-ovario\\\/#primaryimage\"},\"image\":{\"@id\":\"https:\\\/\\\/femama.org.br\\\/site\\\/noticias-recentes\\\/politicas-publicas-de-controle-ao-cancer-de-mama-e-ovario\\\/#primaryimage\"},\"thumbnailUrl\":\"https:\\\/\\\/femama.org.br\\\/site\\\/wp-content\\\/uploads\\\/2024\\\/04\\\/post-site-9.png\",\"datePublished\":\"2024-04-10T13:17:56+00:00\",\"dateModified\":\"2024-04-23T12:42:04+00:00\",\"breadcrumb\":{\"@id\":\"https:\\\/\\\/femama.org.br\\\/site\\\/noticias-recentes\\\/politicas-publicas-de-controle-ao-cancer-de-mama-e-ovario\\\/#breadcrumb\"},\"inLanguage\":\"pt-BR\",\"potentialAction\":[{\"@type\":\"ReadAction\",\"target\":[\"https:\\\/\\\/femama.org.br\\\/site\\\/noticias-recentes\\\/politicas-publicas-de-controle-ao-cancer-de-mama-e-ovario\\\/\"]}]},{\"@type\":\"ImageObject\",\"inLanguage\":\"pt-BR\",\"@id\":\"https:\\\/\\\/femama.org.br\\\/site\\\/noticias-recentes\\\/politicas-publicas-de-controle-ao-cancer-de-mama-e-ovario\\\/#primaryimage\",\"url\":\"https:\\\/\\\/femama.org.br\\\/site\\\/wp-content\\\/uploads\\\/2024\\\/04\\\/post-site-9.png\",\"contentUrl\":\"https:\\\/\\\/femama.org.br\\\/site\\\/wp-content\\\/uploads\\\/2024\\\/04\\\/post-site-9.png\",\"width\":6912,\"height\":3456},{\"@type\":\"BreadcrumbList\",\"@id\":\"https:\\\/\\\/femama.org.br\\\/site\\\/noticias-recentes\\\/politicas-publicas-de-controle-ao-cancer-de-mama-e-ovario\\\/#breadcrumb\",\"itemListElement\":[{\"@type\":\"ListItem\",\"position\":1,\"name\":\"In\u00edcio\",\"item\":\"https:\\\/\\\/femama.org.br\\\/site\\\/\"},{\"@type\":\"ListItem\",\"position\":2,\"name\":\"Importantes discuss\u00f5es e compromissos firmados: Pol\u00edticas P\u00fablicas de Controle ao C\u00e2ncer de Mama e Ov\u00e1rio\"}]},{\"@type\":\"WebSite\",\"@id\":\"https:\\\/\\\/femama.org.br\\\/site\\\/#website\",\"url\":\"https:\\\/\\\/femama.org.br\\\/site\\\/\",\"name\":\"FEMAMA\",\"description\":\"Federa\u00e7\u00e3o Brasileira de Institui\u00e7\u00f5es Filantr\u00f3picas de Apoio \u00e0 Sa\u00fade da Mama | C\u00e2ncer de mama\",\"publisher\":{\"@id\":\"https:\\\/\\\/femama.org.br\\\/site\\\/#organization\"},\"potentialAction\":[{\"@type\":\"SearchAction\",\"target\":{\"@type\":\"EntryPoint\",\"urlTemplate\":\"https:\\\/\\\/femama.org.br\\\/site\\\/?s={search_term_string}\"},\"query-input\":{\"@type\":\"PropertyValueSpecification\",\"valueRequired\":true,\"valueName\":\"search_term_string\"}}],\"inLanguage\":\"pt-BR\"},{\"@type\":\"Organization\",\"@id\":\"https:\\\/\\\/femama.org.br\\\/site\\\/#organization\",\"name\":\"Femama | Federa\u00e7\u00e3o Brasileira de Institui\u00e7\u00f5es Filantr\u00f3picas de Apoio \u00e0 Sa\u00fade da Mama | C\u00e2ncer de mama\",\"url\":\"https:\\\/\\\/femama.org.br\\\/site\\\/\",\"logo\":{\"@type\":\"ImageObject\",\"inLanguage\":\"pt-BR\",\"@id\":\"https:\\\/\\\/femama.org.br\\\/site\\\/#\\\/schema\\\/logo\\\/image\\\/\",\"url\":\"https:\\\/\\\/femama.org.br\\\/site\\\/wp-content\\\/uploads\\\/2021\\\/12\\\/logotipo-femama-horizontal.png\",\"contentUrl\":\"https:\\\/\\\/femama.org.br\\\/site\\\/wp-content\\\/uploads\\\/2021\\\/12\\\/logotipo-femama-horizontal.png\",\"width\":300,\"height\":92,\"caption\":\"Femama | Federa\u00e7\u00e3o Brasileira de Institui\u00e7\u00f5es Filantr\u00f3picas de Apoio \u00e0 Sa\u00fade da Mama | C\u00e2ncer de mama\"},\"image\":{\"@id\":\"https:\\\/\\\/femama.org.br\\\/site\\\/#\\\/schema\\\/logo\\\/image\\\/\"},\"sameAs\":[\"https:\\\/\\\/www.facebook.com\\\/femamabrasil\",\"https:\\\/\\\/x.com\\\/femama_\",\"https:\\\/\\\/www.instagram.com\\\/femama.brasil\\\/\",\"https:\\\/\\\/www.youtube.com\\\/user\\\/femamaorg\"]},{\"@type\":\"Person\",\"@id\":\"https:\\\/\\\/femama.org.br\\\/site\\\/#\\\/schema\\\/person\\\/ed83a17236fa12a9cfd26890f0e3474e\",\"name\":\"Femama\",\"image\":{\"@type\":\"ImageObject\",\"inLanguage\":\"pt-BR\",\"@id\":\"https:\\\/\\\/secure.gravatar.com\\\/avatar\\\/fd7fd20674373e7845d94c5ca7e2b795136bf59683c50d1207584f3ec4caf04a?s=96&d=mm&r=g\",\"url\":\"https:\\\/\\\/secure.gravatar.com\\\/avatar\\\/fd7fd20674373e7845d94c5ca7e2b795136bf59683c50d1207584f3ec4caf04a?s=96&d=mm&r=g\",\"contentUrl\":\"https:\\\/\\\/secure.gravatar.com\\\/avatar\\\/fd7fd20674373e7845d94c5ca7e2b795136bf59683c50d1207584f3ec4caf04a?s=96&d=mm&r=g\",\"caption\":\"Femama\"}}]}<\/script>\n<!-- \/ Yoast SEO plugin. -->","yoast_head_json":{"title":"Importantes discuss\u00f5es e compromissos firmados: Pol\u00edticas P\u00fablicas de Controle ao C\u00e2ncer de Mama e Ov\u00e1rio | FEMAMA","robots":{"index":"index","follow":"follow","max-snippet":"max-snippet:-1","max-image-preview":"max-image-preview:large","max-video-preview":"max-video-preview:-1"},"canonical":"https:\/\/femama.org.br\/site\/noticias-recentes\/politicas-publicas-de-controle-ao-cancer-de-mama-e-ovario\/","og_locale":"pt_BR","og_type":"article","og_title":"Importantes discuss\u00f5es e compromissos firmados: Pol\u00edticas P\u00fablicas de Controle ao C\u00e2ncer de Mama e Ov\u00e1rio | FEMAMA","og_description":"O Dia Mundial de Combate ao C\u00e2ncer de 2024 foi marcado por um importante di\u00e1logo na Assembleia Legislativa do Rio Grande do Sul durante a Audi\u00eancia P\u00fablica &#8220;Pol\u00edticas P\u00fablicas de Controle ao C\u00e2ncer de Mama e Ov\u00e1rio&#8221;. Segundo dados da Secretaria Estadual de Sa\u00fade, o Estado ocupa a terceira posi\u00e7\u00e3o nas estat\u00edsticas de novos casos [&hellip;]","og_url":"https:\/\/femama.org.br\/site\/noticias-recentes\/politicas-publicas-de-controle-ao-cancer-de-mama-e-ovario\/","og_site_name":"FEMAMA","article_publisher":"https:\/\/www.facebook.com\/femamabrasil","article_published_time":"2024-04-10T13:17:56+00:00","article_modified_time":"2024-04-23T12:42:04+00:00","og_image":[{"width":1024,"height":512,"url":"https:\/\/femama.org.br\/site\/wp-content\/uploads\/2024\/04\/post-site-9-1024x512.png","type":"image\/png"}],"author":"Femama","twitter_card":"summary_large_image","twitter_creator":"@femama_","twitter_site":"@femama_","twitter_misc":{"Escrito por":"Femama","Est. tempo de leitura":"4 minutos"},"schema":{"@context":"https:\/\/schema.org","@graph":[{"@type":"Article","@id":"https:\/\/femama.org.br\/site\/noticias-recentes\/politicas-publicas-de-controle-ao-cancer-de-mama-e-ovario\/#article","isPartOf":{"@id":"https:\/\/femama.org.br\/site\/noticias-recentes\/politicas-publicas-de-controle-ao-cancer-de-mama-e-ovario\/"},"author":{"name":"Femama","@id":"https:\/\/femama.org.br\/site\/#\/schema\/person\/ed83a17236fa12a9cfd26890f0e3474e"},"headline":"Importantes discuss\u00f5es e compromissos firmados: Pol\u00edticas P\u00fablicas de Controle ao C\u00e2ncer de Mama e Ov\u00e1rio","datePublished":"2024-04-10T13:17:56+00:00","dateModified":"2024-04-23T12:42:04+00:00","mainEntityOfPage":{"@id":"https:\/\/femama.org.br\/site\/noticias-recentes\/politicas-publicas-de-controle-ao-cancer-de-mama-e-ovario\/"},"wordCount":547,"commentCount":0,"publisher":{"@id":"https:\/\/femama.org.br\/site\/#organization"},"image":{"@id":"https:\/\/femama.org.br\/site\/noticias-recentes\/politicas-publicas-de-controle-ao-cancer-de-mama-e-ovario\/#primaryimage"},"thumbnailUrl":"https:\/\/femama.org.br\/site\/wp-content\/uploads\/2024\/04\/post-site-9.png","articleSection":["Advocacy","Direito dos Pacientes","Not\u00edcias recentes"],"inLanguage":"pt-BR","potentialAction":[{"@type":"CommentAction","name":"Comment","target":["https:\/\/femama.org.br\/site\/noticias-recentes\/politicas-publicas-de-controle-ao-cancer-de-mama-e-ovario\/#respond"]}]},{"@type":"WebPage","@id":"https:\/\/femama.org.br\/site\/noticias-recentes\/politicas-publicas-de-controle-ao-cancer-de-mama-e-ovario\/","url":"https:\/\/femama.org.br\/site\/noticias-recentes\/politicas-publicas-de-controle-ao-cancer-de-mama-e-ovario\/","name":"Importantes discuss\u00f5es e compromissos firmados: Pol\u00edticas P\u00fablicas de Controle ao C\u00e2ncer de Mama e Ov\u00e1rio | FEMAMA","isPartOf":{"@id":"https:\/\/femama.org.br\/site\/#website"},"primaryImageOfPage":{"@id":"https:\/\/femama.org.br\/site\/noticias-recentes\/politicas-publicas-de-controle-ao-cancer-de-mama-e-ovario\/#primaryimage"},"image":{"@id":"https:\/\/femama.org.br\/site\/noticias-recentes\/politicas-publicas-de-controle-ao-cancer-de-mama-e-ovario\/#primaryimage"},"thumbnailUrl":"https:\/\/femama.org.br\/site\/wp-content\/uploads\/2024\/04\/post-site-9.png","datePublished":"2024-04-10T13:17:56+00:00","dateModified":"2024-04-23T12:42:04+00:00","breadcrumb":{"@id":"https:\/\/femama.org.br\/site\/noticias-recentes\/politicas-publicas-de-controle-ao-cancer-de-mama-e-ovario\/#breadcrumb"},"inLanguage":"pt-BR","potentialAction":[{"@type":"ReadAction","target":["https:\/\/femama.org.br\/site\/noticias-recentes\/politicas-publicas-de-controle-ao-cancer-de-mama-e-ovario\/"]}]},{"@type":"ImageObject","inLanguage":"pt-BR","@id":"https:\/\/femama.org.br\/site\/noticias-recentes\/politicas-publicas-de-controle-ao-cancer-de-mama-e-ovario\/#primaryimage","url":"https:\/\/femama.org.br\/site\/wp-content\/uploads\/2024\/04\/post-site-9.png","contentUrl":"https:\/\/femama.org.br\/site\/wp-content\/uploads\/2024\/04\/post-site-9.png","width":6912,"height":3456},{"@type":"BreadcrumbList","@id":"https:\/\/femama.org.br\/site\/noticias-recentes\/politicas-publicas-de-controle-ao-cancer-de-mama-e-ovario\/#breadcrumb","itemListElement":[{"@type":"ListItem","position":1,"name":"In\u00edcio","item":"https:\/\/femama.org.br\/site\/"},{"@type":"ListItem","position":2,"name":"Importantes discuss\u00f5es e compromissos firmados: Pol\u00edticas P\u00fablicas de Controle ao C\u00e2ncer de Mama e Ov\u00e1rio"}]},{"@type":"WebSite","@id":"https:\/\/femama.org.br\/site\/#website","url":"https:\/\/femama.org.br\/site\/","name":"FEMAMA","description":"Federa\u00e7\u00e3o Brasileira de Institui\u00e7\u00f5es Filantr\u00f3picas de Apoio \u00e0 Sa\u00fade da Mama | C\u00e2ncer de mama","publisher":{"@id":"https:\/\/femama.org.br\/site\/#organization"},"potentialAction":[{"@type":"SearchAction","target":{"@type":"EntryPoint","urlTemplate":"https:\/\/femama.org.br\/site\/?s={search_term_string}"},"query-input":{"@type":"PropertyValueSpecification","valueRequired":true,"valueName":"search_term_string"}}],"inLanguage":"pt-BR"},{"@type":"Organization","@id":"https:\/\/femama.org.br\/site\/#organization","name":"Femama | Federa\u00e7\u00e3o Brasileira de Institui\u00e7\u00f5es Filantr\u00f3picas de Apoio \u00e0 Sa\u00fade da Mama | C\u00e2ncer de mama","url":"https:\/\/femama.org.br\/site\/","logo":{"@type":"ImageObject","inLanguage":"pt-BR","@id":"https:\/\/femama.org.br\/site\/#\/schema\/logo\/image\/","url":"https:\/\/femama.org.br\/site\/wp-content\/uploads\/2021\/12\/logotipo-femama-horizontal.png","contentUrl":"https:\/\/femama.org.br\/site\/wp-content\/uploads\/2021\/12\/logotipo-femama-horizontal.png","width":300,"height":92,"caption":"Femama | Federa\u00e7\u00e3o Brasileira de Institui\u00e7\u00f5es Filantr\u00f3picas de Apoio \u00e0 Sa\u00fade da Mama | C\u00e2ncer de mama"},"image":{"@id":"https:\/\/femama.org.br\/site\/#\/schema\/logo\/image\/"},"sameAs":["https:\/\/www.facebook.com\/femamabrasil","https:\/\/x.com\/femama_","https:\/\/www.instagram.com\/femama.brasil\/","https:\/\/www.youtube.com\/user\/femamaorg"]},{"@type":"Person","@id":"https:\/\/femama.org.br\/site\/#\/schema\/person\/ed83a17236fa12a9cfd26890f0e3474e","name":"Femama","image":{"@type":"ImageObject","inLanguage":"pt-BR","@id":"https:\/\/secure.gravatar.com\/avatar\/fd7fd20674373e7845d94c5ca7e2b795136bf59683c50d1207584f3ec4caf04a?s=96&d=mm&r=g","url":"https:\/\/secure.gravatar.com\/avatar\/fd7fd20674373e7845d94c5ca7e2b795136bf59683c50d1207584f3ec4caf04a?s=96&d=mm&r=g","contentUrl":"https:\/\/secure.gravatar.com\/avatar\/fd7fd20674373e7845d94c5ca7e2b795136bf59683c50d1207584f3ec4caf04a?s=96&d=mm&r=g","caption":"Femama"}}]}},"_links":{"self":[{"href":"https:\/\/femama.org.br\/site\/wp-json\/wp\/v2\/posts\/25224","targetHints":{"allow":["GET"]}}],"collection":[{"href":"https:\/\/femama.org.br\/site\/wp-json\/wp\/v2\/posts"}],"about":[{"href":"https:\/\/femama.org.br\/site\/wp-json\/wp\/v2\/types\/post"}],"author":[{"embeddable":true,"href":"https:\/\/femama.org.br\/site\/wp-json\/wp\/v2\/users\/7"}],"replies":[{"embeddable":true,"href":"https:\/\/femama.org.br\/site\/wp-json\/wp\/v2\/comments?post=25224"}],"version-history":[{"count":7,"href":"https:\/\/femama.org.br\/site\/wp-json\/wp\/v2\/posts\/25224\/revisions"}],"predecessor-version":[{"id":25259,"href":"https:\/\/femama.org.br\/site\/wp-json\/wp\/v2\/posts\/25224\/revisions\/25259"}],"wp:featuredmedia":[{"embeddable":true,"href":"https:\/\/femama.org.br\/site\/wp-json\/wp\/v2\/media\/25225"}],"wp:attachment":[{"href":"https:\/\/femama.org.br\/site\/wp-json\/wp\/v2\/media?parent=25224"}],"wp:term":[{"taxonomy":"category","embeddable":true,"href":"https:\/\/femama.org.br\/site\/wp-json\/wp\/v2\/categories?post=25224"},{"taxonomy":"post_tag","embeddable":true,"href":"https:\/\/femama.org.br\/site\/wp-json\/wp\/v2\/tags?post=25224"}],"curies":[{"name":"wp","href":"https:\/\/api.w.org\/{rel}","templated":true}]}}