{"id":25248,"date":"2024-04-22T13:49:01","date_gmt":"2024-04-22T16:49:01","guid":{"rendered":"https:\/\/femama.org.br\/site\/?p=25248"},"modified":"2024-04-22T14:25:50","modified_gmt":"2024-04-22T17:25:50","slug":"femama-participara-de-audiencia-publica-sobre-o-atraso-na-disponibilizacao-de-medicamentos-necessarios-ao-tratamento-de-canceres","status":"publish","type":"post","link":"https:\/\/femama.org.br\/site\/noticias-recentes\/femama-participara-de-audiencia-publica-sobre-o-atraso-na-disponibilizacao-de-medicamentos-necessarios-ao-tratamento-de-canceres\/","title":{"rendered":"FEMAMA participar\u00e1 de audi\u00eancia p\u00fablica sobre o atraso na disponibiliza\u00e7\u00e3o de medicamentos necess\u00e1rios ao tratamento de c\u00e2nceres"},"content":{"rendered":"<p><span style=\"font-weight: 400; color: #000000;\">A Comiss\u00e3o de Sa\u00fade da C\u00e2mara dos Deputados aprovou, na quarta-feira (17), o requerimento 81\/2024, de autoria dos deputados Doutor Luizinho (PP-RJ) e Dr. Frederico (PRD-MG), que solicita a realiza\u00e7\u00e3o de audi\u00eancia p\u00fablica para discutir \u201cO atraso na disponibiliza\u00e7\u00e3o de medicamentos necess\u00e1rios ao tratamento de c\u00e2nceres (em especial os carcinomas de mama) no Sistema \u00danico de Sa\u00fade \u2013 SUS\u201d. Na ocasi\u00e3o, a deputado Dr. Frederico incluiu a Federa\u00e7\u00e3o Brasileira de Institui\u00e7\u00f5es Filantr\u00f3picas de Apoio \u00e0 Sa\u00fade da Mama (Femama) entre os convidados.<\/span><\/p>\n<p><span style=\"font-weight: 400; color: #000000;\">A proposi\u00e7\u00e3o \u00e9 de autoria dos deputados Dr. Frederico (PRD-MG) e Doutor Luizinho (PP-RJ). Segundo os parlamentares, desde a edi\u00e7\u00e3o da Lei n\u00ba 12.401, de 28 de abril de 2011, o SUS j\u00e1 disciplina e prev\u00ea a incorpora\u00e7\u00e3o de tecnologias, a dispensa\u00e7\u00e3o e a oferta de terapias, inclusive medicamentosas, aos usu\u00e1rios da rede p\u00fablica de sa\u00fade. Por\u00e9m, os deputados afirmam que outras proposi\u00e7\u00f5es n\u00e3o s\u00e3o aprovadas e os desafios n\u00e3o s\u00e3o enfrentados com profundidade, diversos pacientes continuam sem acesso \u00e0s medica\u00e7\u00f5es antionepl\u00e1sicas j\u00e1 incorporadas ao SUS, em especial para o tratamento do c\u00e2ncer de mama. Dessa forma, julgam necess\u00e1rio discutir de modo mais \u00e1gil para tra\u00e7ar rapidamente um panorama das a\u00e7\u00f5es poss\u00edveis e eficientes para os desafios da disponibiliza\u00e7\u00e3o dos medicamentos e do modelo mais eficiente de financiamento de assist\u00eancia oncol\u00f3gica no SUS.\u00a0<\/span><\/p>\n<p>&nbsp;<\/p>\n<p><span style=\"font-weight: 400; color: #000000;\">E agora?\u00a0\u00a0\u00a0\u00a0\u00a0\u00a0\u00a0\u00a0\u00a0\u00a0\u00a0\u00a0\u00a0\u00a0\u00a0\u00a0\u00a0\u00a0\u00a0\u00a0\u00a0\u00a0\u00a0\u00a0\u00a0\u00a0\u00a0<\/span><\/p>\n<p><span style=\"font-weight: 400; color: #000000;\">\u00a0\u00a0<\/span><\/p>\n<p><span style=\"font-weight: 400; color: #000000;\">A data para a realiza\u00e7\u00e3o do debate ser\u00e1 definida posteriormente.<\/span><\/p>\n","protected":false},"excerpt":{"rendered":"<p>A Comiss\u00e3o de Sa\u00fade da C\u00e2mara dos Deputados aprovou, na quarta-feira (17), o requerimento 81\/2024, de autoria dos deputados Doutor Luizinho (PP-RJ) e Dr. Frederico (PRD-MG), que solicita a realiza\u00e7\u00e3o de audi\u00eancia p\u00fablica para discutir \u201cO atraso na disponibiliza\u00e7\u00e3o de medicamentos necess\u00e1rios ao tratamento de c\u00e2nceres (em especial os carcinomas de mama) no Sistema \u00danico [&hellip;]<\/p>\n","protected":false},"author":7,"featured_media":25249,"comment_status":"open","ping_status":"closed","sticky":false,"template":"","format":"standard","meta":{"_acf_changed":false,"footnotes":""},"categories":[19,18,20,13],"tags":[],"class_list":["post-25248","post","type-post","status-publish","format-standard","has-post-thumbnail","hentry","category-advocacy","category-cancer-de-mama","category-direito-dos-pacientes","category-noticias-recentes"],"acf":[],"yoast_head":"<!-- This site is optimized with the Yoast SEO plugin v27.5 - https:\/\/yoast.com\/product\/yoast-seo-wordpress\/ -->\n<title>FEMAMA participar\u00e1 de audi\u00eancia p\u00fablica sobre o atraso na disponibiliza\u00e7\u00e3o de medicamentos necess\u00e1rios ao tratamento de c\u00e2nceres | FEMAMA<\/title>\n<meta name=\"robots\" content=\"index, follow, max-snippet:-1, max-image-preview:large, max-video-preview:-1\" \/>\n<link rel=\"canonical\" href=\"https:\/\/femama.org.br\/site\/noticias-recentes\/femama-participara-de-audiencia-publica-sobre-o-atraso-na-disponibilizacao-de-medicamentos-necessarios-ao-tratamento-de-canceres\/\" \/>\n<meta property=\"og:locale\" content=\"pt_BR\" \/>\n<meta property=\"og:type\" content=\"article\" \/>\n<meta property=\"og:title\" content=\"FEMAMA participar\u00e1 de audi\u00eancia p\u00fablica sobre o atraso na disponibiliza\u00e7\u00e3o de medicamentos necess\u00e1rios ao tratamento de c\u00e2nceres | FEMAMA\" \/>\n<meta property=\"og:description\" content=\"A Comiss\u00e3o de Sa\u00fade da C\u00e2mara dos Deputados aprovou, na quarta-feira (17), o requerimento 81\/2024, de autoria dos deputados Doutor Luizinho (PP-RJ) e Dr. Frederico (PRD-MG), que solicita a realiza\u00e7\u00e3o de audi\u00eancia p\u00fablica para discutir \u201cO atraso na disponibiliza\u00e7\u00e3o de medicamentos necess\u00e1rios ao tratamento de c\u00e2nceres (em especial os carcinomas de mama) no Sistema \u00danico [&hellip;]\" \/>\n<meta property=\"og:url\" content=\"https:\/\/femama.org.br\/site\/noticias-recentes\/femama-participara-de-audiencia-publica-sobre-o-atraso-na-disponibilizacao-de-medicamentos-necessarios-ao-tratamento-de-canceres\/\" \/>\n<meta property=\"og:site_name\" content=\"FEMAMA\" \/>\n<meta property=\"article:publisher\" content=\"https:\/\/www.facebook.com\/femamabrasil\" \/>\n<meta property=\"article:published_time\" content=\"2024-04-22T16:49:01+00:00\" \/>\n<meta property=\"article:modified_time\" content=\"2024-04-22T17:25:50+00:00\" \/>\n<meta property=\"og:image\" content=\"https:\/\/femama.org.br\/site\/wp-content\/uploads\/2024\/04\/post-site-11-1024x512.png\" \/>\n\t<meta property=\"og:image:width\" content=\"1024\" \/>\n\t<meta property=\"og:image:height\" content=\"512\" \/>\n\t<meta property=\"og:image:type\" content=\"image\/png\" \/>\n<meta name=\"author\" content=\"Femama\" \/>\n<meta name=\"twitter:card\" content=\"summary_large_image\" \/>\n<meta name=\"twitter:creator\" content=\"@femama_\" \/>\n<meta name=\"twitter:site\" content=\"@femama_\" \/>\n<meta name=\"twitter:label1\" content=\"Escrito por\" \/>\n\t<meta name=\"twitter:data1\" content=\"Femama\" \/>\n\t<meta name=\"twitter:label2\" content=\"Est. tempo de leitura\" \/>\n\t<meta name=\"twitter:data2\" content=\"2 minutos\" \/>\n<script type=\"application\/ld+json\" class=\"yoast-schema-graph\">{\"@context\":\"https:\\\/\\\/schema.org\",\"@graph\":[{\"@type\":\"Article\",\"@id\":\"https:\\\/\\\/femama.org.br\\\/site\\\/noticias-recentes\\\/femama-participara-de-audiencia-publica-sobre-o-atraso-na-disponibilizacao-de-medicamentos-necessarios-ao-tratamento-de-canceres\\\/#article\",\"isPartOf\":{\"@id\":\"https:\\\/\\\/femama.org.br\\\/site\\\/noticias-recentes\\\/femama-participara-de-audiencia-publica-sobre-o-atraso-na-disponibilizacao-de-medicamentos-necessarios-ao-tratamento-de-canceres\\\/\"},\"author\":{\"name\":\"Femama\",\"@id\":\"https:\\\/\\\/femama.org.br\\\/site\\\/#\\\/schema\\\/person\\\/ed83a17236fa12a9cfd26890f0e3474e\"},\"headline\":\"FEMAMA participar\u00e1 de audi\u00eancia p\u00fablica sobre o atraso na disponibiliza\u00e7\u00e3o de medicamentos necess\u00e1rios ao tratamento de c\u00e2nceres\",\"datePublished\":\"2024-04-22T16:49:01+00:00\",\"dateModified\":\"2024-04-22T17:25:50+00:00\",\"mainEntityOfPage\":{\"@id\":\"https:\\\/\\\/femama.org.br\\\/site\\\/noticias-recentes\\\/femama-participara-de-audiencia-publica-sobre-o-atraso-na-disponibilizacao-de-medicamentos-necessarios-ao-tratamento-de-canceres\\\/\"},\"wordCount\":281,\"commentCount\":0,\"publisher\":{\"@id\":\"https:\\\/\\\/femama.org.br\\\/site\\\/#organization\"},\"image\":{\"@id\":\"https:\\\/\\\/femama.org.br\\\/site\\\/noticias-recentes\\\/femama-participara-de-audiencia-publica-sobre-o-atraso-na-disponibilizacao-de-medicamentos-necessarios-ao-tratamento-de-canceres\\\/#primaryimage\"},\"thumbnailUrl\":\"https:\\\/\\\/femama.org.br\\\/site\\\/wp-content\\\/uploads\\\/2024\\\/04\\\/post-site-11.png\",\"articleSection\":[\"Advocacy\",\"C\u00e2ncer de Mama\",\"Direito dos Pacientes\",\"Not\u00edcias recentes\"],\"inLanguage\":\"pt-BR\",\"potentialAction\":[{\"@type\":\"CommentAction\",\"name\":\"Comment\",\"target\":[\"https:\\\/\\\/femama.org.br\\\/site\\\/noticias-recentes\\\/femama-participara-de-audiencia-publica-sobre-o-atraso-na-disponibilizacao-de-medicamentos-necessarios-ao-tratamento-de-canceres\\\/#respond\"]}]},{\"@type\":\"WebPage\",\"@id\":\"https:\\\/\\\/femama.org.br\\\/site\\\/noticias-recentes\\\/femama-participara-de-audiencia-publica-sobre-o-atraso-na-disponibilizacao-de-medicamentos-necessarios-ao-tratamento-de-canceres\\\/\",\"url\":\"https:\\\/\\\/femama.org.br\\\/site\\\/noticias-recentes\\\/femama-participara-de-audiencia-publica-sobre-o-atraso-na-disponibilizacao-de-medicamentos-necessarios-ao-tratamento-de-canceres\\\/\",\"name\":\"FEMAMA participar\u00e1 de audi\u00eancia p\u00fablica sobre o atraso na disponibiliza\u00e7\u00e3o de medicamentos necess\u00e1rios ao tratamento de c\u00e2nceres | FEMAMA\",\"isPartOf\":{\"@id\":\"https:\\\/\\\/femama.org.br\\\/site\\\/#website\"},\"primaryImageOfPage\":{\"@id\":\"https:\\\/\\\/femama.org.br\\\/site\\\/noticias-recentes\\\/femama-participara-de-audiencia-publica-sobre-o-atraso-na-disponibilizacao-de-medicamentos-necessarios-ao-tratamento-de-canceres\\\/#primaryimage\"},\"image\":{\"@id\":\"https:\\\/\\\/femama.org.br\\\/site\\\/noticias-recentes\\\/femama-participara-de-audiencia-publica-sobre-o-atraso-na-disponibilizacao-de-medicamentos-necessarios-ao-tratamento-de-canceres\\\/#primaryimage\"},\"thumbnailUrl\":\"https:\\\/\\\/femama.org.br\\\/site\\\/wp-content\\\/uploads\\\/2024\\\/04\\\/post-site-11.png\",\"datePublished\":\"2024-04-22T16:49:01+00:00\",\"dateModified\":\"2024-04-22T17:25:50+00:00\",\"breadcrumb\":{\"@id\":\"https:\\\/\\\/femama.org.br\\\/site\\\/noticias-recentes\\\/femama-participara-de-audiencia-publica-sobre-o-atraso-na-disponibilizacao-de-medicamentos-necessarios-ao-tratamento-de-canceres\\\/#breadcrumb\"},\"inLanguage\":\"pt-BR\",\"potentialAction\":[{\"@type\":\"ReadAction\",\"target\":[\"https:\\\/\\\/femama.org.br\\\/site\\\/noticias-recentes\\\/femama-participara-de-audiencia-publica-sobre-o-atraso-na-disponibilizacao-de-medicamentos-necessarios-ao-tratamento-de-canceres\\\/\"]}]},{\"@type\":\"ImageObject\",\"inLanguage\":\"pt-BR\",\"@id\":\"https:\\\/\\\/femama.org.br\\\/site\\\/noticias-recentes\\\/femama-participara-de-audiencia-publica-sobre-o-atraso-na-disponibilizacao-de-medicamentos-necessarios-ao-tratamento-de-canceres\\\/#primaryimage\",\"url\":\"https:\\\/\\\/femama.org.br\\\/site\\\/wp-content\\\/uploads\\\/2024\\\/04\\\/post-site-11.png\",\"contentUrl\":\"https:\\\/\\\/femama.org.br\\\/site\\\/wp-content\\\/uploads\\\/2024\\\/04\\\/post-site-11.png\",\"width\":6912,\"height\":3456},{\"@type\":\"BreadcrumbList\",\"@id\":\"https:\\\/\\\/femama.org.br\\\/site\\\/noticias-recentes\\\/femama-participara-de-audiencia-publica-sobre-o-atraso-na-disponibilizacao-de-medicamentos-necessarios-ao-tratamento-de-canceres\\\/#breadcrumb\",\"itemListElement\":[{\"@type\":\"ListItem\",\"position\":1,\"name\":\"In\u00edcio\",\"item\":\"https:\\\/\\\/femama.org.br\\\/site\\\/\"},{\"@type\":\"ListItem\",\"position\":2,\"name\":\"FEMAMA participar\u00e1 de audi\u00eancia p\u00fablica sobre o atraso na disponibiliza\u00e7\u00e3o de medicamentos necess\u00e1rios ao tratamento de c\u00e2nceres\"}]},{\"@type\":\"WebSite\",\"@id\":\"https:\\\/\\\/femama.org.br\\\/site\\\/#website\",\"url\":\"https:\\\/\\\/femama.org.br\\\/site\\\/\",\"name\":\"FEMAMA\",\"description\":\"Federa\u00e7\u00e3o Brasileira de Institui\u00e7\u00f5es Filantr\u00f3picas de Apoio \u00e0 Sa\u00fade da Mama | C\u00e2ncer de mama\",\"publisher\":{\"@id\":\"https:\\\/\\\/femama.org.br\\\/site\\\/#organization\"},\"potentialAction\":[{\"@type\":\"SearchAction\",\"target\":{\"@type\":\"EntryPoint\",\"urlTemplate\":\"https:\\\/\\\/femama.org.br\\\/site\\\/?s={search_term_string}\"},\"query-input\":{\"@type\":\"PropertyValueSpecification\",\"valueRequired\":true,\"valueName\":\"search_term_string\"}}],\"inLanguage\":\"pt-BR\"},{\"@type\":\"Organization\",\"@id\":\"https:\\\/\\\/femama.org.br\\\/site\\\/#organization\",\"name\":\"Femama | Federa\u00e7\u00e3o Brasileira de Institui\u00e7\u00f5es Filantr\u00f3picas de Apoio \u00e0 Sa\u00fade da Mama | C\u00e2ncer de mama\",\"url\":\"https:\\\/\\\/femama.org.br\\\/site\\\/\",\"logo\":{\"@type\":\"ImageObject\",\"inLanguage\":\"pt-BR\",\"@id\":\"https:\\\/\\\/femama.org.br\\\/site\\\/#\\\/schema\\\/logo\\\/image\\\/\",\"url\":\"https:\\\/\\\/femama.org.br\\\/site\\\/wp-content\\\/uploads\\\/2021\\\/12\\\/logotipo-femama-horizontal.png\",\"contentUrl\":\"https:\\\/\\\/femama.org.br\\\/site\\\/wp-content\\\/uploads\\\/2021\\\/12\\\/logotipo-femama-horizontal.png\",\"width\":300,\"height\":92,\"caption\":\"Femama | Federa\u00e7\u00e3o Brasileira de Institui\u00e7\u00f5es Filantr\u00f3picas de Apoio \u00e0 Sa\u00fade da Mama | C\u00e2ncer de mama\"},\"image\":{\"@id\":\"https:\\\/\\\/femama.org.br\\\/site\\\/#\\\/schema\\\/logo\\\/image\\\/\"},\"sameAs\":[\"https:\\\/\\\/www.facebook.com\\\/femamabrasil\",\"https:\\\/\\\/x.com\\\/femama_\",\"https:\\\/\\\/www.instagram.com\\\/femama.brasil\\\/\",\"https:\\\/\\\/www.youtube.com\\\/user\\\/femamaorg\"]},{\"@type\":\"Person\",\"@id\":\"https:\\\/\\\/femama.org.br\\\/site\\\/#\\\/schema\\\/person\\\/ed83a17236fa12a9cfd26890f0e3474e\",\"name\":\"Femama\",\"image\":{\"@type\":\"ImageObject\",\"inLanguage\":\"pt-BR\",\"@id\":\"https:\\\/\\\/secure.gravatar.com\\\/avatar\\\/fd7fd20674373e7845d94c5ca7e2b795136bf59683c50d1207584f3ec4caf04a?s=96&d=mm&r=g\",\"url\":\"https:\\\/\\\/secure.gravatar.com\\\/avatar\\\/fd7fd20674373e7845d94c5ca7e2b795136bf59683c50d1207584f3ec4caf04a?s=96&d=mm&r=g\",\"contentUrl\":\"https:\\\/\\\/secure.gravatar.com\\\/avatar\\\/fd7fd20674373e7845d94c5ca7e2b795136bf59683c50d1207584f3ec4caf04a?s=96&d=mm&r=g\",\"caption\":\"Femama\"}}]}<\/script>\n<!-- \/ Yoast SEO plugin. -->","yoast_head_json":{"title":"FEMAMA participar\u00e1 de audi\u00eancia p\u00fablica sobre o atraso na disponibiliza\u00e7\u00e3o de medicamentos necess\u00e1rios ao tratamento de c\u00e2nceres | FEMAMA","robots":{"index":"index","follow":"follow","max-snippet":"max-snippet:-1","max-image-preview":"max-image-preview:large","max-video-preview":"max-video-preview:-1"},"canonical":"https:\/\/femama.org.br\/site\/noticias-recentes\/femama-participara-de-audiencia-publica-sobre-o-atraso-na-disponibilizacao-de-medicamentos-necessarios-ao-tratamento-de-canceres\/","og_locale":"pt_BR","og_type":"article","og_title":"FEMAMA participar\u00e1 de audi\u00eancia p\u00fablica sobre o atraso na disponibiliza\u00e7\u00e3o de medicamentos necess\u00e1rios ao tratamento de c\u00e2nceres | FEMAMA","og_description":"A Comiss\u00e3o de Sa\u00fade da C\u00e2mara dos Deputados aprovou, na quarta-feira (17), o requerimento 81\/2024, de autoria dos deputados Doutor Luizinho (PP-RJ) e Dr. Frederico (PRD-MG), que solicita a realiza\u00e7\u00e3o de audi\u00eancia p\u00fablica para discutir \u201cO atraso na disponibiliza\u00e7\u00e3o de medicamentos necess\u00e1rios ao tratamento de c\u00e2nceres (em especial os carcinomas de mama) no Sistema \u00danico [&hellip;]","og_url":"https:\/\/femama.org.br\/site\/noticias-recentes\/femama-participara-de-audiencia-publica-sobre-o-atraso-na-disponibilizacao-de-medicamentos-necessarios-ao-tratamento-de-canceres\/","og_site_name":"FEMAMA","article_publisher":"https:\/\/www.facebook.com\/femamabrasil","article_published_time":"2024-04-22T16:49:01+00:00","article_modified_time":"2024-04-22T17:25:50+00:00","og_image":[{"width":1024,"height":512,"url":"https:\/\/femama.org.br\/site\/wp-content\/uploads\/2024\/04\/post-site-11-1024x512.png","type":"image\/png"}],"author":"Femama","twitter_card":"summary_large_image","twitter_creator":"@femama_","twitter_site":"@femama_","twitter_misc":{"Escrito por":"Femama","Est. tempo de leitura":"2 minutos"},"schema":{"@context":"https:\/\/schema.org","@graph":[{"@type":"Article","@id":"https:\/\/femama.org.br\/site\/noticias-recentes\/femama-participara-de-audiencia-publica-sobre-o-atraso-na-disponibilizacao-de-medicamentos-necessarios-ao-tratamento-de-canceres\/#article","isPartOf":{"@id":"https:\/\/femama.org.br\/site\/noticias-recentes\/femama-participara-de-audiencia-publica-sobre-o-atraso-na-disponibilizacao-de-medicamentos-necessarios-ao-tratamento-de-canceres\/"},"author":{"name":"Femama","@id":"https:\/\/femama.org.br\/site\/#\/schema\/person\/ed83a17236fa12a9cfd26890f0e3474e"},"headline":"FEMAMA participar\u00e1 de audi\u00eancia p\u00fablica sobre o atraso na disponibiliza\u00e7\u00e3o de medicamentos necess\u00e1rios ao tratamento de c\u00e2nceres","datePublished":"2024-04-22T16:49:01+00:00","dateModified":"2024-04-22T17:25:50+00:00","mainEntityOfPage":{"@id":"https:\/\/femama.org.br\/site\/noticias-recentes\/femama-participara-de-audiencia-publica-sobre-o-atraso-na-disponibilizacao-de-medicamentos-necessarios-ao-tratamento-de-canceres\/"},"wordCount":281,"commentCount":0,"publisher":{"@id":"https:\/\/femama.org.br\/site\/#organization"},"image":{"@id":"https:\/\/femama.org.br\/site\/noticias-recentes\/femama-participara-de-audiencia-publica-sobre-o-atraso-na-disponibilizacao-de-medicamentos-necessarios-ao-tratamento-de-canceres\/#primaryimage"},"thumbnailUrl":"https:\/\/femama.org.br\/site\/wp-content\/uploads\/2024\/04\/post-site-11.png","articleSection":["Advocacy","C\u00e2ncer de Mama","Direito dos Pacientes","Not\u00edcias recentes"],"inLanguage":"pt-BR","potentialAction":[{"@type":"CommentAction","name":"Comment","target":["https:\/\/femama.org.br\/site\/noticias-recentes\/femama-participara-de-audiencia-publica-sobre-o-atraso-na-disponibilizacao-de-medicamentos-necessarios-ao-tratamento-de-canceres\/#respond"]}]},{"@type":"WebPage","@id":"https:\/\/femama.org.br\/site\/noticias-recentes\/femama-participara-de-audiencia-publica-sobre-o-atraso-na-disponibilizacao-de-medicamentos-necessarios-ao-tratamento-de-canceres\/","url":"https:\/\/femama.org.br\/site\/noticias-recentes\/femama-participara-de-audiencia-publica-sobre-o-atraso-na-disponibilizacao-de-medicamentos-necessarios-ao-tratamento-de-canceres\/","name":"FEMAMA participar\u00e1 de audi\u00eancia p\u00fablica sobre o atraso na disponibiliza\u00e7\u00e3o de medicamentos necess\u00e1rios ao tratamento de c\u00e2nceres | FEMAMA","isPartOf":{"@id":"https:\/\/femama.org.br\/site\/#website"},"primaryImageOfPage":{"@id":"https:\/\/femama.org.br\/site\/noticias-recentes\/femama-participara-de-audiencia-publica-sobre-o-atraso-na-disponibilizacao-de-medicamentos-necessarios-ao-tratamento-de-canceres\/#primaryimage"},"image":{"@id":"https:\/\/femama.org.br\/site\/noticias-recentes\/femama-participara-de-audiencia-publica-sobre-o-atraso-na-disponibilizacao-de-medicamentos-necessarios-ao-tratamento-de-canceres\/#primaryimage"},"thumbnailUrl":"https:\/\/femama.org.br\/site\/wp-content\/uploads\/2024\/04\/post-site-11.png","datePublished":"2024-04-22T16:49:01+00:00","dateModified":"2024-04-22T17:25:50+00:00","breadcrumb":{"@id":"https:\/\/femama.org.br\/site\/noticias-recentes\/femama-participara-de-audiencia-publica-sobre-o-atraso-na-disponibilizacao-de-medicamentos-necessarios-ao-tratamento-de-canceres\/#breadcrumb"},"inLanguage":"pt-BR","potentialAction":[{"@type":"ReadAction","target":["https:\/\/femama.org.br\/site\/noticias-recentes\/femama-participara-de-audiencia-publica-sobre-o-atraso-na-disponibilizacao-de-medicamentos-necessarios-ao-tratamento-de-canceres\/"]}]},{"@type":"ImageObject","inLanguage":"pt-BR","@id":"https:\/\/femama.org.br\/site\/noticias-recentes\/femama-participara-de-audiencia-publica-sobre-o-atraso-na-disponibilizacao-de-medicamentos-necessarios-ao-tratamento-de-canceres\/#primaryimage","url":"https:\/\/femama.org.br\/site\/wp-content\/uploads\/2024\/04\/post-site-11.png","contentUrl":"https:\/\/femama.org.br\/site\/wp-content\/uploads\/2024\/04\/post-site-11.png","width":6912,"height":3456},{"@type":"BreadcrumbList","@id":"https:\/\/femama.org.br\/site\/noticias-recentes\/femama-participara-de-audiencia-publica-sobre-o-atraso-na-disponibilizacao-de-medicamentos-necessarios-ao-tratamento-de-canceres\/#breadcrumb","itemListElement":[{"@type":"ListItem","position":1,"name":"In\u00edcio","item":"https:\/\/femama.org.br\/site\/"},{"@type":"ListItem","position":2,"name":"FEMAMA participar\u00e1 de audi\u00eancia p\u00fablica sobre o atraso na disponibiliza\u00e7\u00e3o de medicamentos necess\u00e1rios ao tratamento de c\u00e2nceres"}]},{"@type":"WebSite","@id":"https:\/\/femama.org.br\/site\/#website","url":"https:\/\/femama.org.br\/site\/","name":"FEMAMA","description":"Federa\u00e7\u00e3o Brasileira de Institui\u00e7\u00f5es Filantr\u00f3picas de Apoio \u00e0 Sa\u00fade da Mama | C\u00e2ncer de mama","publisher":{"@id":"https:\/\/femama.org.br\/site\/#organization"},"potentialAction":[{"@type":"SearchAction","target":{"@type":"EntryPoint","urlTemplate":"https:\/\/femama.org.br\/site\/?s={search_term_string}"},"query-input":{"@type":"PropertyValueSpecification","valueRequired":true,"valueName":"search_term_string"}}],"inLanguage":"pt-BR"},{"@type":"Organization","@id":"https:\/\/femama.org.br\/site\/#organization","name":"Femama | Federa\u00e7\u00e3o Brasileira de Institui\u00e7\u00f5es Filantr\u00f3picas de Apoio \u00e0 Sa\u00fade da Mama | C\u00e2ncer de mama","url":"https:\/\/femama.org.br\/site\/","logo":{"@type":"ImageObject","inLanguage":"pt-BR","@id":"https:\/\/femama.org.br\/site\/#\/schema\/logo\/image\/","url":"https:\/\/femama.org.br\/site\/wp-content\/uploads\/2021\/12\/logotipo-femama-horizontal.png","contentUrl":"https:\/\/femama.org.br\/site\/wp-content\/uploads\/2021\/12\/logotipo-femama-horizontal.png","width":300,"height":92,"caption":"Femama | Federa\u00e7\u00e3o Brasileira de Institui\u00e7\u00f5es Filantr\u00f3picas de Apoio \u00e0 Sa\u00fade da Mama | C\u00e2ncer de mama"},"image":{"@id":"https:\/\/femama.org.br\/site\/#\/schema\/logo\/image\/"},"sameAs":["https:\/\/www.facebook.com\/femamabrasil","https:\/\/x.com\/femama_","https:\/\/www.instagram.com\/femama.brasil\/","https:\/\/www.youtube.com\/user\/femamaorg"]},{"@type":"Person","@id":"https:\/\/femama.org.br\/site\/#\/schema\/person\/ed83a17236fa12a9cfd26890f0e3474e","name":"Femama","image":{"@type":"ImageObject","inLanguage":"pt-BR","@id":"https:\/\/secure.gravatar.com\/avatar\/fd7fd20674373e7845d94c5ca7e2b795136bf59683c50d1207584f3ec4caf04a?s=96&d=mm&r=g","url":"https:\/\/secure.gravatar.com\/avatar\/fd7fd20674373e7845d94c5ca7e2b795136bf59683c50d1207584f3ec4caf04a?s=96&d=mm&r=g","contentUrl":"https:\/\/secure.gravatar.com\/avatar\/fd7fd20674373e7845d94c5ca7e2b795136bf59683c50d1207584f3ec4caf04a?s=96&d=mm&r=g","caption":"Femama"}}]}},"_links":{"self":[{"href":"https:\/\/femama.org.br\/site\/wp-json\/wp\/v2\/posts\/25248","targetHints":{"allow":["GET"]}}],"collection":[{"href":"https:\/\/femama.org.br\/site\/wp-json\/wp\/v2\/posts"}],"about":[{"href":"https:\/\/femama.org.br\/site\/wp-json\/wp\/v2\/types\/post"}],"author":[{"embeddable":true,"href":"https:\/\/femama.org.br\/site\/wp-json\/wp\/v2\/users\/7"}],"replies":[{"embeddable":true,"href":"https:\/\/femama.org.br\/site\/wp-json\/wp\/v2\/comments?post=25248"}],"version-history":[{"count":2,"href":"https:\/\/femama.org.br\/site\/wp-json\/wp\/v2\/posts\/25248\/revisions"}],"predecessor-version":[{"id":25251,"href":"https:\/\/femama.org.br\/site\/wp-json\/wp\/v2\/posts\/25248\/revisions\/25251"}],"wp:featuredmedia":[{"embeddable":true,"href":"https:\/\/femama.org.br\/site\/wp-json\/wp\/v2\/media\/25249"}],"wp:attachment":[{"href":"https:\/\/femama.org.br\/site\/wp-json\/wp\/v2\/media?parent=25248"}],"wp:term":[{"taxonomy":"category","embeddable":true,"href":"https:\/\/femama.org.br\/site\/wp-json\/wp\/v2\/categories?post=25248"},{"taxonomy":"post_tag","embeddable":true,"href":"https:\/\/femama.org.br\/site\/wp-json\/wp\/v2\/tags?post=25248"}],"curies":[{"name":"wp","href":"https:\/\/api.w.org\/{rel}","templated":true}]}}