{"id":25264,"date":"2024-04-24T10:01:26","date_gmt":"2024-04-24T13:01:26","guid":{"rendered":"https:\/\/femama.org.br\/site\/?p=25264"},"modified":"2024-04-24T10:14:01","modified_gmt":"2024-04-24T13:14:01","slug":"femama-no-global-forum-saude-em-brasilia","status":"publish","type":"post","link":"https:\/\/femama.org.br\/site\/sem-categoria\/femama-no-global-forum-saude-em-brasilia\/","title":{"rendered":"FEMAMA NO GLOBAL FORUM SA\u00daDE EM BRAS\u00cdLIA"},"content":{"rendered":"<p><span style=\"color: #000000;\">Nos dias 24 e 25 de abril a FEMAMA estar\u00e1 presente no Global F\u00f3rum Sa\u00fade, em Bras\u00edlia\/DF. Nesta edi\u00e7\u00e3o especial, o evento abordar\u00e1 a implementa\u00e7\u00e3o da Lei 14.758\/2023, que criou a Pol\u00edtica Nacional de Preven\u00e7\u00e3o e Controle do C\u00e2ncer. Entre os destaques da programa\u00e7\u00e3o, teremos uma avalia\u00e7\u00e3o do cen\u00e1rio da Oncologia no Brasil e sua regionaliza\u00e7\u00e3o, os desafios do financiamento durante a jornada integral do paciente com c\u00e2ncer, a navega\u00e7\u00e3o de pacientes no SUS, entre outros.<\/span><\/p>\n<figure id=\"attachment_25266\" aria-describedby=\"caption-attachment-25266\" style=\"width: 150px\" class=\"wp-caption alignleft\"><img decoding=\"async\" class=\"wp-image-25266 size-thumbnail\" src=\"https:\/\/femama.org.br\/site\/wp-content\/uploads\/2024\/04\/WhatsApp-Image-2024-04-24-at-09.33.16-1-e1713963016951-150x150.jpeg\" alt=\"\" width=\"150\" height=\"150\" srcset=\"https:\/\/femama.org.br\/site\/wp-content\/uploads\/2024\/04\/WhatsApp-Image-2024-04-24-at-09.33.16-1-e1713963016951-150x150.jpeg 150w, https:\/\/femama.org.br\/site\/wp-content\/uploads\/2024\/04\/WhatsApp-Image-2024-04-24-at-09.33.16-1-e1713963016951-120x120.jpeg 120w\" sizes=\"(max-width: 150px) 100vw, 150px\" \/><figcaption id=\"caption-attachment-25266\" class=\"wp-caption-text\"><span style=\"font-size: 8px; color: #000000; line-height: 1px;\">Da esquerda para direita: Alexandre Ben, Coordenador de Projetos e Rela\u00e7\u00f5es Institucionais da FEMAMA, Daniele Castelo Branco, Gestora da Associa\u00e7\u00e3o nossa Casa e Marcelo Pedroso, presidente da ASPEC.<\/span><\/figcaption><\/figure>\n<p><span style=\"color: #000000;\">Participar do Global F\u00f3rum Sa\u00fade proporciona trocas valiosas e fortalece o papel das institui\u00e7\u00f5es como defensoras ativas dos direitos dos pacientes com c\u00e2ncer. Estando presentes e engajadas nas discuss\u00f5es sobre a<\/span> <a href=\"https:\/\/femama.org.br\/site\/wcd\/\">implementa\u00e7\u00e3o da PNPCC<\/a><span style=\"color: #000000;\">, tanto a FEMAMA como suas associadas reafirmam o compromisso com a sa\u00fade p\u00fablica e o acesso equitativo ao tratamento da doen\u00e7a.<\/span><\/p>\n<p><span style=\"color: #000000;\">Promovido pelo Instituto Lado a Lado pela Vida, o evento acontece no Centro Internacional de Conven\u00e7\u00f5es do Brasil &#8211; CICB. Mais informa\u00e7\u00f5es podem ser obtidas atrav\u00e9s do site <a href=\"https:\/\/www.globalforumsaude.com.br\/globalforumespecial2024\">https:\/\/www.globalforumsaude.com.br\/globalforumespecial2024<\/a><\/span><\/p>\n<p>&nbsp;<\/p>\n","protected":false},"excerpt":{"rendered":"<p>Nos dias 24 e 25 de abril a FEMAMA estar\u00e1 presente no Global F\u00f3rum Sa\u00fade, em Bras\u00edlia\/DF. Nesta edi\u00e7\u00e3o especial, o evento abordar\u00e1 a implementa\u00e7\u00e3o da Lei 14.758\/2023, que criou a Pol\u00edtica Nacional de Preven\u00e7\u00e3o e Controle do C\u00e2ncer. Entre os destaques da programa\u00e7\u00e3o, teremos uma avalia\u00e7\u00e3o do cen\u00e1rio da Oncologia no Brasil e sua [&hellip;]<\/p>\n","protected":false},"author":7,"featured_media":25265,"comment_status":"open","ping_status":"closed","sticky":false,"template":"","format":"standard","meta":{"_acf_changed":false,"footnotes":""},"categories":[19,16,20,13,1],"tags":[],"class_list":["post-25264","post","type-post","status-publish","format-standard","has-post-thumbnail","hentry","category-advocacy","category-associadas","category-direito-dos-pacientes","category-noticias-recentes","category-sem-categoria"],"acf":[],"yoast_head":"<!-- This site is optimized with the Yoast SEO plugin v27.5 - https:\/\/yoast.com\/product\/yoast-seo-wordpress\/ -->\n<title>FEMAMA NO GLOBAL FORUM SA\u00daDE EM BRAS\u00cdLIA | FEMAMA<\/title>\n<meta name=\"robots\" content=\"index, follow, max-snippet:-1, max-image-preview:large, max-video-preview:-1\" \/>\n<link rel=\"canonical\" href=\"https:\/\/femama.org.br\/site\/sem-categoria\/femama-no-global-forum-saude-em-brasilia\/\" \/>\n<meta property=\"og:locale\" content=\"pt_BR\" \/>\n<meta property=\"og:type\" content=\"article\" \/>\n<meta property=\"og:title\" content=\"FEMAMA NO GLOBAL FORUM SA\u00daDE EM BRAS\u00cdLIA | FEMAMA\" \/>\n<meta property=\"og:description\" content=\"Nos dias 24 e 25 de abril a FEMAMA estar\u00e1 presente no Global F\u00f3rum Sa\u00fade, em Bras\u00edlia\/DF. Nesta edi\u00e7\u00e3o especial, o evento abordar\u00e1 a implementa\u00e7\u00e3o da Lei 14.758\/2023, que criou a Pol\u00edtica Nacional de Preven\u00e7\u00e3o e Controle do C\u00e2ncer. Entre os destaques da programa\u00e7\u00e3o, teremos uma avalia\u00e7\u00e3o do cen\u00e1rio da Oncologia no Brasil e sua [&hellip;]\" \/>\n<meta property=\"og:url\" content=\"https:\/\/femama.org.br\/site\/sem-categoria\/femama-no-global-forum-saude-em-brasilia\/\" \/>\n<meta property=\"og:site_name\" content=\"FEMAMA\" \/>\n<meta property=\"article:publisher\" content=\"https:\/\/www.facebook.com\/femamabrasil\" \/>\n<meta property=\"article:published_time\" content=\"2024-04-24T13:01:26+00:00\" \/>\n<meta property=\"article:modified_time\" content=\"2024-04-24T13:14:01+00:00\" \/>\n<meta property=\"og:image\" content=\"https:\/\/femama.org.br\/site\/wp-content\/uploads\/2024\/04\/post-site-13.png\" \/>\n\t<meta property=\"og:image:width\" content=\"6912\" \/>\n\t<meta property=\"og:image:height\" content=\"3456\" \/>\n\t<meta property=\"og:image:type\" content=\"image\/png\" \/>\n<meta name=\"author\" content=\"Femama\" \/>\n<meta name=\"twitter:card\" content=\"summary_large_image\" \/>\n<meta name=\"twitter:creator\" content=\"@femama_\" \/>\n<meta name=\"twitter:site\" content=\"@femama_\" \/>\n<meta name=\"twitter:label1\" content=\"Escrito por\" \/>\n\t<meta name=\"twitter:data1\" content=\"Femama\" \/>\n\t<meta name=\"twitter:label2\" content=\"Est. tempo de leitura\" \/>\n\t<meta name=\"twitter:data2\" content=\"2 minutos\" \/>\n<script type=\"application\/ld+json\" class=\"yoast-schema-graph\">{\"@context\":\"https:\\\/\\\/schema.org\",\"@graph\":[{\"@type\":\"Article\",\"@id\":\"https:\\\/\\\/femama.org.br\\\/site\\\/sem-categoria\\\/femama-no-global-forum-saude-em-brasilia\\\/#article\",\"isPartOf\":{\"@id\":\"https:\\\/\\\/femama.org.br\\\/site\\\/sem-categoria\\\/femama-no-global-forum-saude-em-brasilia\\\/\"},\"author\":{\"name\":\"Femama\",\"@id\":\"https:\\\/\\\/femama.org.br\\\/site\\\/#\\\/schema\\\/person\\\/ed83a17236fa12a9cfd26890f0e3474e\"},\"headline\":\"FEMAMA NO GLOBAL FORUM SA\u00daDE EM BRAS\u00cdLIA\",\"datePublished\":\"2024-04-24T13:01:26+00:00\",\"dateModified\":\"2024-04-24T13:14:01+00:00\",\"mainEntityOfPage\":{\"@id\":\"https:\\\/\\\/femama.org.br\\\/site\\\/sem-categoria\\\/femama-no-global-forum-saude-em-brasilia\\\/\"},\"wordCount\":236,\"commentCount\":0,\"publisher\":{\"@id\":\"https:\\\/\\\/femama.org.br\\\/site\\\/#organization\"},\"image\":{\"@id\":\"https:\\\/\\\/femama.org.br\\\/site\\\/sem-categoria\\\/femama-no-global-forum-saude-em-brasilia\\\/#primaryimage\"},\"thumbnailUrl\":\"https:\\\/\\\/femama.org.br\\\/site\\\/wp-content\\\/uploads\\\/2024\\\/04\\\/post-site-13.png\",\"articleSection\":[\"Advocacy\",\"Associadas\",\"Direito dos Pacientes\",\"Not\u00edcias recentes\"],\"inLanguage\":\"pt-BR\",\"potentialAction\":[{\"@type\":\"CommentAction\",\"name\":\"Comment\",\"target\":[\"https:\\\/\\\/femama.org.br\\\/site\\\/sem-categoria\\\/femama-no-global-forum-saude-em-brasilia\\\/#respond\"]}]},{\"@type\":\"WebPage\",\"@id\":\"https:\\\/\\\/femama.org.br\\\/site\\\/sem-categoria\\\/femama-no-global-forum-saude-em-brasilia\\\/\",\"url\":\"https:\\\/\\\/femama.org.br\\\/site\\\/sem-categoria\\\/femama-no-global-forum-saude-em-brasilia\\\/\",\"name\":\"FEMAMA NO GLOBAL FORUM SA\u00daDE EM BRAS\u00cdLIA | FEMAMA\",\"isPartOf\":{\"@id\":\"https:\\\/\\\/femama.org.br\\\/site\\\/#website\"},\"primaryImageOfPage\":{\"@id\":\"https:\\\/\\\/femama.org.br\\\/site\\\/sem-categoria\\\/femama-no-global-forum-saude-em-brasilia\\\/#primaryimage\"},\"image\":{\"@id\":\"https:\\\/\\\/femama.org.br\\\/site\\\/sem-categoria\\\/femama-no-global-forum-saude-em-brasilia\\\/#primaryimage\"},\"thumbnailUrl\":\"https:\\\/\\\/femama.org.br\\\/site\\\/wp-content\\\/uploads\\\/2024\\\/04\\\/post-site-13.png\",\"datePublished\":\"2024-04-24T13:01:26+00:00\",\"dateModified\":\"2024-04-24T13:14:01+00:00\",\"breadcrumb\":{\"@id\":\"https:\\\/\\\/femama.org.br\\\/site\\\/sem-categoria\\\/femama-no-global-forum-saude-em-brasilia\\\/#breadcrumb\"},\"inLanguage\":\"pt-BR\",\"potentialAction\":[{\"@type\":\"ReadAction\",\"target\":[\"https:\\\/\\\/femama.org.br\\\/site\\\/sem-categoria\\\/femama-no-global-forum-saude-em-brasilia\\\/\"]}]},{\"@type\":\"ImageObject\",\"inLanguage\":\"pt-BR\",\"@id\":\"https:\\\/\\\/femama.org.br\\\/site\\\/sem-categoria\\\/femama-no-global-forum-saude-em-brasilia\\\/#primaryimage\",\"url\":\"https:\\\/\\\/femama.org.br\\\/site\\\/wp-content\\\/uploads\\\/2024\\\/04\\\/post-site-13.png\",\"contentUrl\":\"https:\\\/\\\/femama.org.br\\\/site\\\/wp-content\\\/uploads\\\/2024\\\/04\\\/post-site-13.png\",\"width\":6912,\"height\":3456},{\"@type\":\"BreadcrumbList\",\"@id\":\"https:\\\/\\\/femama.org.br\\\/site\\\/sem-categoria\\\/femama-no-global-forum-saude-em-brasilia\\\/#breadcrumb\",\"itemListElement\":[{\"@type\":\"ListItem\",\"position\":1,\"name\":\"In\u00edcio\",\"item\":\"https:\\\/\\\/femama.org.br\\\/site\\\/\"},{\"@type\":\"ListItem\",\"position\":2,\"name\":\"FEMAMA NO GLOBAL FORUM SA\u00daDE EM BRAS\u00cdLIA\"}]},{\"@type\":\"WebSite\",\"@id\":\"https:\\\/\\\/femama.org.br\\\/site\\\/#website\",\"url\":\"https:\\\/\\\/femama.org.br\\\/site\\\/\",\"name\":\"FEMAMA\",\"description\":\"Federa\u00e7\u00e3o Brasileira de Institui\u00e7\u00f5es Filantr\u00f3picas de Apoio \u00e0 Sa\u00fade da Mama | C\u00e2ncer de mama\",\"publisher\":{\"@id\":\"https:\\\/\\\/femama.org.br\\\/site\\\/#organization\"},\"potentialAction\":[{\"@type\":\"SearchAction\",\"target\":{\"@type\":\"EntryPoint\",\"urlTemplate\":\"https:\\\/\\\/femama.org.br\\\/site\\\/?s={search_term_string}\"},\"query-input\":{\"@type\":\"PropertyValueSpecification\",\"valueRequired\":true,\"valueName\":\"search_term_string\"}}],\"inLanguage\":\"pt-BR\"},{\"@type\":\"Organization\",\"@id\":\"https:\\\/\\\/femama.org.br\\\/site\\\/#organization\",\"name\":\"Femama | Federa\u00e7\u00e3o Brasileira de Institui\u00e7\u00f5es Filantr\u00f3picas de Apoio \u00e0 Sa\u00fade da Mama | C\u00e2ncer de mama\",\"url\":\"https:\\\/\\\/femama.org.br\\\/site\\\/\",\"logo\":{\"@type\":\"ImageObject\",\"inLanguage\":\"pt-BR\",\"@id\":\"https:\\\/\\\/femama.org.br\\\/site\\\/#\\\/schema\\\/logo\\\/image\\\/\",\"url\":\"https:\\\/\\\/femama.org.br\\\/site\\\/wp-content\\\/uploads\\\/2021\\\/12\\\/logotipo-femama-horizontal.png\",\"contentUrl\":\"https:\\\/\\\/femama.org.br\\\/site\\\/wp-content\\\/uploads\\\/2021\\\/12\\\/logotipo-femama-horizontal.png\",\"width\":300,\"height\":92,\"caption\":\"Femama | Federa\u00e7\u00e3o Brasileira de Institui\u00e7\u00f5es Filantr\u00f3picas de Apoio \u00e0 Sa\u00fade da Mama | C\u00e2ncer de mama\"},\"image\":{\"@id\":\"https:\\\/\\\/femama.org.br\\\/site\\\/#\\\/schema\\\/logo\\\/image\\\/\"},\"sameAs\":[\"https:\\\/\\\/www.facebook.com\\\/femamabrasil\",\"https:\\\/\\\/x.com\\\/femama_\",\"https:\\\/\\\/www.instagram.com\\\/femama.brasil\\\/\",\"https:\\\/\\\/www.youtube.com\\\/user\\\/femamaorg\"]},{\"@type\":\"Person\",\"@id\":\"https:\\\/\\\/femama.org.br\\\/site\\\/#\\\/schema\\\/person\\\/ed83a17236fa12a9cfd26890f0e3474e\",\"name\":\"Femama\",\"image\":{\"@type\":\"ImageObject\",\"inLanguage\":\"pt-BR\",\"@id\":\"https:\\\/\\\/secure.gravatar.com\\\/avatar\\\/fd7fd20674373e7845d94c5ca7e2b795136bf59683c50d1207584f3ec4caf04a?s=96&d=mm&r=g\",\"url\":\"https:\\\/\\\/secure.gravatar.com\\\/avatar\\\/fd7fd20674373e7845d94c5ca7e2b795136bf59683c50d1207584f3ec4caf04a?s=96&d=mm&r=g\",\"contentUrl\":\"https:\\\/\\\/secure.gravatar.com\\\/avatar\\\/fd7fd20674373e7845d94c5ca7e2b795136bf59683c50d1207584f3ec4caf04a?s=96&d=mm&r=g\",\"caption\":\"Femama\"}}]}<\/script>\n<!-- \/ Yoast SEO plugin. -->","yoast_head_json":{"title":"FEMAMA NO GLOBAL FORUM SA\u00daDE EM BRAS\u00cdLIA | FEMAMA","robots":{"index":"index","follow":"follow","max-snippet":"max-snippet:-1","max-image-preview":"max-image-preview:large","max-video-preview":"max-video-preview:-1"},"canonical":"https:\/\/femama.org.br\/site\/sem-categoria\/femama-no-global-forum-saude-em-brasilia\/","og_locale":"pt_BR","og_type":"article","og_title":"FEMAMA NO GLOBAL FORUM SA\u00daDE EM BRAS\u00cdLIA | FEMAMA","og_description":"Nos dias 24 e 25 de abril a FEMAMA estar\u00e1 presente no Global F\u00f3rum Sa\u00fade, em Bras\u00edlia\/DF. Nesta edi\u00e7\u00e3o especial, o evento abordar\u00e1 a implementa\u00e7\u00e3o da Lei 14.758\/2023, que criou a Pol\u00edtica Nacional de Preven\u00e7\u00e3o e Controle do C\u00e2ncer. Entre os destaques da programa\u00e7\u00e3o, teremos uma avalia\u00e7\u00e3o do cen\u00e1rio da Oncologia no Brasil e sua [&hellip;]","og_url":"https:\/\/femama.org.br\/site\/sem-categoria\/femama-no-global-forum-saude-em-brasilia\/","og_site_name":"FEMAMA","article_publisher":"https:\/\/www.facebook.com\/femamabrasil","article_published_time":"2024-04-24T13:01:26+00:00","article_modified_time":"2024-04-24T13:14:01+00:00","og_image":[{"width":6912,"height":3456,"url":"https:\/\/femama.org.br\/site\/wp-content\/uploads\/2024\/04\/post-site-13.png","type":"image\/png"}],"author":"Femama","twitter_card":"summary_large_image","twitter_creator":"@femama_","twitter_site":"@femama_","twitter_misc":{"Escrito por":"Femama","Est. tempo de leitura":"2 minutos"},"schema":{"@context":"https:\/\/schema.org","@graph":[{"@type":"Article","@id":"https:\/\/femama.org.br\/site\/sem-categoria\/femama-no-global-forum-saude-em-brasilia\/#article","isPartOf":{"@id":"https:\/\/femama.org.br\/site\/sem-categoria\/femama-no-global-forum-saude-em-brasilia\/"},"author":{"name":"Femama","@id":"https:\/\/femama.org.br\/site\/#\/schema\/person\/ed83a17236fa12a9cfd26890f0e3474e"},"headline":"FEMAMA NO GLOBAL FORUM SA\u00daDE EM BRAS\u00cdLIA","datePublished":"2024-04-24T13:01:26+00:00","dateModified":"2024-04-24T13:14:01+00:00","mainEntityOfPage":{"@id":"https:\/\/femama.org.br\/site\/sem-categoria\/femama-no-global-forum-saude-em-brasilia\/"},"wordCount":236,"commentCount":0,"publisher":{"@id":"https:\/\/femama.org.br\/site\/#organization"},"image":{"@id":"https:\/\/femama.org.br\/site\/sem-categoria\/femama-no-global-forum-saude-em-brasilia\/#primaryimage"},"thumbnailUrl":"https:\/\/femama.org.br\/site\/wp-content\/uploads\/2024\/04\/post-site-13.png","articleSection":["Advocacy","Associadas","Direito dos Pacientes","Not\u00edcias recentes"],"inLanguage":"pt-BR","potentialAction":[{"@type":"CommentAction","name":"Comment","target":["https:\/\/femama.org.br\/site\/sem-categoria\/femama-no-global-forum-saude-em-brasilia\/#respond"]}]},{"@type":"WebPage","@id":"https:\/\/femama.org.br\/site\/sem-categoria\/femama-no-global-forum-saude-em-brasilia\/","url":"https:\/\/femama.org.br\/site\/sem-categoria\/femama-no-global-forum-saude-em-brasilia\/","name":"FEMAMA NO GLOBAL FORUM SA\u00daDE EM BRAS\u00cdLIA | FEMAMA","isPartOf":{"@id":"https:\/\/femama.org.br\/site\/#website"},"primaryImageOfPage":{"@id":"https:\/\/femama.org.br\/site\/sem-categoria\/femama-no-global-forum-saude-em-brasilia\/#primaryimage"},"image":{"@id":"https:\/\/femama.org.br\/site\/sem-categoria\/femama-no-global-forum-saude-em-brasilia\/#primaryimage"},"thumbnailUrl":"https:\/\/femama.org.br\/site\/wp-content\/uploads\/2024\/04\/post-site-13.png","datePublished":"2024-04-24T13:01:26+00:00","dateModified":"2024-04-24T13:14:01+00:00","breadcrumb":{"@id":"https:\/\/femama.org.br\/site\/sem-categoria\/femama-no-global-forum-saude-em-brasilia\/#breadcrumb"},"inLanguage":"pt-BR","potentialAction":[{"@type":"ReadAction","target":["https:\/\/femama.org.br\/site\/sem-categoria\/femama-no-global-forum-saude-em-brasilia\/"]}]},{"@type":"ImageObject","inLanguage":"pt-BR","@id":"https:\/\/femama.org.br\/site\/sem-categoria\/femama-no-global-forum-saude-em-brasilia\/#primaryimage","url":"https:\/\/femama.org.br\/site\/wp-content\/uploads\/2024\/04\/post-site-13.png","contentUrl":"https:\/\/femama.org.br\/site\/wp-content\/uploads\/2024\/04\/post-site-13.png","width":6912,"height":3456},{"@type":"BreadcrumbList","@id":"https:\/\/femama.org.br\/site\/sem-categoria\/femama-no-global-forum-saude-em-brasilia\/#breadcrumb","itemListElement":[{"@type":"ListItem","position":1,"name":"In\u00edcio","item":"https:\/\/femama.org.br\/site\/"},{"@type":"ListItem","position":2,"name":"FEMAMA NO GLOBAL FORUM SA\u00daDE EM BRAS\u00cdLIA"}]},{"@type":"WebSite","@id":"https:\/\/femama.org.br\/site\/#website","url":"https:\/\/femama.org.br\/site\/","name":"FEMAMA","description":"Federa\u00e7\u00e3o Brasileira de Institui\u00e7\u00f5es Filantr\u00f3picas de Apoio \u00e0 Sa\u00fade da Mama | C\u00e2ncer de mama","publisher":{"@id":"https:\/\/femama.org.br\/site\/#organization"},"potentialAction":[{"@type":"SearchAction","target":{"@type":"EntryPoint","urlTemplate":"https:\/\/femama.org.br\/site\/?s={search_term_string}"},"query-input":{"@type":"PropertyValueSpecification","valueRequired":true,"valueName":"search_term_string"}}],"inLanguage":"pt-BR"},{"@type":"Organization","@id":"https:\/\/femama.org.br\/site\/#organization","name":"Femama | Federa\u00e7\u00e3o Brasileira de Institui\u00e7\u00f5es Filantr\u00f3picas de Apoio \u00e0 Sa\u00fade da Mama | C\u00e2ncer de mama","url":"https:\/\/femama.org.br\/site\/","logo":{"@type":"ImageObject","inLanguage":"pt-BR","@id":"https:\/\/femama.org.br\/site\/#\/schema\/logo\/image\/","url":"https:\/\/femama.org.br\/site\/wp-content\/uploads\/2021\/12\/logotipo-femama-horizontal.png","contentUrl":"https:\/\/femama.org.br\/site\/wp-content\/uploads\/2021\/12\/logotipo-femama-horizontal.png","width":300,"height":92,"caption":"Femama | Federa\u00e7\u00e3o Brasileira de Institui\u00e7\u00f5es Filantr\u00f3picas de Apoio \u00e0 Sa\u00fade da Mama | C\u00e2ncer de mama"},"image":{"@id":"https:\/\/femama.org.br\/site\/#\/schema\/logo\/image\/"},"sameAs":["https:\/\/www.facebook.com\/femamabrasil","https:\/\/x.com\/femama_","https:\/\/www.instagram.com\/femama.brasil\/","https:\/\/www.youtube.com\/user\/femamaorg"]},{"@type":"Person","@id":"https:\/\/femama.org.br\/site\/#\/schema\/person\/ed83a17236fa12a9cfd26890f0e3474e","name":"Femama","image":{"@type":"ImageObject","inLanguage":"pt-BR","@id":"https:\/\/secure.gravatar.com\/avatar\/fd7fd20674373e7845d94c5ca7e2b795136bf59683c50d1207584f3ec4caf04a?s=96&d=mm&r=g","url":"https:\/\/secure.gravatar.com\/avatar\/fd7fd20674373e7845d94c5ca7e2b795136bf59683c50d1207584f3ec4caf04a?s=96&d=mm&r=g","contentUrl":"https:\/\/secure.gravatar.com\/avatar\/fd7fd20674373e7845d94c5ca7e2b795136bf59683c50d1207584f3ec4caf04a?s=96&d=mm&r=g","caption":"Femama"}}]}},"_links":{"self":[{"href":"https:\/\/femama.org.br\/site\/wp-json\/wp\/v2\/posts\/25264","targetHints":{"allow":["GET"]}}],"collection":[{"href":"https:\/\/femama.org.br\/site\/wp-json\/wp\/v2\/posts"}],"about":[{"href":"https:\/\/femama.org.br\/site\/wp-json\/wp\/v2\/types\/post"}],"author":[{"embeddable":true,"href":"https:\/\/femama.org.br\/site\/wp-json\/wp\/v2\/users\/7"}],"replies":[{"embeddable":true,"href":"https:\/\/femama.org.br\/site\/wp-json\/wp\/v2\/comments?post=25264"}],"version-history":[{"count":5,"href":"https:\/\/femama.org.br\/site\/wp-json\/wp\/v2\/posts\/25264\/revisions"}],"predecessor-version":[{"id":25271,"href":"https:\/\/femama.org.br\/site\/wp-json\/wp\/v2\/posts\/25264\/revisions\/25271"}],"wp:featuredmedia":[{"embeddable":true,"href":"https:\/\/femama.org.br\/site\/wp-json\/wp\/v2\/media\/25265"}],"wp:attachment":[{"href":"https:\/\/femama.org.br\/site\/wp-json\/wp\/v2\/media?parent=25264"}],"wp:term":[{"taxonomy":"category","embeddable":true,"href":"https:\/\/femama.org.br\/site\/wp-json\/wp\/v2\/categories?post=25264"},{"taxonomy":"post_tag","embeddable":true,"href":"https:\/\/femama.org.br\/site\/wp-json\/wp\/v2\/tags?post=25264"}],"curies":[{"name":"wp","href":"https:\/\/api.w.org\/{rel}","templated":true}]}}