{"id":25821,"date":"2024-06-19T20:44:57","date_gmt":"2024-06-19T23:44:57","guid":{"rendered":"https:\/\/femama.org.br\/site\/sem-categoria\/durante-reuniao-da-comissao-de-saude-na-camara-dos-deputados-deputado-federal-fez-a-leitura-do-manifesto-da-rede-femama\/"},"modified":"2024-06-19T20:44:57","modified_gmt":"2024-06-19T23:44:57","slug":"durante-reuniao-da-comissao-de-saude-na-camara-dos-deputados-deputado-federal-fez-a-leitura-do-manifesto-da-rede-femama","status":"publish","type":"post","link":"https:\/\/femama.org.br\/site\/noticias-recentes\/durante-reuniao-da-comissao-de-saude-na-camara-dos-deputados-deputado-federal-fez-a-leitura-do-manifesto-da-rede-femama\/","title":{"rendered":"Durante Reuni\u00e3o da Comiss\u00e3o de Sa\u00fade na C\u00e2mara dos Deputados, Deputado Federal fez a leitura do manifesto da Rede FEMAMA"},"content":{"rendered":"<p><span style=\"color: #000000;\">Hoje, ao final da Reuni\u00e3o da Comiss\u00e3o de Sa\u00fade na C\u00e2mara dos Deputados, em Bras\u00edlia, o Deputado Federal Dr Frederico fez a leitura do manifesto da Rede FEMAMA, entregue na tarde de ontem \u00e0s representantes do Minist\u00e9rio da Sa\u00fade que estiveram presentes em nossa 11\u00aa Confer\u00eancia de Lideran\u00e7as em Sa\u00fade da Mulher.<\/span>  <span style=\"color: #000000;\">Ao longo do dia, nossa Rede visitou os gabinetes de parlamentares de todas as regi\u00f5es do Brasil para dialogar sobre o nosso compromisso no fortalecimento das pol\u00edticas p\u00fablicas de aten\u00e7\u00e3o \u00e0 sa\u00fade feminina e buscar apoio para a implementa\u00e7\u00e3o da Lei 14.758 de 2023, que entrou em vigor essa semana. Acompanhe os bastidores em nosso destaque &#8220;Confer\u00eancia&#8221;, nos stories do nosso perfil no Instagram.<\/span>  &nbsp;  https:\/\/youtu.be\/rG796cuOqRs  &nbsp;  &nbsp;<\/p>\n","protected":false},"excerpt":{"rendered":"<p>Hoje, ao final da Reuni\u00e3o da Comiss\u00e3o de Sa\u00fade na C\u00e2mara dos Deputados, em Bras\u00edlia, o Deputado Federal Dr Frederico fez a leitura do manifesto da Rede FEMAMA, entregue na tarde de ontem \u00e0s representantes do Minist\u00e9rio da Sa\u00fade que estiveram presentes em nossa 11\u00aa Confer\u00eancia de Lideran\u00e7as em Sa\u00fade da Mulher. Ao longo do [&hellip;]<\/p>\n","protected":false},"author":7,"featured_media":0,"comment_status":"open","ping_status":"closed","sticky":false,"template":"","format":"standard","meta":{"_acf_changed":false,"footnotes":""},"categories":[19,20,13],"tags":[],"class_list":["post-25821","post","type-post","status-publish","format-standard","hentry","category-advocacy","category-direito-dos-pacientes","category-noticias-recentes"],"acf":[],"yoast_head":"<!-- This site is optimized with the Yoast SEO plugin v27.5 - https:\/\/yoast.com\/product\/yoast-seo-wordpress\/ -->\n<title>Durante Reuni\u00e3o da Comiss\u00e3o de Sa\u00fade na C\u00e2mara dos Deputados, Deputado Federal fez a leitura do manifesto da Rede FEMAMA | FEMAMA<\/title>\n<meta name=\"robots\" content=\"index, follow, max-snippet:-1, max-image-preview:large, max-video-preview:-1\" \/>\n<link rel=\"canonical\" href=\"https:\/\/femama.org.br\/site\/noticias-recentes\/durante-reuniao-da-comissao-de-saude-na-camara-dos-deputados-deputado-federal-fez-a-leitura-do-manifesto-da-rede-femama\/\" \/>\n<meta property=\"og:locale\" content=\"pt_BR\" \/>\n<meta property=\"og:type\" content=\"article\" \/>\n<meta property=\"og:title\" content=\"Durante Reuni\u00e3o da Comiss\u00e3o de Sa\u00fade na C\u00e2mara dos Deputados, Deputado Federal fez a leitura do manifesto da Rede FEMAMA | FEMAMA\" \/>\n<meta property=\"og:description\" content=\"Hoje, ao final da Reuni\u00e3o da Comiss\u00e3o de Sa\u00fade na C\u00e2mara dos Deputados, em Bras\u00edlia, o Deputado Federal Dr Frederico fez a leitura do manifesto da Rede FEMAMA, entregue na tarde de ontem \u00e0s representantes do Minist\u00e9rio da Sa\u00fade que estiveram presentes em nossa 11\u00aa Confer\u00eancia de Lideran\u00e7as em Sa\u00fade da Mulher. Ao longo do [&hellip;]\" \/>\n<meta property=\"og:url\" content=\"https:\/\/femama.org.br\/site\/noticias-recentes\/durante-reuniao-da-comissao-de-saude-na-camara-dos-deputados-deputado-federal-fez-a-leitura-do-manifesto-da-rede-femama\/\" \/>\n<meta property=\"og:site_name\" content=\"FEMAMA\" \/>\n<meta property=\"article:publisher\" content=\"https:\/\/www.facebook.com\/femamabrasil\" \/>\n<meta property=\"article:published_time\" content=\"2024-06-19T23:44:57+00:00\" \/>\n<meta name=\"author\" content=\"Femama\" \/>\n<meta name=\"twitter:card\" content=\"summary_large_image\" \/>\n<meta name=\"twitter:creator\" content=\"@femama_\" \/>\n<meta name=\"twitter:site\" content=\"@femama_\" \/>\n<meta name=\"twitter:label1\" content=\"Escrito por\" \/>\n\t<meta name=\"twitter:data1\" content=\"Femama\" \/>\n\t<meta name=\"twitter:label2\" content=\"Est. tempo de leitura\" \/>\n\t<meta name=\"twitter:data2\" content=\"1 minuto\" \/>\n<script type=\"application\/ld+json\" class=\"yoast-schema-graph\">{\"@context\":\"https:\\\/\\\/schema.org\",\"@graph\":[{\"@type\":\"Article\",\"@id\":\"https:\\\/\\\/femama.org.br\\\/site\\\/noticias-recentes\\\/durante-reuniao-da-comissao-de-saude-na-camara-dos-deputados-deputado-federal-fez-a-leitura-do-manifesto-da-rede-femama\\\/#article\",\"isPartOf\":{\"@id\":\"https:\\\/\\\/femama.org.br\\\/site\\\/noticias-recentes\\\/durante-reuniao-da-comissao-de-saude-na-camara-dos-deputados-deputado-federal-fez-a-leitura-do-manifesto-da-rede-femama\\\/\"},\"author\":{\"name\":\"Femama\",\"@id\":\"https:\\\/\\\/femama.org.br\\\/site\\\/#\\\/schema\\\/person\\\/ed83a17236fa12a9cfd26890f0e3474e\"},\"headline\":\"Durante Reuni\u00e3o da Comiss\u00e3o de Sa\u00fade na C\u00e2mara dos Deputados, Deputado Federal fez a leitura do manifesto da Rede FEMAMA\",\"datePublished\":\"2024-06-19T23:44:57+00:00\",\"mainEntityOfPage\":{\"@id\":\"https:\\\/\\\/femama.org.br\\\/site\\\/noticias-recentes\\\/durante-reuniao-da-comissao-de-saude-na-camara-dos-deputados-deputado-federal-fez-a-leitura-do-manifesto-da-rede-femama\\\/\"},\"wordCount\":161,\"commentCount\":0,\"publisher\":{\"@id\":\"https:\\\/\\\/femama.org.br\\\/site\\\/#organization\"},\"articleSection\":[\"Advocacy\",\"Direito dos Pacientes\",\"Not\u00edcias recentes\"],\"inLanguage\":\"pt-BR\",\"potentialAction\":[{\"@type\":\"CommentAction\",\"name\":\"Comment\",\"target\":[\"https:\\\/\\\/femama.org.br\\\/site\\\/noticias-recentes\\\/durante-reuniao-da-comissao-de-saude-na-camara-dos-deputados-deputado-federal-fez-a-leitura-do-manifesto-da-rede-femama\\\/#respond\"]}]},{\"@type\":\"WebPage\",\"@id\":\"https:\\\/\\\/femama.org.br\\\/site\\\/noticias-recentes\\\/durante-reuniao-da-comissao-de-saude-na-camara-dos-deputados-deputado-federal-fez-a-leitura-do-manifesto-da-rede-femama\\\/\",\"url\":\"https:\\\/\\\/femama.org.br\\\/site\\\/noticias-recentes\\\/durante-reuniao-da-comissao-de-saude-na-camara-dos-deputados-deputado-federal-fez-a-leitura-do-manifesto-da-rede-femama\\\/\",\"name\":\"Durante Reuni\u00e3o da Comiss\u00e3o de Sa\u00fade na C\u00e2mara dos Deputados, Deputado Federal fez a leitura do manifesto da Rede FEMAMA | FEMAMA\",\"isPartOf\":{\"@id\":\"https:\\\/\\\/femama.org.br\\\/site\\\/#website\"},\"datePublished\":\"2024-06-19T23:44:57+00:00\",\"breadcrumb\":{\"@id\":\"https:\\\/\\\/femama.org.br\\\/site\\\/noticias-recentes\\\/durante-reuniao-da-comissao-de-saude-na-camara-dos-deputados-deputado-federal-fez-a-leitura-do-manifesto-da-rede-femama\\\/#breadcrumb\"},\"inLanguage\":\"pt-BR\",\"potentialAction\":[{\"@type\":\"ReadAction\",\"target\":[\"https:\\\/\\\/femama.org.br\\\/site\\\/noticias-recentes\\\/durante-reuniao-da-comissao-de-saude-na-camara-dos-deputados-deputado-federal-fez-a-leitura-do-manifesto-da-rede-femama\\\/\"]}]},{\"@type\":\"BreadcrumbList\",\"@id\":\"https:\\\/\\\/femama.org.br\\\/site\\\/noticias-recentes\\\/durante-reuniao-da-comissao-de-saude-na-camara-dos-deputados-deputado-federal-fez-a-leitura-do-manifesto-da-rede-femama\\\/#breadcrumb\",\"itemListElement\":[{\"@type\":\"ListItem\",\"position\":1,\"name\":\"In\u00edcio\",\"item\":\"https:\\\/\\\/femama.org.br\\\/site\\\/\"},{\"@type\":\"ListItem\",\"position\":2,\"name\":\"Durante Reuni\u00e3o da Comiss\u00e3o de Sa\u00fade na C\u00e2mara dos Deputados, Deputado Federal fez a leitura do manifesto da Rede FEMAMA\"}]},{\"@type\":\"WebSite\",\"@id\":\"https:\\\/\\\/femama.org.br\\\/site\\\/#website\",\"url\":\"https:\\\/\\\/femama.org.br\\\/site\\\/\",\"name\":\"FEMAMA\",\"description\":\"Federa\u00e7\u00e3o Brasileira de Institui\u00e7\u00f5es Filantr\u00f3picas de Apoio \u00e0 Sa\u00fade da Mama | C\u00e2ncer de mama\",\"publisher\":{\"@id\":\"https:\\\/\\\/femama.org.br\\\/site\\\/#organization\"},\"potentialAction\":[{\"@type\":\"SearchAction\",\"target\":{\"@type\":\"EntryPoint\",\"urlTemplate\":\"https:\\\/\\\/femama.org.br\\\/site\\\/?s={search_term_string}\"},\"query-input\":{\"@type\":\"PropertyValueSpecification\",\"valueRequired\":true,\"valueName\":\"search_term_string\"}}],\"inLanguage\":\"pt-BR\"},{\"@type\":\"Organization\",\"@id\":\"https:\\\/\\\/femama.org.br\\\/site\\\/#organization\",\"name\":\"Femama | Federa\u00e7\u00e3o Brasileira de Institui\u00e7\u00f5es Filantr\u00f3picas de Apoio \u00e0 Sa\u00fade da Mama | C\u00e2ncer de mama\",\"url\":\"https:\\\/\\\/femama.org.br\\\/site\\\/\",\"logo\":{\"@type\":\"ImageObject\",\"inLanguage\":\"pt-BR\",\"@id\":\"https:\\\/\\\/femama.org.br\\\/site\\\/#\\\/schema\\\/logo\\\/image\\\/\",\"url\":\"https:\\\/\\\/femama.org.br\\\/site\\\/wp-content\\\/uploads\\\/2021\\\/12\\\/logotipo-femama-horizontal.png\",\"contentUrl\":\"https:\\\/\\\/femama.org.br\\\/site\\\/wp-content\\\/uploads\\\/2021\\\/12\\\/logotipo-femama-horizontal.png\",\"width\":300,\"height\":92,\"caption\":\"Femama | Federa\u00e7\u00e3o Brasileira de Institui\u00e7\u00f5es Filantr\u00f3picas de Apoio \u00e0 Sa\u00fade da Mama | C\u00e2ncer de mama\"},\"image\":{\"@id\":\"https:\\\/\\\/femama.org.br\\\/site\\\/#\\\/schema\\\/logo\\\/image\\\/\"},\"sameAs\":[\"https:\\\/\\\/www.facebook.com\\\/femamabrasil\",\"https:\\\/\\\/x.com\\\/femama_\",\"https:\\\/\\\/www.instagram.com\\\/femama.brasil\\\/\",\"https:\\\/\\\/www.youtube.com\\\/user\\\/femamaorg\"]},{\"@type\":\"Person\",\"@id\":\"https:\\\/\\\/femama.org.br\\\/site\\\/#\\\/schema\\\/person\\\/ed83a17236fa12a9cfd26890f0e3474e\",\"name\":\"Femama\",\"image\":{\"@type\":\"ImageObject\",\"inLanguage\":\"pt-BR\",\"@id\":\"https:\\\/\\\/secure.gravatar.com\\\/avatar\\\/fd7fd20674373e7845d94c5ca7e2b795136bf59683c50d1207584f3ec4caf04a?s=96&d=mm&r=g\",\"url\":\"https:\\\/\\\/secure.gravatar.com\\\/avatar\\\/fd7fd20674373e7845d94c5ca7e2b795136bf59683c50d1207584f3ec4caf04a?s=96&d=mm&r=g\",\"contentUrl\":\"https:\\\/\\\/secure.gravatar.com\\\/avatar\\\/fd7fd20674373e7845d94c5ca7e2b795136bf59683c50d1207584f3ec4caf04a?s=96&d=mm&r=g\",\"caption\":\"Femama\"}}]}<\/script>\n<!-- \/ Yoast SEO plugin. -->","yoast_head_json":{"title":"Durante Reuni\u00e3o da Comiss\u00e3o de Sa\u00fade na C\u00e2mara dos Deputados, Deputado Federal fez a leitura do manifesto da Rede FEMAMA | FEMAMA","robots":{"index":"index","follow":"follow","max-snippet":"max-snippet:-1","max-image-preview":"max-image-preview:large","max-video-preview":"max-video-preview:-1"},"canonical":"https:\/\/femama.org.br\/site\/noticias-recentes\/durante-reuniao-da-comissao-de-saude-na-camara-dos-deputados-deputado-federal-fez-a-leitura-do-manifesto-da-rede-femama\/","og_locale":"pt_BR","og_type":"article","og_title":"Durante Reuni\u00e3o da Comiss\u00e3o de Sa\u00fade na C\u00e2mara dos Deputados, Deputado Federal fez a leitura do manifesto da Rede FEMAMA | FEMAMA","og_description":"Hoje, ao final da Reuni\u00e3o da Comiss\u00e3o de Sa\u00fade na C\u00e2mara dos Deputados, em Bras\u00edlia, o Deputado Federal Dr Frederico fez a leitura do manifesto da Rede FEMAMA, entregue na tarde de ontem \u00e0s representantes do Minist\u00e9rio da Sa\u00fade que estiveram presentes em nossa 11\u00aa Confer\u00eancia de Lideran\u00e7as em Sa\u00fade da Mulher. Ao longo do [&hellip;]","og_url":"https:\/\/femama.org.br\/site\/noticias-recentes\/durante-reuniao-da-comissao-de-saude-na-camara-dos-deputados-deputado-federal-fez-a-leitura-do-manifesto-da-rede-femama\/","og_site_name":"FEMAMA","article_publisher":"https:\/\/www.facebook.com\/femamabrasil","article_published_time":"2024-06-19T23:44:57+00:00","author":"Femama","twitter_card":"summary_large_image","twitter_creator":"@femama_","twitter_site":"@femama_","twitter_misc":{"Escrito por":"Femama","Est. tempo de leitura":"1 minuto"},"schema":{"@context":"https:\/\/schema.org","@graph":[{"@type":"Article","@id":"https:\/\/femama.org.br\/site\/noticias-recentes\/durante-reuniao-da-comissao-de-saude-na-camara-dos-deputados-deputado-federal-fez-a-leitura-do-manifesto-da-rede-femama\/#article","isPartOf":{"@id":"https:\/\/femama.org.br\/site\/noticias-recentes\/durante-reuniao-da-comissao-de-saude-na-camara-dos-deputados-deputado-federal-fez-a-leitura-do-manifesto-da-rede-femama\/"},"author":{"name":"Femama","@id":"https:\/\/femama.org.br\/site\/#\/schema\/person\/ed83a17236fa12a9cfd26890f0e3474e"},"headline":"Durante Reuni\u00e3o da Comiss\u00e3o de Sa\u00fade na C\u00e2mara dos Deputados, Deputado Federal fez a leitura do manifesto da Rede FEMAMA","datePublished":"2024-06-19T23:44:57+00:00","mainEntityOfPage":{"@id":"https:\/\/femama.org.br\/site\/noticias-recentes\/durante-reuniao-da-comissao-de-saude-na-camara-dos-deputados-deputado-federal-fez-a-leitura-do-manifesto-da-rede-femama\/"},"wordCount":161,"commentCount":0,"publisher":{"@id":"https:\/\/femama.org.br\/site\/#organization"},"articleSection":["Advocacy","Direito dos Pacientes","Not\u00edcias recentes"],"inLanguage":"pt-BR","potentialAction":[{"@type":"CommentAction","name":"Comment","target":["https:\/\/femama.org.br\/site\/noticias-recentes\/durante-reuniao-da-comissao-de-saude-na-camara-dos-deputados-deputado-federal-fez-a-leitura-do-manifesto-da-rede-femama\/#respond"]}]},{"@type":"WebPage","@id":"https:\/\/femama.org.br\/site\/noticias-recentes\/durante-reuniao-da-comissao-de-saude-na-camara-dos-deputados-deputado-federal-fez-a-leitura-do-manifesto-da-rede-femama\/","url":"https:\/\/femama.org.br\/site\/noticias-recentes\/durante-reuniao-da-comissao-de-saude-na-camara-dos-deputados-deputado-federal-fez-a-leitura-do-manifesto-da-rede-femama\/","name":"Durante Reuni\u00e3o da Comiss\u00e3o de Sa\u00fade na C\u00e2mara dos Deputados, Deputado Federal fez a leitura do manifesto da Rede FEMAMA | FEMAMA","isPartOf":{"@id":"https:\/\/femama.org.br\/site\/#website"},"datePublished":"2024-06-19T23:44:57+00:00","breadcrumb":{"@id":"https:\/\/femama.org.br\/site\/noticias-recentes\/durante-reuniao-da-comissao-de-saude-na-camara-dos-deputados-deputado-federal-fez-a-leitura-do-manifesto-da-rede-femama\/#breadcrumb"},"inLanguage":"pt-BR","potentialAction":[{"@type":"ReadAction","target":["https:\/\/femama.org.br\/site\/noticias-recentes\/durante-reuniao-da-comissao-de-saude-na-camara-dos-deputados-deputado-federal-fez-a-leitura-do-manifesto-da-rede-femama\/"]}]},{"@type":"BreadcrumbList","@id":"https:\/\/femama.org.br\/site\/noticias-recentes\/durante-reuniao-da-comissao-de-saude-na-camara-dos-deputados-deputado-federal-fez-a-leitura-do-manifesto-da-rede-femama\/#breadcrumb","itemListElement":[{"@type":"ListItem","position":1,"name":"In\u00edcio","item":"https:\/\/femama.org.br\/site\/"},{"@type":"ListItem","position":2,"name":"Durante Reuni\u00e3o da Comiss\u00e3o de Sa\u00fade na C\u00e2mara dos Deputados, Deputado Federal fez a leitura do manifesto da Rede FEMAMA"}]},{"@type":"WebSite","@id":"https:\/\/femama.org.br\/site\/#website","url":"https:\/\/femama.org.br\/site\/","name":"FEMAMA","description":"Federa\u00e7\u00e3o Brasileira de Institui\u00e7\u00f5es Filantr\u00f3picas de Apoio \u00e0 Sa\u00fade da Mama | C\u00e2ncer de mama","publisher":{"@id":"https:\/\/femama.org.br\/site\/#organization"},"potentialAction":[{"@type":"SearchAction","target":{"@type":"EntryPoint","urlTemplate":"https:\/\/femama.org.br\/site\/?s={search_term_string}"},"query-input":{"@type":"PropertyValueSpecification","valueRequired":true,"valueName":"search_term_string"}}],"inLanguage":"pt-BR"},{"@type":"Organization","@id":"https:\/\/femama.org.br\/site\/#organization","name":"Femama | Federa\u00e7\u00e3o Brasileira de Institui\u00e7\u00f5es Filantr\u00f3picas de Apoio \u00e0 Sa\u00fade da Mama | C\u00e2ncer de mama","url":"https:\/\/femama.org.br\/site\/","logo":{"@type":"ImageObject","inLanguage":"pt-BR","@id":"https:\/\/femama.org.br\/site\/#\/schema\/logo\/image\/","url":"https:\/\/femama.org.br\/site\/wp-content\/uploads\/2021\/12\/logotipo-femama-horizontal.png","contentUrl":"https:\/\/femama.org.br\/site\/wp-content\/uploads\/2021\/12\/logotipo-femama-horizontal.png","width":300,"height":92,"caption":"Femama | Federa\u00e7\u00e3o Brasileira de Institui\u00e7\u00f5es Filantr\u00f3picas de Apoio \u00e0 Sa\u00fade da Mama | C\u00e2ncer de mama"},"image":{"@id":"https:\/\/femama.org.br\/site\/#\/schema\/logo\/image\/"},"sameAs":["https:\/\/www.facebook.com\/femamabrasil","https:\/\/x.com\/femama_","https:\/\/www.instagram.com\/femama.brasil\/","https:\/\/www.youtube.com\/user\/femamaorg"]},{"@type":"Person","@id":"https:\/\/femama.org.br\/site\/#\/schema\/person\/ed83a17236fa12a9cfd26890f0e3474e","name":"Femama","image":{"@type":"ImageObject","inLanguage":"pt-BR","@id":"https:\/\/secure.gravatar.com\/avatar\/fd7fd20674373e7845d94c5ca7e2b795136bf59683c50d1207584f3ec4caf04a?s=96&d=mm&r=g","url":"https:\/\/secure.gravatar.com\/avatar\/fd7fd20674373e7845d94c5ca7e2b795136bf59683c50d1207584f3ec4caf04a?s=96&d=mm&r=g","contentUrl":"https:\/\/secure.gravatar.com\/avatar\/fd7fd20674373e7845d94c5ca7e2b795136bf59683c50d1207584f3ec4caf04a?s=96&d=mm&r=g","caption":"Femama"}}]}},"_links":{"self":[{"href":"https:\/\/femama.org.br\/site\/wp-json\/wp\/v2\/posts\/25821","targetHints":{"allow":["GET"]}}],"collection":[{"href":"https:\/\/femama.org.br\/site\/wp-json\/wp\/v2\/posts"}],"about":[{"href":"https:\/\/femama.org.br\/site\/wp-json\/wp\/v2\/types\/post"}],"author":[{"embeddable":true,"href":"https:\/\/femama.org.br\/site\/wp-json\/wp\/v2\/users\/7"}],"replies":[{"embeddable":true,"href":"https:\/\/femama.org.br\/site\/wp-json\/wp\/v2\/comments?post=25821"}],"version-history":[{"count":0,"href":"https:\/\/femama.org.br\/site\/wp-json\/wp\/v2\/posts\/25821\/revisions"}],"wp:attachment":[{"href":"https:\/\/femama.org.br\/site\/wp-json\/wp\/v2\/media?parent=25821"}],"wp:term":[{"taxonomy":"category","embeddable":true,"href":"https:\/\/femama.org.br\/site\/wp-json\/wp\/v2\/categories?post=25821"},{"taxonomy":"post_tag","embeddable":true,"href":"https:\/\/femama.org.br\/site\/wp-json\/wp\/v2\/tags?post=25821"}],"curies":[{"name":"wp","href":"https:\/\/api.w.org\/{rel}","templated":true}]}}