{"id":25828,"date":"2024-06-26T12:03:24","date_gmt":"2024-06-26T15:03:24","guid":{"rendered":"https:\/\/femama.org.br\/site\/sem-categoria\/aprovado-o-projeto-que-inclui-a-imunoterapia-nos-protocolos-clinicos-e-diretrizes-terapeuticas-do-cancer\/"},"modified":"2024-06-26T12:03:24","modified_gmt":"2024-06-26T15:03:24","slug":"aprovado-o-projeto-que-inclui-a-imunoterapia-nos-protocolos-clinicos-e-diretrizes-terapeuticas-do-cancer","status":"publish","type":"post","link":"https:\/\/femama.org.br\/site\/noticias-recentes\/aprovado-o-projeto-que-inclui-a-imunoterapia-nos-protocolos-clinicos-e-diretrizes-terapeuticas-do-cancer\/","title":{"rendered":"Aprovado o projeto que inclui a imunoterapia nos protocolos cl\u00ednicos e diretrizes terap\u00eauticas do c\u00e2ncer"},"content":{"rendered":"<p><span style=\"color: #000000;\">A Comiss\u00e3o de Constitui\u00e7\u00e3o e Justi\u00e7a e de Cidadania (CCJC) aprovou, em reuni\u00e3o deliberativa realizada nesta ter\u00e7a-feira (25), o Projeto de Lei 2371\/2021, que prop\u00f5e altera\u00e7\u00e3o na Lei Org\u00e2nica da Sa\u00fade, para incluir a imunoterapia nos protocolos cl\u00ednicos e diretrizes terap\u00eauticas do c\u00e2ncer. A mat\u00e9ria \u00e9 de autoria do deputado Bibo Nunes (PL-RS) e foi aprovada com parecer favor\u00e1vel da relatora, deputada Laura Carneiro (PSD-RJ). A mat\u00e9ria tramita na forma do substitutivo apresentado pela deputada Carmen Zanotto (Cidadania-SC) na Comiss\u00e3o de Sa\u00fade, define que os protocolos cl\u00ednicos e as diretrizes terap\u00eauticas do c\u00e2ncer incluir\u00e3o a utiliza\u00e7\u00e3o de imunoterapia quando se mostrar superior ou mais segura que as op\u00e7\u00f5es tradicionais, na forma do regulamento. O PL seria retirado de pauta a pedido do governo, mas, ap\u00f3s um apelo realizado pelas deputadas Bia Kicis (PL-DF) e Carla Zambelli (PL-SP), o pedido foi declinado. A defesa da mat\u00e9ria foi feita pela deputada Bia Kicis (PL-DF), que ressaltou a import\u00e2ncia do projeto, alegando que o uso da imunoterapia \u00e9 muitas vezes o mais eficaz para o tratamento do c\u00e2ncer e, atualmente, fica restrito aos pacientes que possuem acesso aos planos de sa\u00fade. Ela destacou que, no SUS, o processo de incorpora\u00e7\u00e3o \u00e9 criterioso e se restringe a impactos or\u00e7ament\u00e1rios. Por isso, sublinhou que a proposta \u00e9 de extrema import\u00e2ncia e poder\u00e1 apresentar economia a m\u00e9dio e longo prazo. A deputada Erika Kokay (PT-DF) justificou que o governo precisava de mais tempo para avaliar a mat\u00e9ria. No entanto, salientou a import\u00e2ncia do projeto para o fortalecimento do SUS e relatou que j\u00e1 fez uso da imunoterapia para tratamento de c\u00e2ncer. Por fim, a deputada Carla Zambelli (PL-SP) tamb\u00e9m ressaltou a import\u00e2ncia de disponibilizar o tratamento no SUS e relatou que j\u00e1 fez uso dele para tratar um tumor no c\u00e9rebro.<\/span>  <span style=\"color: #000000;\">E agora? <\/span> <span style=\"color: #000000;\">Ser\u00e1 designado relator para emitir a reda\u00e7\u00e3o final ao projeto de lei.<\/span><\/p>\n","protected":false},"excerpt":{"rendered":"<p>A Comiss\u00e3o de Constitui\u00e7\u00e3o e Justi\u00e7a e de Cidadania (CCJC) aprovou, em reuni\u00e3o deliberativa realizada nesta ter\u00e7a-feira (25), o Projeto de Lei 2371\/2021, que prop\u00f5e altera\u00e7\u00e3o na Lei Org\u00e2nica da Sa\u00fade, para incluir a imunoterapia nos protocolos cl\u00ednicos e diretrizes terap\u00eauticas do c\u00e2ncer. A mat\u00e9ria \u00e9 de autoria do deputado Bibo Nunes (PL-RS) e foi [&hellip;]<\/p>\n","protected":false},"author":7,"featured_media":25829,"comment_status":"open","ping_status":"closed","sticky":false,"template":"","format":"standard","meta":{"_acf_changed":false,"footnotes":""},"categories":[19,20,13],"tags":[],"class_list":["post-25828","post","type-post","status-publish","format-standard","has-post-thumbnail","hentry","category-advocacy","category-direito-dos-pacientes","category-noticias-recentes"],"acf":[],"yoast_head":"<!-- This site is optimized with the Yoast SEO plugin v27.5 - https:\/\/yoast.com\/product\/yoast-seo-wordpress\/ -->\n<title>Aprovado o projeto que inclui a imunoterapia nos protocolos cl\u00ednicos e diretrizes terap\u00eauticas do c\u00e2ncer | FEMAMA<\/title>\n<meta name=\"robots\" content=\"index, follow, max-snippet:-1, max-image-preview:large, max-video-preview:-1\" \/>\n<link rel=\"canonical\" href=\"https:\/\/femama.org.br\/site\/noticias-recentes\/aprovado-o-projeto-que-inclui-a-imunoterapia-nos-protocolos-clinicos-e-diretrizes-terapeuticas-do-cancer\/\" \/>\n<meta property=\"og:locale\" content=\"pt_BR\" \/>\n<meta property=\"og:type\" content=\"article\" \/>\n<meta property=\"og:title\" content=\"Aprovado o projeto que inclui a imunoterapia nos protocolos cl\u00ednicos e diretrizes terap\u00eauticas do c\u00e2ncer | FEMAMA\" \/>\n<meta property=\"og:description\" content=\"A Comiss\u00e3o de Constitui\u00e7\u00e3o e Justi\u00e7a e de Cidadania (CCJC) aprovou, em reuni\u00e3o deliberativa realizada nesta ter\u00e7a-feira (25), o Projeto de Lei 2371\/2021, que prop\u00f5e altera\u00e7\u00e3o na Lei Org\u00e2nica da Sa\u00fade, para incluir a imunoterapia nos protocolos cl\u00ednicos e diretrizes terap\u00eauticas do c\u00e2ncer. A mat\u00e9ria \u00e9 de autoria do deputado Bibo Nunes (PL-RS) e foi [&hellip;]\" \/>\n<meta property=\"og:url\" content=\"https:\/\/femama.org.br\/site\/noticias-recentes\/aprovado-o-projeto-que-inclui-a-imunoterapia-nos-protocolos-clinicos-e-diretrizes-terapeuticas-do-cancer\/\" \/>\n<meta property=\"og:site_name\" content=\"FEMAMA\" \/>\n<meta property=\"article:publisher\" content=\"https:\/\/www.facebook.com\/femamabrasil\" \/>\n<meta property=\"article:published_time\" content=\"2024-06-26T15:03:24+00:00\" \/>\n<meta property=\"og:image\" content=\"https:\/\/femama.org.br\/site\/wp-content\/uploads\/2024\/07\/post-site-24-1024x512.png\" \/>\n\t<meta property=\"og:image:width\" content=\"1024\" \/>\n\t<meta property=\"og:image:height\" content=\"512\" \/>\n\t<meta property=\"og:image:type\" content=\"image\/png\" \/>\n<meta name=\"author\" content=\"Femama\" \/>\n<meta name=\"twitter:card\" content=\"summary_large_image\" \/>\n<meta name=\"twitter:creator\" content=\"@femama_\" \/>\n<meta name=\"twitter:site\" content=\"@femama_\" \/>\n<meta name=\"twitter:label1\" content=\"Escrito por\" \/>\n\t<meta name=\"twitter:data1\" content=\"Femama\" \/>\n\t<meta name=\"twitter:label2\" content=\"Est. tempo de leitura\" \/>\n\t<meta name=\"twitter:data2\" content=\"2 minutos\" \/>\n<script type=\"application\/ld+json\" class=\"yoast-schema-graph\">{\"@context\":\"https:\\\/\\\/schema.org\",\"@graph\":[{\"@type\":\"Article\",\"@id\":\"https:\\\/\\\/femama.org.br\\\/site\\\/noticias-recentes\\\/aprovado-o-projeto-que-inclui-a-imunoterapia-nos-protocolos-clinicos-e-diretrizes-terapeuticas-do-cancer\\\/#article\",\"isPartOf\":{\"@id\":\"https:\\\/\\\/femama.org.br\\\/site\\\/noticias-recentes\\\/aprovado-o-projeto-que-inclui-a-imunoterapia-nos-protocolos-clinicos-e-diretrizes-terapeuticas-do-cancer\\\/\"},\"author\":{\"name\":\"Femama\",\"@id\":\"https:\\\/\\\/femama.org.br\\\/site\\\/#\\\/schema\\\/person\\\/ed83a17236fa12a9cfd26890f0e3474e\"},\"headline\":\"Aprovado o projeto que inclui a imunoterapia nos protocolos cl\u00ednicos e diretrizes terap\u00eauticas do c\u00e2ncer\",\"datePublished\":\"2024-06-26T15:03:24+00:00\",\"mainEntityOfPage\":{\"@id\":\"https:\\\/\\\/femama.org.br\\\/site\\\/noticias-recentes\\\/aprovado-o-projeto-que-inclui-a-imunoterapia-nos-protocolos-clinicos-e-diretrizes-terapeuticas-do-cancer\\\/\"},\"wordCount\":361,\"commentCount\":0,\"publisher\":{\"@id\":\"https:\\\/\\\/femama.org.br\\\/site\\\/#organization\"},\"image\":{\"@id\":\"https:\\\/\\\/femama.org.br\\\/site\\\/noticias-recentes\\\/aprovado-o-projeto-que-inclui-a-imunoterapia-nos-protocolos-clinicos-e-diretrizes-terapeuticas-do-cancer\\\/#primaryimage\"},\"thumbnailUrl\":\"https:\\\/\\\/femama.org.br\\\/site\\\/wp-content\\\/uploads\\\/2024\\\/07\\\/post-site-24.png\",\"articleSection\":[\"Advocacy\",\"Direito dos Pacientes\",\"Not\u00edcias recentes\"],\"inLanguage\":\"pt-BR\",\"potentialAction\":[{\"@type\":\"CommentAction\",\"name\":\"Comment\",\"target\":[\"https:\\\/\\\/femama.org.br\\\/site\\\/noticias-recentes\\\/aprovado-o-projeto-que-inclui-a-imunoterapia-nos-protocolos-clinicos-e-diretrizes-terapeuticas-do-cancer\\\/#respond\"]}]},{\"@type\":\"WebPage\",\"@id\":\"https:\\\/\\\/femama.org.br\\\/site\\\/noticias-recentes\\\/aprovado-o-projeto-que-inclui-a-imunoterapia-nos-protocolos-clinicos-e-diretrizes-terapeuticas-do-cancer\\\/\",\"url\":\"https:\\\/\\\/femama.org.br\\\/site\\\/noticias-recentes\\\/aprovado-o-projeto-que-inclui-a-imunoterapia-nos-protocolos-clinicos-e-diretrizes-terapeuticas-do-cancer\\\/\",\"name\":\"Aprovado o projeto que inclui a imunoterapia nos protocolos cl\u00ednicos e diretrizes terap\u00eauticas do c\u00e2ncer | FEMAMA\",\"isPartOf\":{\"@id\":\"https:\\\/\\\/femama.org.br\\\/site\\\/#website\"},\"primaryImageOfPage\":{\"@id\":\"https:\\\/\\\/femama.org.br\\\/site\\\/noticias-recentes\\\/aprovado-o-projeto-que-inclui-a-imunoterapia-nos-protocolos-clinicos-e-diretrizes-terapeuticas-do-cancer\\\/#primaryimage\"},\"image\":{\"@id\":\"https:\\\/\\\/femama.org.br\\\/site\\\/noticias-recentes\\\/aprovado-o-projeto-que-inclui-a-imunoterapia-nos-protocolos-clinicos-e-diretrizes-terapeuticas-do-cancer\\\/#primaryimage\"},\"thumbnailUrl\":\"https:\\\/\\\/femama.org.br\\\/site\\\/wp-content\\\/uploads\\\/2024\\\/07\\\/post-site-24.png\",\"datePublished\":\"2024-06-26T15:03:24+00:00\",\"breadcrumb\":{\"@id\":\"https:\\\/\\\/femama.org.br\\\/site\\\/noticias-recentes\\\/aprovado-o-projeto-que-inclui-a-imunoterapia-nos-protocolos-clinicos-e-diretrizes-terapeuticas-do-cancer\\\/#breadcrumb\"},\"inLanguage\":\"pt-BR\",\"potentialAction\":[{\"@type\":\"ReadAction\",\"target\":[\"https:\\\/\\\/femama.org.br\\\/site\\\/noticias-recentes\\\/aprovado-o-projeto-que-inclui-a-imunoterapia-nos-protocolos-clinicos-e-diretrizes-terapeuticas-do-cancer\\\/\"]}]},{\"@type\":\"ImageObject\",\"inLanguage\":\"pt-BR\",\"@id\":\"https:\\\/\\\/femama.org.br\\\/site\\\/noticias-recentes\\\/aprovado-o-projeto-que-inclui-a-imunoterapia-nos-protocolos-clinicos-e-diretrizes-terapeuticas-do-cancer\\\/#primaryimage\",\"url\":\"https:\\\/\\\/femama.org.br\\\/site\\\/wp-content\\\/uploads\\\/2024\\\/07\\\/post-site-24.png\",\"contentUrl\":\"https:\\\/\\\/femama.org.br\\\/site\\\/wp-content\\\/uploads\\\/2024\\\/07\\\/post-site-24.png\",\"width\":6912,\"height\":3456},{\"@type\":\"BreadcrumbList\",\"@id\":\"https:\\\/\\\/femama.org.br\\\/site\\\/noticias-recentes\\\/aprovado-o-projeto-que-inclui-a-imunoterapia-nos-protocolos-clinicos-e-diretrizes-terapeuticas-do-cancer\\\/#breadcrumb\",\"itemListElement\":[{\"@type\":\"ListItem\",\"position\":1,\"name\":\"In\u00edcio\",\"item\":\"https:\\\/\\\/femama.org.br\\\/site\\\/\"},{\"@type\":\"ListItem\",\"position\":2,\"name\":\"Aprovado o projeto que inclui a imunoterapia nos protocolos cl\u00ednicos e diretrizes terap\u00eauticas do c\u00e2ncer\"}]},{\"@type\":\"WebSite\",\"@id\":\"https:\\\/\\\/femama.org.br\\\/site\\\/#website\",\"url\":\"https:\\\/\\\/femama.org.br\\\/site\\\/\",\"name\":\"FEMAMA\",\"description\":\"Federa\u00e7\u00e3o Brasileira de Institui\u00e7\u00f5es Filantr\u00f3picas de Apoio \u00e0 Sa\u00fade da Mama | C\u00e2ncer de mama\",\"publisher\":{\"@id\":\"https:\\\/\\\/femama.org.br\\\/site\\\/#organization\"},\"potentialAction\":[{\"@type\":\"SearchAction\",\"target\":{\"@type\":\"EntryPoint\",\"urlTemplate\":\"https:\\\/\\\/femama.org.br\\\/site\\\/?s={search_term_string}\"},\"query-input\":{\"@type\":\"PropertyValueSpecification\",\"valueRequired\":true,\"valueName\":\"search_term_string\"}}],\"inLanguage\":\"pt-BR\"},{\"@type\":\"Organization\",\"@id\":\"https:\\\/\\\/femama.org.br\\\/site\\\/#organization\",\"name\":\"Femama | Federa\u00e7\u00e3o Brasileira de Institui\u00e7\u00f5es Filantr\u00f3picas de Apoio \u00e0 Sa\u00fade da Mama | C\u00e2ncer de mama\",\"url\":\"https:\\\/\\\/femama.org.br\\\/site\\\/\",\"logo\":{\"@type\":\"ImageObject\",\"inLanguage\":\"pt-BR\",\"@id\":\"https:\\\/\\\/femama.org.br\\\/site\\\/#\\\/schema\\\/logo\\\/image\\\/\",\"url\":\"https:\\\/\\\/femama.org.br\\\/site\\\/wp-content\\\/uploads\\\/2021\\\/12\\\/logotipo-femama-horizontal.png\",\"contentUrl\":\"https:\\\/\\\/femama.org.br\\\/site\\\/wp-content\\\/uploads\\\/2021\\\/12\\\/logotipo-femama-horizontal.png\",\"width\":300,\"height\":92,\"caption\":\"Femama | Federa\u00e7\u00e3o Brasileira de Institui\u00e7\u00f5es Filantr\u00f3picas de Apoio \u00e0 Sa\u00fade da Mama | C\u00e2ncer de mama\"},\"image\":{\"@id\":\"https:\\\/\\\/femama.org.br\\\/site\\\/#\\\/schema\\\/logo\\\/image\\\/\"},\"sameAs\":[\"https:\\\/\\\/www.facebook.com\\\/femamabrasil\",\"https:\\\/\\\/x.com\\\/femama_\",\"https:\\\/\\\/www.instagram.com\\\/femama.brasil\\\/\",\"https:\\\/\\\/www.youtube.com\\\/user\\\/femamaorg\"]},{\"@type\":\"Person\",\"@id\":\"https:\\\/\\\/femama.org.br\\\/site\\\/#\\\/schema\\\/person\\\/ed83a17236fa12a9cfd26890f0e3474e\",\"name\":\"Femama\",\"image\":{\"@type\":\"ImageObject\",\"inLanguage\":\"pt-BR\",\"@id\":\"https:\\\/\\\/secure.gravatar.com\\\/avatar\\\/fd7fd20674373e7845d94c5ca7e2b795136bf59683c50d1207584f3ec4caf04a?s=96&d=mm&r=g\",\"url\":\"https:\\\/\\\/secure.gravatar.com\\\/avatar\\\/fd7fd20674373e7845d94c5ca7e2b795136bf59683c50d1207584f3ec4caf04a?s=96&d=mm&r=g\",\"contentUrl\":\"https:\\\/\\\/secure.gravatar.com\\\/avatar\\\/fd7fd20674373e7845d94c5ca7e2b795136bf59683c50d1207584f3ec4caf04a?s=96&d=mm&r=g\",\"caption\":\"Femama\"}}]}<\/script>\n<!-- \/ Yoast SEO plugin. -->","yoast_head_json":{"title":"Aprovado o projeto que inclui a imunoterapia nos protocolos cl\u00ednicos e diretrizes terap\u00eauticas do c\u00e2ncer | FEMAMA","robots":{"index":"index","follow":"follow","max-snippet":"max-snippet:-1","max-image-preview":"max-image-preview:large","max-video-preview":"max-video-preview:-1"},"canonical":"https:\/\/femama.org.br\/site\/noticias-recentes\/aprovado-o-projeto-que-inclui-a-imunoterapia-nos-protocolos-clinicos-e-diretrizes-terapeuticas-do-cancer\/","og_locale":"pt_BR","og_type":"article","og_title":"Aprovado o projeto que inclui a imunoterapia nos protocolos cl\u00ednicos e diretrizes terap\u00eauticas do c\u00e2ncer | FEMAMA","og_description":"A Comiss\u00e3o de Constitui\u00e7\u00e3o e Justi\u00e7a e de Cidadania (CCJC) aprovou, em reuni\u00e3o deliberativa realizada nesta ter\u00e7a-feira (25), o Projeto de Lei 2371\/2021, que prop\u00f5e altera\u00e7\u00e3o na Lei Org\u00e2nica da Sa\u00fade, para incluir a imunoterapia nos protocolos cl\u00ednicos e diretrizes terap\u00eauticas do c\u00e2ncer. A mat\u00e9ria \u00e9 de autoria do deputado Bibo Nunes (PL-RS) e foi [&hellip;]","og_url":"https:\/\/femama.org.br\/site\/noticias-recentes\/aprovado-o-projeto-que-inclui-a-imunoterapia-nos-protocolos-clinicos-e-diretrizes-terapeuticas-do-cancer\/","og_site_name":"FEMAMA","article_publisher":"https:\/\/www.facebook.com\/femamabrasil","article_published_time":"2024-06-26T15:03:24+00:00","og_image":[{"width":1024,"height":512,"url":"https:\/\/femama.org.br\/site\/wp-content\/uploads\/2024\/07\/post-site-24-1024x512.png","type":"image\/png"}],"author":"Femama","twitter_card":"summary_large_image","twitter_creator":"@femama_","twitter_site":"@femama_","twitter_misc":{"Escrito por":"Femama","Est. tempo de leitura":"2 minutos"},"schema":{"@context":"https:\/\/schema.org","@graph":[{"@type":"Article","@id":"https:\/\/femama.org.br\/site\/noticias-recentes\/aprovado-o-projeto-que-inclui-a-imunoterapia-nos-protocolos-clinicos-e-diretrizes-terapeuticas-do-cancer\/#article","isPartOf":{"@id":"https:\/\/femama.org.br\/site\/noticias-recentes\/aprovado-o-projeto-que-inclui-a-imunoterapia-nos-protocolos-clinicos-e-diretrizes-terapeuticas-do-cancer\/"},"author":{"name":"Femama","@id":"https:\/\/femama.org.br\/site\/#\/schema\/person\/ed83a17236fa12a9cfd26890f0e3474e"},"headline":"Aprovado o projeto que inclui a imunoterapia nos protocolos cl\u00ednicos e diretrizes terap\u00eauticas do c\u00e2ncer","datePublished":"2024-06-26T15:03:24+00:00","mainEntityOfPage":{"@id":"https:\/\/femama.org.br\/site\/noticias-recentes\/aprovado-o-projeto-que-inclui-a-imunoterapia-nos-protocolos-clinicos-e-diretrizes-terapeuticas-do-cancer\/"},"wordCount":361,"commentCount":0,"publisher":{"@id":"https:\/\/femama.org.br\/site\/#organization"},"image":{"@id":"https:\/\/femama.org.br\/site\/noticias-recentes\/aprovado-o-projeto-que-inclui-a-imunoterapia-nos-protocolos-clinicos-e-diretrizes-terapeuticas-do-cancer\/#primaryimage"},"thumbnailUrl":"https:\/\/femama.org.br\/site\/wp-content\/uploads\/2024\/07\/post-site-24.png","articleSection":["Advocacy","Direito dos Pacientes","Not\u00edcias recentes"],"inLanguage":"pt-BR","potentialAction":[{"@type":"CommentAction","name":"Comment","target":["https:\/\/femama.org.br\/site\/noticias-recentes\/aprovado-o-projeto-que-inclui-a-imunoterapia-nos-protocolos-clinicos-e-diretrizes-terapeuticas-do-cancer\/#respond"]}]},{"@type":"WebPage","@id":"https:\/\/femama.org.br\/site\/noticias-recentes\/aprovado-o-projeto-que-inclui-a-imunoterapia-nos-protocolos-clinicos-e-diretrizes-terapeuticas-do-cancer\/","url":"https:\/\/femama.org.br\/site\/noticias-recentes\/aprovado-o-projeto-que-inclui-a-imunoterapia-nos-protocolos-clinicos-e-diretrizes-terapeuticas-do-cancer\/","name":"Aprovado o projeto que inclui a imunoterapia nos protocolos cl\u00ednicos e diretrizes terap\u00eauticas do c\u00e2ncer | FEMAMA","isPartOf":{"@id":"https:\/\/femama.org.br\/site\/#website"},"primaryImageOfPage":{"@id":"https:\/\/femama.org.br\/site\/noticias-recentes\/aprovado-o-projeto-que-inclui-a-imunoterapia-nos-protocolos-clinicos-e-diretrizes-terapeuticas-do-cancer\/#primaryimage"},"image":{"@id":"https:\/\/femama.org.br\/site\/noticias-recentes\/aprovado-o-projeto-que-inclui-a-imunoterapia-nos-protocolos-clinicos-e-diretrizes-terapeuticas-do-cancer\/#primaryimage"},"thumbnailUrl":"https:\/\/femama.org.br\/site\/wp-content\/uploads\/2024\/07\/post-site-24.png","datePublished":"2024-06-26T15:03:24+00:00","breadcrumb":{"@id":"https:\/\/femama.org.br\/site\/noticias-recentes\/aprovado-o-projeto-que-inclui-a-imunoterapia-nos-protocolos-clinicos-e-diretrizes-terapeuticas-do-cancer\/#breadcrumb"},"inLanguage":"pt-BR","potentialAction":[{"@type":"ReadAction","target":["https:\/\/femama.org.br\/site\/noticias-recentes\/aprovado-o-projeto-que-inclui-a-imunoterapia-nos-protocolos-clinicos-e-diretrizes-terapeuticas-do-cancer\/"]}]},{"@type":"ImageObject","inLanguage":"pt-BR","@id":"https:\/\/femama.org.br\/site\/noticias-recentes\/aprovado-o-projeto-que-inclui-a-imunoterapia-nos-protocolos-clinicos-e-diretrizes-terapeuticas-do-cancer\/#primaryimage","url":"https:\/\/femama.org.br\/site\/wp-content\/uploads\/2024\/07\/post-site-24.png","contentUrl":"https:\/\/femama.org.br\/site\/wp-content\/uploads\/2024\/07\/post-site-24.png","width":6912,"height":3456},{"@type":"BreadcrumbList","@id":"https:\/\/femama.org.br\/site\/noticias-recentes\/aprovado-o-projeto-que-inclui-a-imunoterapia-nos-protocolos-clinicos-e-diretrizes-terapeuticas-do-cancer\/#breadcrumb","itemListElement":[{"@type":"ListItem","position":1,"name":"In\u00edcio","item":"https:\/\/femama.org.br\/site\/"},{"@type":"ListItem","position":2,"name":"Aprovado o projeto que inclui a imunoterapia nos protocolos cl\u00ednicos e diretrizes terap\u00eauticas do c\u00e2ncer"}]},{"@type":"WebSite","@id":"https:\/\/femama.org.br\/site\/#website","url":"https:\/\/femama.org.br\/site\/","name":"FEMAMA","description":"Federa\u00e7\u00e3o Brasileira de Institui\u00e7\u00f5es Filantr\u00f3picas de Apoio \u00e0 Sa\u00fade da Mama | C\u00e2ncer de mama","publisher":{"@id":"https:\/\/femama.org.br\/site\/#organization"},"potentialAction":[{"@type":"SearchAction","target":{"@type":"EntryPoint","urlTemplate":"https:\/\/femama.org.br\/site\/?s={search_term_string}"},"query-input":{"@type":"PropertyValueSpecification","valueRequired":true,"valueName":"search_term_string"}}],"inLanguage":"pt-BR"},{"@type":"Organization","@id":"https:\/\/femama.org.br\/site\/#organization","name":"Femama | Federa\u00e7\u00e3o Brasileira de Institui\u00e7\u00f5es Filantr\u00f3picas de Apoio \u00e0 Sa\u00fade da Mama | C\u00e2ncer de mama","url":"https:\/\/femama.org.br\/site\/","logo":{"@type":"ImageObject","inLanguage":"pt-BR","@id":"https:\/\/femama.org.br\/site\/#\/schema\/logo\/image\/","url":"https:\/\/femama.org.br\/site\/wp-content\/uploads\/2021\/12\/logotipo-femama-horizontal.png","contentUrl":"https:\/\/femama.org.br\/site\/wp-content\/uploads\/2021\/12\/logotipo-femama-horizontal.png","width":300,"height":92,"caption":"Femama | Federa\u00e7\u00e3o Brasileira de Institui\u00e7\u00f5es Filantr\u00f3picas de Apoio \u00e0 Sa\u00fade da Mama | C\u00e2ncer de mama"},"image":{"@id":"https:\/\/femama.org.br\/site\/#\/schema\/logo\/image\/"},"sameAs":["https:\/\/www.facebook.com\/femamabrasil","https:\/\/x.com\/femama_","https:\/\/www.instagram.com\/femama.brasil\/","https:\/\/www.youtube.com\/user\/femamaorg"]},{"@type":"Person","@id":"https:\/\/femama.org.br\/site\/#\/schema\/person\/ed83a17236fa12a9cfd26890f0e3474e","name":"Femama","image":{"@type":"ImageObject","inLanguage":"pt-BR","@id":"https:\/\/secure.gravatar.com\/avatar\/fd7fd20674373e7845d94c5ca7e2b795136bf59683c50d1207584f3ec4caf04a?s=96&d=mm&r=g","url":"https:\/\/secure.gravatar.com\/avatar\/fd7fd20674373e7845d94c5ca7e2b795136bf59683c50d1207584f3ec4caf04a?s=96&d=mm&r=g","contentUrl":"https:\/\/secure.gravatar.com\/avatar\/fd7fd20674373e7845d94c5ca7e2b795136bf59683c50d1207584f3ec4caf04a?s=96&d=mm&r=g","caption":"Femama"}}]}},"_links":{"self":[{"href":"https:\/\/femama.org.br\/site\/wp-json\/wp\/v2\/posts\/25828","targetHints":{"allow":["GET"]}}],"collection":[{"href":"https:\/\/femama.org.br\/site\/wp-json\/wp\/v2\/posts"}],"about":[{"href":"https:\/\/femama.org.br\/site\/wp-json\/wp\/v2\/types\/post"}],"author":[{"embeddable":true,"href":"https:\/\/femama.org.br\/site\/wp-json\/wp\/v2\/users\/7"}],"replies":[{"embeddable":true,"href":"https:\/\/femama.org.br\/site\/wp-json\/wp\/v2\/comments?post=25828"}],"version-history":[{"count":0,"href":"https:\/\/femama.org.br\/site\/wp-json\/wp\/v2\/posts\/25828\/revisions"}],"wp:featuredmedia":[{"embeddable":true,"href":"https:\/\/femama.org.br\/site\/wp-json\/wp\/v2\/media\/25829"}],"wp:attachment":[{"href":"https:\/\/femama.org.br\/site\/wp-json\/wp\/v2\/media?parent=25828"}],"wp:term":[{"taxonomy":"category","embeddable":true,"href":"https:\/\/femama.org.br\/site\/wp-json\/wp\/v2\/categories?post=25828"},{"taxonomy":"post_tag","embeddable":true,"href":"https:\/\/femama.org.br\/site\/wp-json\/wp\/v2\/tags?post=25828"}],"curies":[{"name":"wp","href":"https:\/\/api.w.org\/{rel}","templated":true}]}}