{"id":25834,"date":"2024-07-16T17:44:52","date_gmt":"2024-07-16T20:44:52","guid":{"rendered":"https:\/\/femama.org.br\/site\/sem-categoria\/cancer-de-mama-1-em-cada-6-mortes-pela-doenca-no-brasil-e-de-mulheres-com-menos-de-50-anos\/"},"modified":"2024-07-16T17:44:52","modified_gmt":"2024-07-16T20:44:52","slug":"cancer-de-mama-1-em-cada-6-mortes-pela-doenca-no-brasil-e-de-mulheres-com-menos-de-50-anos","status":"publish","type":"post","link":"https:\/\/femama.org.br\/site\/noticias-recentes\/cancer-de-mama-1-em-cada-6-mortes-pela-doenca-no-brasil-e-de-mulheres-com-menos-de-50-anos\/","title":{"rendered":"C\u00e2ncer de mama: 1 em cada 6 mortes pela doen\u00e7a no Brasil \u00e9 de mulheres com menos de 50 anos"},"content":{"rendered":"<p>De acordo com um estudo feito por pesquisadores da Universidade Federal Fluminense (UFF), uma em cada seis mortes por c\u00e2ncer de mama acontece em mulheres com menos de 50 anos, destacou <a href=\"https:\/\/oglobo.globo.com\/saude\/medicina\/noticia\/2024\/07\/15\/cancer-de-mama-1-em-cada-6-mortes-pela-doenca-no-brasil-e-de-mulheres-com-menos-de-50-anos.ghtml\">reportagem do jornal O Globo<\/a>. A descoberta destaca a import\u00e2ncia de iniciar o rastreamento da doen\u00e7a a partir dos 40 anos, como preconizam as sociedades m\u00e9dicas brasileiras e n\u00e3o a partir dos 50, como recomenda o Minist\u00e9rio da Sa\u00fade. O estudo, apresentado durante o Congresso Brasileiro de C\u00e2ncer na Mulher, realizado no Rio de Janeiro nos dias 5 e 6 de julho e organizado pela Sociedade Brasileira de Cirurgia Oncol\u00f3gica (SBCO), analisou a distribui\u00e7\u00e3o da mortalidade por c\u00e2ncer de mama por faixa et\u00e1ria, entre 2012 e 2022, com base no Sistema de Informa\u00e7\u00f5es sobre Mortalidade \u2013 SIM, do Minist\u00e9rio da Sa\u00fade. Os autores observaram que nesse per\u00edodo houve um aumento de 40,8% no n\u00famero absoluto de \u00f3bitos por c\u00e2ncer de mama. A an\u00e1lise por faixa et\u00e1ria mostrou que a maioria das mortes ainda acontece nas mulheres acima dos 50 anos, que representam 77,2% das v\u00edtimas. De acordo com os pesquisadores os n\u00fameros destacam a import\u00e2ncia de reduzir a idade para in\u00edcio do rastreamento do c\u00e2ncer de mama.<\/p>\n","protected":false},"excerpt":{"rendered":"<p>De acordo com um estudo feito por pesquisadores da Universidade Federal Fluminense (UFF), uma em cada seis mortes por c\u00e2ncer de mama acontece em mulheres com menos de 50 anos, destacou reportagem do jornal O Globo. A descoberta destaca a import\u00e2ncia de iniciar o rastreamento da doen\u00e7a a partir dos 40 anos, como preconizam as [&hellip;]<\/p>\n","protected":false},"author":7,"featured_media":25835,"comment_status":"open","ping_status":"closed","sticky":false,"template":"","format":"standard","meta":{"_acf_changed":false,"footnotes":""},"categories":[19,13],"tags":[],"class_list":["post-25834","post","type-post","status-publish","format-standard","has-post-thumbnail","hentry","category-advocacy","category-noticias-recentes"],"acf":[],"yoast_head":"<!-- This site is optimized with the Yoast SEO plugin v27.5 - https:\/\/yoast.com\/product\/yoast-seo-wordpress\/ -->\n<title>C\u00e2ncer de mama: 1 em cada 6 mortes pela doen\u00e7a no Brasil \u00e9 de mulheres com menos de 50 anos | FEMAMA<\/title>\n<meta name=\"robots\" content=\"index, follow, max-snippet:-1, max-image-preview:large, max-video-preview:-1\" \/>\n<link rel=\"canonical\" href=\"https:\/\/femama.org.br\/site\/noticias-recentes\/cancer-de-mama-1-em-cada-6-mortes-pela-doenca-no-brasil-e-de-mulheres-com-menos-de-50-anos\/\" \/>\n<meta property=\"og:locale\" content=\"pt_BR\" \/>\n<meta property=\"og:type\" content=\"article\" \/>\n<meta property=\"og:title\" content=\"C\u00e2ncer de mama: 1 em cada 6 mortes pela doen\u00e7a no Brasil \u00e9 de mulheres com menos de 50 anos | FEMAMA\" \/>\n<meta property=\"og:description\" content=\"De acordo com um estudo feito por pesquisadores da Universidade Federal Fluminense (UFF), uma em cada seis mortes por c\u00e2ncer de mama acontece em mulheres com menos de 50 anos, destacou reportagem do jornal O Globo. A descoberta destaca a import\u00e2ncia de iniciar o rastreamento da doen\u00e7a a partir dos 40 anos, como preconizam as [&hellip;]\" \/>\n<meta property=\"og:url\" content=\"https:\/\/femama.org.br\/site\/noticias-recentes\/cancer-de-mama-1-em-cada-6-mortes-pela-doenca-no-brasil-e-de-mulheres-com-menos-de-50-anos\/\" \/>\n<meta property=\"og:site_name\" content=\"FEMAMA\" \/>\n<meta property=\"article:publisher\" content=\"https:\/\/www.facebook.com\/femamabrasil\" \/>\n<meta property=\"article:published_time\" content=\"2024-07-16T20:44:52+00:00\" \/>\n<meta property=\"og:image\" content=\"https:\/\/femama.org.br\/site\/wp-content\/uploads\/2024\/07\/post-site-27.png\" \/>\n\t<meta property=\"og:image:width\" content=\"6912\" \/>\n\t<meta property=\"og:image:height\" content=\"3456\" \/>\n\t<meta property=\"og:image:type\" content=\"image\/png\" \/>\n<meta name=\"author\" content=\"Femama\" \/>\n<meta name=\"twitter:card\" content=\"summary_large_image\" \/>\n<meta name=\"twitter:creator\" content=\"@femama_\" \/>\n<meta name=\"twitter:site\" content=\"@femama_\" \/>\n<meta name=\"twitter:label1\" content=\"Escrito por\" \/>\n\t<meta name=\"twitter:data1\" content=\"Femama\" \/>\n\t<meta name=\"twitter:label2\" content=\"Est. tempo de leitura\" \/>\n\t<meta name=\"twitter:data2\" content=\"2 minutos\" \/>\n<script type=\"application\/ld+json\" class=\"yoast-schema-graph\">{\"@context\":\"https:\\\/\\\/schema.org\",\"@graph\":[{\"@type\":\"Article\",\"@id\":\"https:\\\/\\\/femama.org.br\\\/site\\\/noticias-recentes\\\/cancer-de-mama-1-em-cada-6-mortes-pela-doenca-no-brasil-e-de-mulheres-com-menos-de-50-anos\\\/#article\",\"isPartOf\":{\"@id\":\"https:\\\/\\\/femama.org.br\\\/site\\\/noticias-recentes\\\/cancer-de-mama-1-em-cada-6-mortes-pela-doenca-no-brasil-e-de-mulheres-com-menos-de-50-anos\\\/\"},\"author\":{\"name\":\"Femama\",\"@id\":\"https:\\\/\\\/femama.org.br\\\/site\\\/#\\\/schema\\\/person\\\/ed83a17236fa12a9cfd26890f0e3474e\"},\"headline\":\"C\u00e2ncer de mama: 1 em cada 6 mortes pela doen\u00e7a no Brasil \u00e9 de mulheres com menos de 50 anos\",\"datePublished\":\"2024-07-16T20:44:52+00:00\",\"mainEntityOfPage\":{\"@id\":\"https:\\\/\\\/femama.org.br\\\/site\\\/noticias-recentes\\\/cancer-de-mama-1-em-cada-6-mortes-pela-doenca-no-brasil-e-de-mulheres-com-menos-de-50-anos\\\/\"},\"wordCount\":230,\"commentCount\":0,\"publisher\":{\"@id\":\"https:\\\/\\\/femama.org.br\\\/site\\\/#organization\"},\"image\":{\"@id\":\"https:\\\/\\\/femama.org.br\\\/site\\\/noticias-recentes\\\/cancer-de-mama-1-em-cada-6-mortes-pela-doenca-no-brasil-e-de-mulheres-com-menos-de-50-anos\\\/#primaryimage\"},\"thumbnailUrl\":\"https:\\\/\\\/femama.org.br\\\/site\\\/wp-content\\\/uploads\\\/2024\\\/07\\\/post-site-27.png\",\"articleSection\":[\"Advocacy\",\"Not\u00edcias recentes\"],\"inLanguage\":\"pt-BR\",\"potentialAction\":[{\"@type\":\"CommentAction\",\"name\":\"Comment\",\"target\":[\"https:\\\/\\\/femama.org.br\\\/site\\\/noticias-recentes\\\/cancer-de-mama-1-em-cada-6-mortes-pela-doenca-no-brasil-e-de-mulheres-com-menos-de-50-anos\\\/#respond\"]}]},{\"@type\":\"WebPage\",\"@id\":\"https:\\\/\\\/femama.org.br\\\/site\\\/noticias-recentes\\\/cancer-de-mama-1-em-cada-6-mortes-pela-doenca-no-brasil-e-de-mulheres-com-menos-de-50-anos\\\/\",\"url\":\"https:\\\/\\\/femama.org.br\\\/site\\\/noticias-recentes\\\/cancer-de-mama-1-em-cada-6-mortes-pela-doenca-no-brasil-e-de-mulheres-com-menos-de-50-anos\\\/\",\"name\":\"C\u00e2ncer de mama: 1 em cada 6 mortes pela doen\u00e7a no Brasil \u00e9 de mulheres com menos de 50 anos | FEMAMA\",\"isPartOf\":{\"@id\":\"https:\\\/\\\/femama.org.br\\\/site\\\/#website\"},\"primaryImageOfPage\":{\"@id\":\"https:\\\/\\\/femama.org.br\\\/site\\\/noticias-recentes\\\/cancer-de-mama-1-em-cada-6-mortes-pela-doenca-no-brasil-e-de-mulheres-com-menos-de-50-anos\\\/#primaryimage\"},\"image\":{\"@id\":\"https:\\\/\\\/femama.org.br\\\/site\\\/noticias-recentes\\\/cancer-de-mama-1-em-cada-6-mortes-pela-doenca-no-brasil-e-de-mulheres-com-menos-de-50-anos\\\/#primaryimage\"},\"thumbnailUrl\":\"https:\\\/\\\/femama.org.br\\\/site\\\/wp-content\\\/uploads\\\/2024\\\/07\\\/post-site-27.png\",\"datePublished\":\"2024-07-16T20:44:52+00:00\",\"breadcrumb\":{\"@id\":\"https:\\\/\\\/femama.org.br\\\/site\\\/noticias-recentes\\\/cancer-de-mama-1-em-cada-6-mortes-pela-doenca-no-brasil-e-de-mulheres-com-menos-de-50-anos\\\/#breadcrumb\"},\"inLanguage\":\"pt-BR\",\"potentialAction\":[{\"@type\":\"ReadAction\",\"target\":[\"https:\\\/\\\/femama.org.br\\\/site\\\/noticias-recentes\\\/cancer-de-mama-1-em-cada-6-mortes-pela-doenca-no-brasil-e-de-mulheres-com-menos-de-50-anos\\\/\"]}]},{\"@type\":\"ImageObject\",\"inLanguage\":\"pt-BR\",\"@id\":\"https:\\\/\\\/femama.org.br\\\/site\\\/noticias-recentes\\\/cancer-de-mama-1-em-cada-6-mortes-pela-doenca-no-brasil-e-de-mulheres-com-menos-de-50-anos\\\/#primaryimage\",\"url\":\"https:\\\/\\\/femama.org.br\\\/site\\\/wp-content\\\/uploads\\\/2024\\\/07\\\/post-site-27.png\",\"contentUrl\":\"https:\\\/\\\/femama.org.br\\\/site\\\/wp-content\\\/uploads\\\/2024\\\/07\\\/post-site-27.png\",\"width\":6912,\"height\":3456},{\"@type\":\"BreadcrumbList\",\"@id\":\"https:\\\/\\\/femama.org.br\\\/site\\\/noticias-recentes\\\/cancer-de-mama-1-em-cada-6-mortes-pela-doenca-no-brasil-e-de-mulheres-com-menos-de-50-anos\\\/#breadcrumb\",\"itemListElement\":[{\"@type\":\"ListItem\",\"position\":1,\"name\":\"In\u00edcio\",\"item\":\"https:\\\/\\\/femama.org.br\\\/site\\\/\"},{\"@type\":\"ListItem\",\"position\":2,\"name\":\"C\u00e2ncer de mama: 1 em cada 6 mortes pela doen\u00e7a no Brasil \u00e9 de mulheres com menos de 50 anos\"}]},{\"@type\":\"WebSite\",\"@id\":\"https:\\\/\\\/femama.org.br\\\/site\\\/#website\",\"url\":\"https:\\\/\\\/femama.org.br\\\/site\\\/\",\"name\":\"FEMAMA\",\"description\":\"Federa\u00e7\u00e3o Brasileira de Institui\u00e7\u00f5es Filantr\u00f3picas de Apoio \u00e0 Sa\u00fade da Mama | C\u00e2ncer de mama\",\"publisher\":{\"@id\":\"https:\\\/\\\/femama.org.br\\\/site\\\/#organization\"},\"potentialAction\":[{\"@type\":\"SearchAction\",\"target\":{\"@type\":\"EntryPoint\",\"urlTemplate\":\"https:\\\/\\\/femama.org.br\\\/site\\\/?s={search_term_string}\"},\"query-input\":{\"@type\":\"PropertyValueSpecification\",\"valueRequired\":true,\"valueName\":\"search_term_string\"}}],\"inLanguage\":\"pt-BR\"},{\"@type\":\"Organization\",\"@id\":\"https:\\\/\\\/femama.org.br\\\/site\\\/#organization\",\"name\":\"Femama | Federa\u00e7\u00e3o Brasileira de Institui\u00e7\u00f5es Filantr\u00f3picas de Apoio \u00e0 Sa\u00fade da Mama | C\u00e2ncer de mama\",\"url\":\"https:\\\/\\\/femama.org.br\\\/site\\\/\",\"logo\":{\"@type\":\"ImageObject\",\"inLanguage\":\"pt-BR\",\"@id\":\"https:\\\/\\\/femama.org.br\\\/site\\\/#\\\/schema\\\/logo\\\/image\\\/\",\"url\":\"https:\\\/\\\/femama.org.br\\\/site\\\/wp-content\\\/uploads\\\/2021\\\/12\\\/logotipo-femama-horizontal.png\",\"contentUrl\":\"https:\\\/\\\/femama.org.br\\\/site\\\/wp-content\\\/uploads\\\/2021\\\/12\\\/logotipo-femama-horizontal.png\",\"width\":300,\"height\":92,\"caption\":\"Femama | Federa\u00e7\u00e3o Brasileira de Institui\u00e7\u00f5es Filantr\u00f3picas de Apoio \u00e0 Sa\u00fade da Mama | C\u00e2ncer de mama\"},\"image\":{\"@id\":\"https:\\\/\\\/femama.org.br\\\/site\\\/#\\\/schema\\\/logo\\\/image\\\/\"},\"sameAs\":[\"https:\\\/\\\/www.facebook.com\\\/femamabrasil\",\"https:\\\/\\\/x.com\\\/femama_\",\"https:\\\/\\\/www.instagram.com\\\/femama.brasil\\\/\",\"https:\\\/\\\/www.youtube.com\\\/user\\\/femamaorg\"]},{\"@type\":\"Person\",\"@id\":\"https:\\\/\\\/femama.org.br\\\/site\\\/#\\\/schema\\\/person\\\/ed83a17236fa12a9cfd26890f0e3474e\",\"name\":\"Femama\",\"image\":{\"@type\":\"ImageObject\",\"inLanguage\":\"pt-BR\",\"@id\":\"https:\\\/\\\/secure.gravatar.com\\\/avatar\\\/fd7fd20674373e7845d94c5ca7e2b795136bf59683c50d1207584f3ec4caf04a?s=96&d=mm&r=g\",\"url\":\"https:\\\/\\\/secure.gravatar.com\\\/avatar\\\/fd7fd20674373e7845d94c5ca7e2b795136bf59683c50d1207584f3ec4caf04a?s=96&d=mm&r=g\",\"contentUrl\":\"https:\\\/\\\/secure.gravatar.com\\\/avatar\\\/fd7fd20674373e7845d94c5ca7e2b795136bf59683c50d1207584f3ec4caf04a?s=96&d=mm&r=g\",\"caption\":\"Femama\"}}]}<\/script>\n<!-- \/ Yoast SEO plugin. -->","yoast_head_json":{"title":"C\u00e2ncer de mama: 1 em cada 6 mortes pela doen\u00e7a no Brasil \u00e9 de mulheres com menos de 50 anos | FEMAMA","robots":{"index":"index","follow":"follow","max-snippet":"max-snippet:-1","max-image-preview":"max-image-preview:large","max-video-preview":"max-video-preview:-1"},"canonical":"https:\/\/femama.org.br\/site\/noticias-recentes\/cancer-de-mama-1-em-cada-6-mortes-pela-doenca-no-brasil-e-de-mulheres-com-menos-de-50-anos\/","og_locale":"pt_BR","og_type":"article","og_title":"C\u00e2ncer de mama: 1 em cada 6 mortes pela doen\u00e7a no Brasil \u00e9 de mulheres com menos de 50 anos | FEMAMA","og_description":"De acordo com um estudo feito por pesquisadores da Universidade Federal Fluminense (UFF), uma em cada seis mortes por c\u00e2ncer de mama acontece em mulheres com menos de 50 anos, destacou reportagem do jornal O Globo. A descoberta destaca a import\u00e2ncia de iniciar o rastreamento da doen\u00e7a a partir dos 40 anos, como preconizam as [&hellip;]","og_url":"https:\/\/femama.org.br\/site\/noticias-recentes\/cancer-de-mama-1-em-cada-6-mortes-pela-doenca-no-brasil-e-de-mulheres-com-menos-de-50-anos\/","og_site_name":"FEMAMA","article_publisher":"https:\/\/www.facebook.com\/femamabrasil","article_published_time":"2024-07-16T20:44:52+00:00","og_image":[{"width":6912,"height":3456,"url":"https:\/\/femama.org.br\/site\/wp-content\/uploads\/2024\/07\/post-site-27.png","type":"image\/png"}],"author":"Femama","twitter_card":"summary_large_image","twitter_creator":"@femama_","twitter_site":"@femama_","twitter_misc":{"Escrito por":"Femama","Est. tempo de leitura":"2 minutos"},"schema":{"@context":"https:\/\/schema.org","@graph":[{"@type":"Article","@id":"https:\/\/femama.org.br\/site\/noticias-recentes\/cancer-de-mama-1-em-cada-6-mortes-pela-doenca-no-brasil-e-de-mulheres-com-menos-de-50-anos\/#article","isPartOf":{"@id":"https:\/\/femama.org.br\/site\/noticias-recentes\/cancer-de-mama-1-em-cada-6-mortes-pela-doenca-no-brasil-e-de-mulheres-com-menos-de-50-anos\/"},"author":{"name":"Femama","@id":"https:\/\/femama.org.br\/site\/#\/schema\/person\/ed83a17236fa12a9cfd26890f0e3474e"},"headline":"C\u00e2ncer de mama: 1 em cada 6 mortes pela doen\u00e7a no Brasil \u00e9 de mulheres com menos de 50 anos","datePublished":"2024-07-16T20:44:52+00:00","mainEntityOfPage":{"@id":"https:\/\/femama.org.br\/site\/noticias-recentes\/cancer-de-mama-1-em-cada-6-mortes-pela-doenca-no-brasil-e-de-mulheres-com-menos-de-50-anos\/"},"wordCount":230,"commentCount":0,"publisher":{"@id":"https:\/\/femama.org.br\/site\/#organization"},"image":{"@id":"https:\/\/femama.org.br\/site\/noticias-recentes\/cancer-de-mama-1-em-cada-6-mortes-pela-doenca-no-brasil-e-de-mulheres-com-menos-de-50-anos\/#primaryimage"},"thumbnailUrl":"https:\/\/femama.org.br\/site\/wp-content\/uploads\/2024\/07\/post-site-27.png","articleSection":["Advocacy","Not\u00edcias recentes"],"inLanguage":"pt-BR","potentialAction":[{"@type":"CommentAction","name":"Comment","target":["https:\/\/femama.org.br\/site\/noticias-recentes\/cancer-de-mama-1-em-cada-6-mortes-pela-doenca-no-brasil-e-de-mulheres-com-menos-de-50-anos\/#respond"]}]},{"@type":"WebPage","@id":"https:\/\/femama.org.br\/site\/noticias-recentes\/cancer-de-mama-1-em-cada-6-mortes-pela-doenca-no-brasil-e-de-mulheres-com-menos-de-50-anos\/","url":"https:\/\/femama.org.br\/site\/noticias-recentes\/cancer-de-mama-1-em-cada-6-mortes-pela-doenca-no-brasil-e-de-mulheres-com-menos-de-50-anos\/","name":"C\u00e2ncer de mama: 1 em cada 6 mortes pela doen\u00e7a no Brasil \u00e9 de mulheres com menos de 50 anos | FEMAMA","isPartOf":{"@id":"https:\/\/femama.org.br\/site\/#website"},"primaryImageOfPage":{"@id":"https:\/\/femama.org.br\/site\/noticias-recentes\/cancer-de-mama-1-em-cada-6-mortes-pela-doenca-no-brasil-e-de-mulheres-com-menos-de-50-anos\/#primaryimage"},"image":{"@id":"https:\/\/femama.org.br\/site\/noticias-recentes\/cancer-de-mama-1-em-cada-6-mortes-pela-doenca-no-brasil-e-de-mulheres-com-menos-de-50-anos\/#primaryimage"},"thumbnailUrl":"https:\/\/femama.org.br\/site\/wp-content\/uploads\/2024\/07\/post-site-27.png","datePublished":"2024-07-16T20:44:52+00:00","breadcrumb":{"@id":"https:\/\/femama.org.br\/site\/noticias-recentes\/cancer-de-mama-1-em-cada-6-mortes-pela-doenca-no-brasil-e-de-mulheres-com-menos-de-50-anos\/#breadcrumb"},"inLanguage":"pt-BR","potentialAction":[{"@type":"ReadAction","target":["https:\/\/femama.org.br\/site\/noticias-recentes\/cancer-de-mama-1-em-cada-6-mortes-pela-doenca-no-brasil-e-de-mulheres-com-menos-de-50-anos\/"]}]},{"@type":"ImageObject","inLanguage":"pt-BR","@id":"https:\/\/femama.org.br\/site\/noticias-recentes\/cancer-de-mama-1-em-cada-6-mortes-pela-doenca-no-brasil-e-de-mulheres-com-menos-de-50-anos\/#primaryimage","url":"https:\/\/femama.org.br\/site\/wp-content\/uploads\/2024\/07\/post-site-27.png","contentUrl":"https:\/\/femama.org.br\/site\/wp-content\/uploads\/2024\/07\/post-site-27.png","width":6912,"height":3456},{"@type":"BreadcrumbList","@id":"https:\/\/femama.org.br\/site\/noticias-recentes\/cancer-de-mama-1-em-cada-6-mortes-pela-doenca-no-brasil-e-de-mulheres-com-menos-de-50-anos\/#breadcrumb","itemListElement":[{"@type":"ListItem","position":1,"name":"In\u00edcio","item":"https:\/\/femama.org.br\/site\/"},{"@type":"ListItem","position":2,"name":"C\u00e2ncer de mama: 1 em cada 6 mortes pela doen\u00e7a no Brasil \u00e9 de mulheres com menos de 50 anos"}]},{"@type":"WebSite","@id":"https:\/\/femama.org.br\/site\/#website","url":"https:\/\/femama.org.br\/site\/","name":"FEMAMA","description":"Federa\u00e7\u00e3o Brasileira de Institui\u00e7\u00f5es Filantr\u00f3picas de Apoio \u00e0 Sa\u00fade da Mama | C\u00e2ncer de mama","publisher":{"@id":"https:\/\/femama.org.br\/site\/#organization"},"potentialAction":[{"@type":"SearchAction","target":{"@type":"EntryPoint","urlTemplate":"https:\/\/femama.org.br\/site\/?s={search_term_string}"},"query-input":{"@type":"PropertyValueSpecification","valueRequired":true,"valueName":"search_term_string"}}],"inLanguage":"pt-BR"},{"@type":"Organization","@id":"https:\/\/femama.org.br\/site\/#organization","name":"Femama | Federa\u00e7\u00e3o Brasileira de Institui\u00e7\u00f5es Filantr\u00f3picas de Apoio \u00e0 Sa\u00fade da Mama | C\u00e2ncer de mama","url":"https:\/\/femama.org.br\/site\/","logo":{"@type":"ImageObject","inLanguage":"pt-BR","@id":"https:\/\/femama.org.br\/site\/#\/schema\/logo\/image\/","url":"https:\/\/femama.org.br\/site\/wp-content\/uploads\/2021\/12\/logotipo-femama-horizontal.png","contentUrl":"https:\/\/femama.org.br\/site\/wp-content\/uploads\/2021\/12\/logotipo-femama-horizontal.png","width":300,"height":92,"caption":"Femama | Federa\u00e7\u00e3o Brasileira de Institui\u00e7\u00f5es Filantr\u00f3picas de Apoio \u00e0 Sa\u00fade da Mama | C\u00e2ncer de mama"},"image":{"@id":"https:\/\/femama.org.br\/site\/#\/schema\/logo\/image\/"},"sameAs":["https:\/\/www.facebook.com\/femamabrasil","https:\/\/x.com\/femama_","https:\/\/www.instagram.com\/femama.brasil\/","https:\/\/www.youtube.com\/user\/femamaorg"]},{"@type":"Person","@id":"https:\/\/femama.org.br\/site\/#\/schema\/person\/ed83a17236fa12a9cfd26890f0e3474e","name":"Femama","image":{"@type":"ImageObject","inLanguage":"pt-BR","@id":"https:\/\/secure.gravatar.com\/avatar\/fd7fd20674373e7845d94c5ca7e2b795136bf59683c50d1207584f3ec4caf04a?s=96&d=mm&r=g","url":"https:\/\/secure.gravatar.com\/avatar\/fd7fd20674373e7845d94c5ca7e2b795136bf59683c50d1207584f3ec4caf04a?s=96&d=mm&r=g","contentUrl":"https:\/\/secure.gravatar.com\/avatar\/fd7fd20674373e7845d94c5ca7e2b795136bf59683c50d1207584f3ec4caf04a?s=96&d=mm&r=g","caption":"Femama"}}]}},"_links":{"self":[{"href":"https:\/\/femama.org.br\/site\/wp-json\/wp\/v2\/posts\/25834","targetHints":{"allow":["GET"]}}],"collection":[{"href":"https:\/\/femama.org.br\/site\/wp-json\/wp\/v2\/posts"}],"about":[{"href":"https:\/\/femama.org.br\/site\/wp-json\/wp\/v2\/types\/post"}],"author":[{"embeddable":true,"href":"https:\/\/femama.org.br\/site\/wp-json\/wp\/v2\/users\/7"}],"replies":[{"embeddable":true,"href":"https:\/\/femama.org.br\/site\/wp-json\/wp\/v2\/comments?post=25834"}],"version-history":[{"count":0,"href":"https:\/\/femama.org.br\/site\/wp-json\/wp\/v2\/posts\/25834\/revisions"}],"wp:featuredmedia":[{"embeddable":true,"href":"https:\/\/femama.org.br\/site\/wp-json\/wp\/v2\/media\/25835"}],"wp:attachment":[{"href":"https:\/\/femama.org.br\/site\/wp-json\/wp\/v2\/media?parent=25834"}],"wp:term":[{"taxonomy":"category","embeddable":true,"href":"https:\/\/femama.org.br\/site\/wp-json\/wp\/v2\/categories?post=25834"},{"taxonomy":"post_tag","embeddable":true,"href":"https:\/\/femama.org.br\/site\/wp-json\/wp\/v2\/tags?post=25834"}],"curies":[{"name":"wp","href":"https:\/\/api.w.org\/{rel}","templated":true}]}}