{"id":25837,"date":"2024-07-18T18:12:40","date_gmt":"2024-07-18T21:12:40","guid":{"rendered":"https:\/\/femama.org.br\/site\/sem-categoria\/femama-celebra-seus-18-anos\/"},"modified":"2024-07-18T18:12:40","modified_gmt":"2024-07-18T21:12:40","slug":"femama-celebra-seus-18-anos","status":"publish","type":"post","link":"https:\/\/femama.org.br\/site\/blog-da-femama\/femama-celebra-seus-18-anos\/","title":{"rendered":"FEMAMA celebra seus 18 anos"},"content":{"rendered":"<p><span style=\"color: #000000;\">No pr\u00f3ximo 22 de julho, celebraremos o nosso anivers\u00e1rio e a hist\u00f3ria constru\u00edda ao lado da nossa Rede de Associadas na live<strong>\u00a0FEMAMA 18 anos: como a atua\u00e7\u00e3o em rede representa pacientes brasileiros na conquista de seus direitos.<\/strong><\/span>  <span style=\"color: #000000;\">Com media\u00e7\u00e3o da jornalista Rosane Marchetti, o evento online vai reunir nomes relevantes para o segmento. Dra. Maira Caleffi, Presidente Fundadora da FEMAMA, o advogado sanitarista, Tiago Farina, e a Rela\u00e7\u00f5es P\u00fablicas e conselheira do IGCC e Instituto Cura, C\u00e1tia Duarte, participam do di\u00e1logo sobre a import\u00e2ncia da atua\u00e7\u00e3o em Rede para fazer reverberar a voz das pacientes oncol\u00f3gicas no Brasil.<\/span>  <span style=\"color: #000000;\">A live contar\u00e1, ainda, com a fala de representantes de algumas das associa\u00e7\u00f5es que integram a Rede desde a sua funda\u00e7\u00e3o e com o\u00a0<strong>lan\u00e7amento do Movimenta FEMAMA<\/strong>\u00a0&#8211; livro digital que re\u00fane informa\u00e7\u00f5es sobre o acolhimento e apoio oferecidos pelas organiza\u00e7\u00f5es da Rede FEMAMA nas diferentes regi\u00f5es do pa\u00eds.<\/span>  &nbsp; <\/p>\n<h3><span style=\"color: #000000;\">Hist\u00f3ria da FEMAMA<\/span><\/h3>\n<p> <span style=\"color: #000000;\">Em 22 de julho de 2006, durante o Semin\u00e1rio Vis\u00e3o de Futuro 2006-2015,\u00a0<strong>consolidamos nossa Rede com o objetivo de unir a sociedade na busca por pol\u00edticas p\u00fablicas mais efetivas para pessoas com c\u00e2ncer.<\/strong><\/span>  <span style=\"color: #000000;\">Ao longo dos \u00faltimos 18 anos vivemos uma jornada de comprometimento com a sa\u00fade das mulheres brasileiras, atuando em favor do diagn\u00f3stico precoce, do tratamento digno e adequado, da amplia\u00e7\u00e3o do acesso \u00e0 sa\u00fade. Para que isso fosse poss\u00edvel, entidades de todas as regi\u00f5es do pa\u00eds se envolveram e foram capacitadas em um \u00fanico prop\u00f3sito: melhorar a qualidade de vida das pacientes oncol\u00f3gicas.<\/span>  <span style=\"color: #000000;\">Nessa caminhada conjunta, conquistamos importantes resultados, mas sabemos que ainda temos muito a fazer.\u00a0<strong>Nosso trabalho segue cada vez mais necess\u00e1rio e relevante.<\/strong>\u00a0Afinal, queremos que as leis j\u00e1 implementadas sejam cumpridas, que as pol\u00edticas de sa\u00fade tenham recursos suficientes e possam incluir as novas tecnologias dispon\u00edveis e atender toda a popula\u00e7\u00e3o afetada pelo c\u00e2ncer, independente do lugar onde vivem ou de sua condi\u00e7\u00e3o social.<\/span>  <span style=\"color: #000000;\">Seguimos buscando construir um futuro onde a sociedade tenha um olhar mais preventivo e proativo para a sa\u00fade.\u00a0<\/span>  &nbsp;  <strong><span style=\"color: #000000;\">Inscreva-se no nosso<\/span>\u00a0<\/strong><a href=\"https:\/\/t.rdsv2.net\/ls\/click?upn=u001.2g0cbPWP-2F-2B1YeDDj2LSajazWcMQCMF2jCbUjj-2FFRS2CwXcbgEISuclUSMpm7JDF1R83-2BbtoypmdhAqFxqFtGeCkRwVEZKDvHD93SNfUgc5DO6kPTZ2r67BKUOMTMHNs70ncsbU1sAgyAz-2F2N843F44kKkes8eKdQMXp-2FIscs6Eog56-2FMv-2BY1Kgl0zUl-2BUtIxvOVu_XwHH8gUi5bI05UYWR7lmIJUgzYhmE-2Fk8DTKB4K-2BhUvNiFrQC-2FQKPfya2cRG599PRzsbassG00jU-2FAhiGcCt6Pd6iLJAuHB1b6-2BsfKH3OuBk9vkp8NE05ok0rKrp3C86yQWiHMrWI0IZpKosNxxYzMciGPNyZZLALRI8eyUvxTRdWMlJepjfyXBx1uDKi-2BMy4c3JYV2VfyDg1CmElBVRB2pI2h2GkQhya87lpOEii9J1LMOiFShOUoCFp2ZfhkDqXJuK3ZUWfrnfW7oeqrb983Qr0C9c4Lc34uz-2BCyWQogZpOKU4LiK84MOxEBdILFXYBWpdqrOXB7gvOxugShySIHh7261LjwTWjBnOvGsUSB8Z4IVQNPudQXE25-2FFuUuo-2F6-2By-2BsfxBvzi7HrZwDK7xm9NgbKsIezd-2FpvqAp-2FAQKWz4CYJVVDv3MOPD6Xhz9Njn4JA1NPyUkUKahejvj80dd-2FLHptTzInXT4dccHzHzKnkg54qtBbvF0RhfH44S7rS55C2cPW0YPOdqAnszUwZZLWpZU9Y1zQwEKaDZiXqEDc9LQ8ctH1xAdIeKgGw3yRotP8TnRV5vylY2a-2BSmdqX6xKx666nHgQj7v2SIp6lot1-2FbUV32SZbtlsgnLnjA6gTUzc-2BJaC6iY352YFQRMmHg15mjQxFvLtNAdw9SAbd0vYO8-3D\" target=\"_blank\" rel=\"noopener\" data-saferedirecturl=\"https:\/\/www.google.com\/url?q=https:\/\/t.rdsv2.net\/ls\/click?upn%3Du001.2g0cbPWP-2F-2B1YeDDj2LSajazWcMQCMF2jCbUjj-2FFRS2CwXcbgEISuclUSMpm7JDF1R83-2BbtoypmdhAqFxqFtGeCkRwVEZKDvHD93SNfUgc5DO6kPTZ2r67BKUOMTMHNs70ncsbU1sAgyAz-2F2N843F44kKkes8eKdQMXp-2FIscs6Eog56-2FMv-2BY1Kgl0zUl-2BUtIxvOVu_XwHH8gUi5bI05UYWR7lmIJUgzYhmE-2Fk8DTKB4K-2BhUvNiFrQC-2FQKPfya2cRG599PRzsbassG00jU-2FAhiGcCt6Pd6iLJAuHB1b6-2BsfKH3OuBk9vkp8NE05ok0rKrp3C86yQWiHMrWI0IZpKosNxxYzMciGPNyZZLALRI8eyUvxTRdWMlJepjfyXBx1uDKi-2BMy4c3JYV2VfyDg1CmElBVRB2pI2h2GkQhya87lpOEii9J1LMOiFShOUoCFp2ZfhkDqXJuK3ZUWfrnfW7oeqrb983Qr0C9c4Lc34uz-2BCyWQogZpOKU4LiK84MOxEBdILFXYBWpdqrOXB7gvOxugShySIHh7261LjwTWjBnOvGsUSB8Z4IVQNPudQXE25-2FFuUuo-2F6-2By-2BsfxBvzi7HrZwDK7xm9NgbKsIezd-2FpvqAp-2FAQKWz4CYJVVDv3MOPD6Xhz9Njn4JA1NPyUkUKahejvj80dd-2FLHptTzInXT4dccHzHzKnkg54qtBbvF0RhfH44S7rS55C2cPW0YPOdqAnszUwZZLWpZU9Y1zQwEKaDZiXqEDc9LQ8ctH1xAdIeKgGw3yRotP8TnRV5vylY2a-2BSmdqX6xKx666nHgQj7v2SIp6lot1-2FbUV32SZbtlsgnLnjA6gTUzc-2BJaC6iY352YFQRMmHg15mjQxFvLtNAdw9SAbd0vYO8-3D&amp;source=gmail&amp;ust=1721389867541000&amp;usg=AOvVaw19KOQKzVyWBwGBvmgmCIzq\"><strong>canal do YouTube<\/strong><\/a><strong>\u00a0<span style=\"color: #000000;\">e ative as notifica\u00e7\u00f5es para receber o aviso quando a live come\u00e7ar.<\/span><\/strong><\/p>\n","protected":false},"excerpt":{"rendered":"<p>No pr\u00f3ximo 22 de julho, celebraremos o nosso anivers\u00e1rio e a hist\u00f3ria constru\u00edda ao lado da nossa Rede de Associadas na live\u00a0FEMAMA 18 anos: como a atua\u00e7\u00e3o em rede representa pacientes brasileiros na conquista de seus direitos. Com media\u00e7\u00e3o da jornalista Rosane Marchetti, o evento online vai reunir nomes relevantes para o segmento. Dra. Maira [&hellip;]<\/p>\n","protected":false},"author":7,"featured_media":25838,"comment_status":"open","ping_status":"closed","sticky":false,"template":"","format":"standard","meta":{"_acf_changed":false,"footnotes":""},"categories":[22,17,13,15],"tags":[],"class_list":["post-25837","post","type-post","status-publish","format-standard","has-post-thumbnail","hentry","category-blog-da-femama","category-institucional","category-noticias-recentes","category-terceiro-setor"],"acf":[],"yoast_head":"<!-- This site is optimized with the Yoast SEO plugin v27.5 - https:\/\/yoast.com\/product\/yoast-seo-wordpress\/ -->\n<title>FEMAMA celebra seus 18 anos | FEMAMA<\/title>\n<meta name=\"robots\" content=\"index, follow, max-snippet:-1, max-image-preview:large, max-video-preview:-1\" \/>\n<link rel=\"canonical\" href=\"https:\/\/femama.org.br\/site\/blog-da-femama\/femama-celebra-seus-18-anos\/\" \/>\n<meta property=\"og:locale\" content=\"pt_BR\" \/>\n<meta property=\"og:type\" content=\"article\" \/>\n<meta property=\"og:title\" content=\"FEMAMA celebra seus 18 anos | FEMAMA\" \/>\n<meta property=\"og:description\" content=\"No pr\u00f3ximo 22 de julho, celebraremos o nosso anivers\u00e1rio e a hist\u00f3ria constru\u00edda ao lado da nossa Rede de Associadas na live\u00a0FEMAMA 18 anos: como a atua\u00e7\u00e3o em rede representa pacientes brasileiros na conquista de seus direitos. Com media\u00e7\u00e3o da jornalista Rosane Marchetti, o evento online vai reunir nomes relevantes para o segmento. Dra. Maira [&hellip;]\" \/>\n<meta property=\"og:url\" content=\"https:\/\/femama.org.br\/site\/blog-da-femama\/femama-celebra-seus-18-anos\/\" \/>\n<meta property=\"og:site_name\" content=\"FEMAMA\" \/>\n<meta property=\"article:publisher\" content=\"https:\/\/www.facebook.com\/femamabrasil\" \/>\n<meta property=\"article:published_time\" content=\"2024-07-18T21:12:40+00:00\" \/>\n<meta property=\"og:image\" content=\"https:\/\/femama.org.br\/site\/wp-content\/uploads\/2024\/07\/post-site-29-1024x512.png\" \/>\n\t<meta property=\"og:image:width\" content=\"1024\" \/>\n\t<meta property=\"og:image:height\" content=\"512\" \/>\n\t<meta property=\"og:image:type\" content=\"image\/png\" \/>\n<meta name=\"author\" content=\"Femama\" \/>\n<meta name=\"twitter:card\" content=\"summary_large_image\" \/>\n<meta name=\"twitter:creator\" content=\"@femama_\" \/>\n<meta name=\"twitter:site\" content=\"@femama_\" \/>\n<meta name=\"twitter:label1\" content=\"Escrito por\" \/>\n\t<meta name=\"twitter:data1\" content=\"Femama\" \/>\n\t<meta name=\"twitter:label2\" content=\"Est. tempo de leitura\" \/>\n\t<meta name=\"twitter:data2\" content=\"3 minutos\" \/>\n<script type=\"application\/ld+json\" class=\"yoast-schema-graph\">{\"@context\":\"https:\\\/\\\/schema.org\",\"@graph\":[{\"@type\":\"Article\",\"@id\":\"https:\\\/\\\/femama.org.br\\\/site\\\/blog-da-femama\\\/femama-celebra-seus-18-anos\\\/#article\",\"isPartOf\":{\"@id\":\"https:\\\/\\\/femama.org.br\\\/site\\\/blog-da-femama\\\/femama-celebra-seus-18-anos\\\/\"},\"author\":{\"name\":\"Femama\",\"@id\":\"https:\\\/\\\/femama.org.br\\\/site\\\/#\\\/schema\\\/person\\\/ed83a17236fa12a9cfd26890f0e3474e\"},\"headline\":\"FEMAMA celebra seus 18 anos\",\"datePublished\":\"2024-07-18T21:12:40+00:00\",\"mainEntityOfPage\":{\"@id\":\"https:\\\/\\\/femama.org.br\\\/site\\\/blog-da-femama\\\/femama-celebra-seus-18-anos\\\/\"},\"wordCount\":396,\"commentCount\":0,\"publisher\":{\"@id\":\"https:\\\/\\\/femama.org.br\\\/site\\\/#organization\"},\"image\":{\"@id\":\"https:\\\/\\\/femama.org.br\\\/site\\\/blog-da-femama\\\/femama-celebra-seus-18-anos\\\/#primaryimage\"},\"thumbnailUrl\":\"https:\\\/\\\/femama.org.br\\\/site\\\/wp-content\\\/uploads\\\/2024\\\/07\\\/post-site-29.png\",\"articleSection\":[\"Blog da Femama\",\"Institucional\",\"Not\u00edcias recentes\",\"Terceiro Setor\"],\"inLanguage\":\"pt-BR\",\"potentialAction\":[{\"@type\":\"CommentAction\",\"name\":\"Comment\",\"target\":[\"https:\\\/\\\/femama.org.br\\\/site\\\/blog-da-femama\\\/femama-celebra-seus-18-anos\\\/#respond\"]}]},{\"@type\":\"WebPage\",\"@id\":\"https:\\\/\\\/femama.org.br\\\/site\\\/blog-da-femama\\\/femama-celebra-seus-18-anos\\\/\",\"url\":\"https:\\\/\\\/femama.org.br\\\/site\\\/blog-da-femama\\\/femama-celebra-seus-18-anos\\\/\",\"name\":\"FEMAMA celebra seus 18 anos | FEMAMA\",\"isPartOf\":{\"@id\":\"https:\\\/\\\/femama.org.br\\\/site\\\/#website\"},\"primaryImageOfPage\":{\"@id\":\"https:\\\/\\\/femama.org.br\\\/site\\\/blog-da-femama\\\/femama-celebra-seus-18-anos\\\/#primaryimage\"},\"image\":{\"@id\":\"https:\\\/\\\/femama.org.br\\\/site\\\/blog-da-femama\\\/femama-celebra-seus-18-anos\\\/#primaryimage\"},\"thumbnailUrl\":\"https:\\\/\\\/femama.org.br\\\/site\\\/wp-content\\\/uploads\\\/2024\\\/07\\\/post-site-29.png\",\"datePublished\":\"2024-07-18T21:12:40+00:00\",\"breadcrumb\":{\"@id\":\"https:\\\/\\\/femama.org.br\\\/site\\\/blog-da-femama\\\/femama-celebra-seus-18-anos\\\/#breadcrumb\"},\"inLanguage\":\"pt-BR\",\"potentialAction\":[{\"@type\":\"ReadAction\",\"target\":[\"https:\\\/\\\/femama.org.br\\\/site\\\/blog-da-femama\\\/femama-celebra-seus-18-anos\\\/\"]}]},{\"@type\":\"ImageObject\",\"inLanguage\":\"pt-BR\",\"@id\":\"https:\\\/\\\/femama.org.br\\\/site\\\/blog-da-femama\\\/femama-celebra-seus-18-anos\\\/#primaryimage\",\"url\":\"https:\\\/\\\/femama.org.br\\\/site\\\/wp-content\\\/uploads\\\/2024\\\/07\\\/post-site-29.png\",\"contentUrl\":\"https:\\\/\\\/femama.org.br\\\/site\\\/wp-content\\\/uploads\\\/2024\\\/07\\\/post-site-29.png\",\"width\":6912,\"height\":3456},{\"@type\":\"BreadcrumbList\",\"@id\":\"https:\\\/\\\/femama.org.br\\\/site\\\/blog-da-femama\\\/femama-celebra-seus-18-anos\\\/#breadcrumb\",\"itemListElement\":[{\"@type\":\"ListItem\",\"position\":1,\"name\":\"In\u00edcio\",\"item\":\"https:\\\/\\\/femama.org.br\\\/site\\\/\"},{\"@type\":\"ListItem\",\"position\":2,\"name\":\"FEMAMA celebra seus 18 anos\"}]},{\"@type\":\"WebSite\",\"@id\":\"https:\\\/\\\/femama.org.br\\\/site\\\/#website\",\"url\":\"https:\\\/\\\/femama.org.br\\\/site\\\/\",\"name\":\"FEMAMA\",\"description\":\"Federa\u00e7\u00e3o Brasileira de Institui\u00e7\u00f5es Filantr\u00f3picas de Apoio \u00e0 Sa\u00fade da Mama | C\u00e2ncer de mama\",\"publisher\":{\"@id\":\"https:\\\/\\\/femama.org.br\\\/site\\\/#organization\"},\"potentialAction\":[{\"@type\":\"SearchAction\",\"target\":{\"@type\":\"EntryPoint\",\"urlTemplate\":\"https:\\\/\\\/femama.org.br\\\/site\\\/?s={search_term_string}\"},\"query-input\":{\"@type\":\"PropertyValueSpecification\",\"valueRequired\":true,\"valueName\":\"search_term_string\"}}],\"inLanguage\":\"pt-BR\"},{\"@type\":\"Organization\",\"@id\":\"https:\\\/\\\/femama.org.br\\\/site\\\/#organization\",\"name\":\"Femama | Federa\u00e7\u00e3o Brasileira de Institui\u00e7\u00f5es Filantr\u00f3picas de Apoio \u00e0 Sa\u00fade da Mama | C\u00e2ncer de mama\",\"url\":\"https:\\\/\\\/femama.org.br\\\/site\\\/\",\"logo\":{\"@type\":\"ImageObject\",\"inLanguage\":\"pt-BR\",\"@id\":\"https:\\\/\\\/femama.org.br\\\/site\\\/#\\\/schema\\\/logo\\\/image\\\/\",\"url\":\"https:\\\/\\\/femama.org.br\\\/site\\\/wp-content\\\/uploads\\\/2021\\\/12\\\/logotipo-femama-horizontal.png\",\"contentUrl\":\"https:\\\/\\\/femama.org.br\\\/site\\\/wp-content\\\/uploads\\\/2021\\\/12\\\/logotipo-femama-horizontal.png\",\"width\":300,\"height\":92,\"caption\":\"Femama | Federa\u00e7\u00e3o Brasileira de Institui\u00e7\u00f5es Filantr\u00f3picas de Apoio \u00e0 Sa\u00fade da Mama | C\u00e2ncer de mama\"},\"image\":{\"@id\":\"https:\\\/\\\/femama.org.br\\\/site\\\/#\\\/schema\\\/logo\\\/image\\\/\"},\"sameAs\":[\"https:\\\/\\\/www.facebook.com\\\/femamabrasil\",\"https:\\\/\\\/x.com\\\/femama_\",\"https:\\\/\\\/www.instagram.com\\\/femama.brasil\\\/\",\"https:\\\/\\\/www.youtube.com\\\/user\\\/femamaorg\"]},{\"@type\":\"Person\",\"@id\":\"https:\\\/\\\/femama.org.br\\\/site\\\/#\\\/schema\\\/person\\\/ed83a17236fa12a9cfd26890f0e3474e\",\"name\":\"Femama\",\"image\":{\"@type\":\"ImageObject\",\"inLanguage\":\"pt-BR\",\"@id\":\"https:\\\/\\\/secure.gravatar.com\\\/avatar\\\/fd7fd20674373e7845d94c5ca7e2b795136bf59683c50d1207584f3ec4caf04a?s=96&d=mm&r=g\",\"url\":\"https:\\\/\\\/secure.gravatar.com\\\/avatar\\\/fd7fd20674373e7845d94c5ca7e2b795136bf59683c50d1207584f3ec4caf04a?s=96&d=mm&r=g\",\"contentUrl\":\"https:\\\/\\\/secure.gravatar.com\\\/avatar\\\/fd7fd20674373e7845d94c5ca7e2b795136bf59683c50d1207584f3ec4caf04a?s=96&d=mm&r=g\",\"caption\":\"Femama\"}}]}<\/script>\n<!-- \/ Yoast SEO plugin. -->","yoast_head_json":{"title":"FEMAMA celebra seus 18 anos | FEMAMA","robots":{"index":"index","follow":"follow","max-snippet":"max-snippet:-1","max-image-preview":"max-image-preview:large","max-video-preview":"max-video-preview:-1"},"canonical":"https:\/\/femama.org.br\/site\/blog-da-femama\/femama-celebra-seus-18-anos\/","og_locale":"pt_BR","og_type":"article","og_title":"FEMAMA celebra seus 18 anos | FEMAMA","og_description":"No pr\u00f3ximo 22 de julho, celebraremos o nosso anivers\u00e1rio e a hist\u00f3ria constru\u00edda ao lado da nossa Rede de Associadas na live\u00a0FEMAMA 18 anos: como a atua\u00e7\u00e3o em rede representa pacientes brasileiros na conquista de seus direitos. Com media\u00e7\u00e3o da jornalista Rosane Marchetti, o evento online vai reunir nomes relevantes para o segmento. Dra. Maira [&hellip;]","og_url":"https:\/\/femama.org.br\/site\/blog-da-femama\/femama-celebra-seus-18-anos\/","og_site_name":"FEMAMA","article_publisher":"https:\/\/www.facebook.com\/femamabrasil","article_published_time":"2024-07-18T21:12:40+00:00","og_image":[{"width":1024,"height":512,"url":"https:\/\/femama.org.br\/site\/wp-content\/uploads\/2024\/07\/post-site-29-1024x512.png","type":"image\/png"}],"author":"Femama","twitter_card":"summary_large_image","twitter_creator":"@femama_","twitter_site":"@femama_","twitter_misc":{"Escrito por":"Femama","Est. tempo de leitura":"3 minutos"},"schema":{"@context":"https:\/\/schema.org","@graph":[{"@type":"Article","@id":"https:\/\/femama.org.br\/site\/blog-da-femama\/femama-celebra-seus-18-anos\/#article","isPartOf":{"@id":"https:\/\/femama.org.br\/site\/blog-da-femama\/femama-celebra-seus-18-anos\/"},"author":{"name":"Femama","@id":"https:\/\/femama.org.br\/site\/#\/schema\/person\/ed83a17236fa12a9cfd26890f0e3474e"},"headline":"FEMAMA celebra seus 18 anos","datePublished":"2024-07-18T21:12:40+00:00","mainEntityOfPage":{"@id":"https:\/\/femama.org.br\/site\/blog-da-femama\/femama-celebra-seus-18-anos\/"},"wordCount":396,"commentCount":0,"publisher":{"@id":"https:\/\/femama.org.br\/site\/#organization"},"image":{"@id":"https:\/\/femama.org.br\/site\/blog-da-femama\/femama-celebra-seus-18-anos\/#primaryimage"},"thumbnailUrl":"https:\/\/femama.org.br\/site\/wp-content\/uploads\/2024\/07\/post-site-29.png","articleSection":["Blog da Femama","Institucional","Not\u00edcias recentes","Terceiro Setor"],"inLanguage":"pt-BR","potentialAction":[{"@type":"CommentAction","name":"Comment","target":["https:\/\/femama.org.br\/site\/blog-da-femama\/femama-celebra-seus-18-anos\/#respond"]}]},{"@type":"WebPage","@id":"https:\/\/femama.org.br\/site\/blog-da-femama\/femama-celebra-seus-18-anos\/","url":"https:\/\/femama.org.br\/site\/blog-da-femama\/femama-celebra-seus-18-anos\/","name":"FEMAMA celebra seus 18 anos | FEMAMA","isPartOf":{"@id":"https:\/\/femama.org.br\/site\/#website"},"primaryImageOfPage":{"@id":"https:\/\/femama.org.br\/site\/blog-da-femama\/femama-celebra-seus-18-anos\/#primaryimage"},"image":{"@id":"https:\/\/femama.org.br\/site\/blog-da-femama\/femama-celebra-seus-18-anos\/#primaryimage"},"thumbnailUrl":"https:\/\/femama.org.br\/site\/wp-content\/uploads\/2024\/07\/post-site-29.png","datePublished":"2024-07-18T21:12:40+00:00","breadcrumb":{"@id":"https:\/\/femama.org.br\/site\/blog-da-femama\/femama-celebra-seus-18-anos\/#breadcrumb"},"inLanguage":"pt-BR","potentialAction":[{"@type":"ReadAction","target":["https:\/\/femama.org.br\/site\/blog-da-femama\/femama-celebra-seus-18-anos\/"]}]},{"@type":"ImageObject","inLanguage":"pt-BR","@id":"https:\/\/femama.org.br\/site\/blog-da-femama\/femama-celebra-seus-18-anos\/#primaryimage","url":"https:\/\/femama.org.br\/site\/wp-content\/uploads\/2024\/07\/post-site-29.png","contentUrl":"https:\/\/femama.org.br\/site\/wp-content\/uploads\/2024\/07\/post-site-29.png","width":6912,"height":3456},{"@type":"BreadcrumbList","@id":"https:\/\/femama.org.br\/site\/blog-da-femama\/femama-celebra-seus-18-anos\/#breadcrumb","itemListElement":[{"@type":"ListItem","position":1,"name":"In\u00edcio","item":"https:\/\/femama.org.br\/site\/"},{"@type":"ListItem","position":2,"name":"FEMAMA celebra seus 18 anos"}]},{"@type":"WebSite","@id":"https:\/\/femama.org.br\/site\/#website","url":"https:\/\/femama.org.br\/site\/","name":"FEMAMA","description":"Federa\u00e7\u00e3o Brasileira de Institui\u00e7\u00f5es Filantr\u00f3picas de Apoio \u00e0 Sa\u00fade da Mama | C\u00e2ncer de mama","publisher":{"@id":"https:\/\/femama.org.br\/site\/#organization"},"potentialAction":[{"@type":"SearchAction","target":{"@type":"EntryPoint","urlTemplate":"https:\/\/femama.org.br\/site\/?s={search_term_string}"},"query-input":{"@type":"PropertyValueSpecification","valueRequired":true,"valueName":"search_term_string"}}],"inLanguage":"pt-BR"},{"@type":"Organization","@id":"https:\/\/femama.org.br\/site\/#organization","name":"Femama | Federa\u00e7\u00e3o Brasileira de Institui\u00e7\u00f5es Filantr\u00f3picas de Apoio \u00e0 Sa\u00fade da Mama | C\u00e2ncer de mama","url":"https:\/\/femama.org.br\/site\/","logo":{"@type":"ImageObject","inLanguage":"pt-BR","@id":"https:\/\/femama.org.br\/site\/#\/schema\/logo\/image\/","url":"https:\/\/femama.org.br\/site\/wp-content\/uploads\/2021\/12\/logotipo-femama-horizontal.png","contentUrl":"https:\/\/femama.org.br\/site\/wp-content\/uploads\/2021\/12\/logotipo-femama-horizontal.png","width":300,"height":92,"caption":"Femama | Federa\u00e7\u00e3o Brasileira de Institui\u00e7\u00f5es Filantr\u00f3picas de Apoio \u00e0 Sa\u00fade da Mama | C\u00e2ncer de mama"},"image":{"@id":"https:\/\/femama.org.br\/site\/#\/schema\/logo\/image\/"},"sameAs":["https:\/\/www.facebook.com\/femamabrasil","https:\/\/x.com\/femama_","https:\/\/www.instagram.com\/femama.brasil\/","https:\/\/www.youtube.com\/user\/femamaorg"]},{"@type":"Person","@id":"https:\/\/femama.org.br\/site\/#\/schema\/person\/ed83a17236fa12a9cfd26890f0e3474e","name":"Femama","image":{"@type":"ImageObject","inLanguage":"pt-BR","@id":"https:\/\/secure.gravatar.com\/avatar\/fd7fd20674373e7845d94c5ca7e2b795136bf59683c50d1207584f3ec4caf04a?s=96&d=mm&r=g","url":"https:\/\/secure.gravatar.com\/avatar\/fd7fd20674373e7845d94c5ca7e2b795136bf59683c50d1207584f3ec4caf04a?s=96&d=mm&r=g","contentUrl":"https:\/\/secure.gravatar.com\/avatar\/fd7fd20674373e7845d94c5ca7e2b795136bf59683c50d1207584f3ec4caf04a?s=96&d=mm&r=g","caption":"Femama"}}]}},"_links":{"self":[{"href":"https:\/\/femama.org.br\/site\/wp-json\/wp\/v2\/posts\/25837","targetHints":{"allow":["GET"]}}],"collection":[{"href":"https:\/\/femama.org.br\/site\/wp-json\/wp\/v2\/posts"}],"about":[{"href":"https:\/\/femama.org.br\/site\/wp-json\/wp\/v2\/types\/post"}],"author":[{"embeddable":true,"href":"https:\/\/femama.org.br\/site\/wp-json\/wp\/v2\/users\/7"}],"replies":[{"embeddable":true,"href":"https:\/\/femama.org.br\/site\/wp-json\/wp\/v2\/comments?post=25837"}],"version-history":[{"count":0,"href":"https:\/\/femama.org.br\/site\/wp-json\/wp\/v2\/posts\/25837\/revisions"}],"wp:featuredmedia":[{"embeddable":true,"href":"https:\/\/femama.org.br\/site\/wp-json\/wp\/v2\/media\/25838"}],"wp:attachment":[{"href":"https:\/\/femama.org.br\/site\/wp-json\/wp\/v2\/media?parent=25837"}],"wp:term":[{"taxonomy":"category","embeddable":true,"href":"https:\/\/femama.org.br\/site\/wp-json\/wp\/v2\/categories?post=25837"},{"taxonomy":"post_tag","embeddable":true,"href":"https:\/\/femama.org.br\/site\/wp-json\/wp\/v2\/tags?post=25837"}],"curies":[{"name":"wp","href":"https:\/\/api.w.org\/{rel}","templated":true}]}}