{"id":25845,"date":"2024-07-25T18:17:04","date_gmt":"2024-07-25T21:17:04","guid":{"rendered":"https:\/\/femama.org.br\/site\/sem-categoria\/organizacoes-da-area-de-saude-lancam-movimento-nacional-cidades-no-controle-do-cancer\/"},"modified":"2024-07-25T18:17:04","modified_gmt":"2024-07-25T21:17:04","slug":"organizacoes-da-area-de-saude-lancam-movimento-nacional-cidades-no-controle-do-cancer","status":"publish","type":"post","link":"https:\/\/femama.org.br\/site\/blog-da-femama\/organizacoes-da-area-de-saude-lancam-movimento-nacional-cidades-no-controle-do-cancer\/","title":{"rendered":"Organiza\u00e7\u00f5es da \u00e1rea de sa\u00fade lan\u00e7am Movimento Nacional Cidades no Controle do C\u00e2ncer"},"content":{"rendered":"<p style=\"text-align: center;\"><span style=\"color: #000000;\"><i><span style=\"font-weight: 400;\">Iniciativa busca sensibilizar candidatos sobre a import\u00e2ncia da inclus\u00e3o da pauta oncol\u00f3gica nos planos de governo<\/span><\/i><\/span><\/p>\n<p> &nbsp;  <span style=\"font-weight: 400;\"><span style=\"color: #000000;\">Em um momento crucial para a sa\u00fade p\u00fablica brasileira e com a aproxima\u00e7\u00e3o das elei\u00e7\u00f5es municipais, Federa\u00e7\u00e3o Brasileira de Institui\u00e7\u00f5es Filantr\u00f3picas de Apoio \u00e0 Sa\u00fade da Mama<\/span> (<\/span><a href=\"https:\/\/femama.org.br\/site\/\"><span style=\"font-weight: 400;\">FEMAMA<\/span><\/a><span style=\"font-weight: 400;\">), <span style=\"color: #000000;\">Instituto de Governan\u00e7a e Controle do C\u00e2ncer (IGCC), Associa\u00e7\u00e3o Brasileira de Linfoma e Leucemia (Abrale), Instituto Avon, Instituto Oncoguia, Instituto Vencer O C\u00e2ncer e a Sociedade Brasileira de Oncologia Cl\u00ednica (SBOC), se uniram em parceria para lan\u00e7ar, no pr\u00f3ximo dia 29 de julho, a <\/span><\/span><span style=\"color: #000000;\"><b>Coaliz\u00e3o Cidades no Controle do C\u00e2ncer.<\/b><span style=\"font-weight: 400;\"> O movimento nacional busca sensibilizar candidatas e candidatos \u00e0s Prefeituras e C\u00e2maras de Vereadores de todo o pa\u00eds para a import\u00e2ncia da inclus\u00e3o da pauta oncol\u00f3gica em seus planos de governo e de atua\u00e7\u00e3o legislativa.<\/span><\/span>  <span style=\"font-weight: 400; color: #000000;\">Segundo o INCA, s\u00e3o esperados 704 mil novos casos de c\u00e2ncer no pa\u00eds para cada ano do tri\u00eanio 2023-2025. Destes, cerca de 74 mil novos casos anuais referem-se ao c\u00e2ncer de mama. \u201cEm nosso pa\u00eds o direito \u00e0 sa\u00fade \u00e9 universal, mas o acesso ao tratamento do c\u00e2ncer ainda n\u00e3o \u00e9. Ao longo dos 18 anos de trajet\u00f3ria da FEMAMA conquistamos marcos fundamentais, como a Lei da Mamografia e as Leis dos 30 e 60 dias, mas precisamos encontrar meios para ampliar o diagn\u00f3stico precoce e o acesso ao tratamento adequado para pacientes oncol\u00f3gicos e esse trabalho tamb\u00e9m \u00e9 responsabilidade dos munic\u00edpios\u201d, comenta Maira Caleffi, mastologista, Chefe do Servi\u00e7o de Mastologia do Hospital Moinhos de Vento e Presidente Volunt\u00e1ria da FEMAMA.\u00a0<\/span>  <span style=\"font-weight: 400; color: #000000;\">Para Daniely Votto, diretora executiva do IGCC, \u00e9 necess\u00e1rio incluir a pauta da oncologia nas elei\u00e7\u00f5es municipais e capacitar os candidatos para que saibam quais s\u00e3o as suas responsabilidades na hora de tratar do assunto. \u201cQuando falamos de oncologia e cidades, falamos de um munic\u00edpio que esteja preparado para trabalhar na preven\u00e7\u00e3o da doen\u00e7a e\u00a0 acolher as demandas do paciente com c\u00e2ncer. Queremos que a pauta seja uma prioridade nos planos de governo e nas atua\u00e7\u00f5es dos Legislativos municipais, pois o fardo do c\u00e2ncer \u00e9 enorme. Al\u00e9m disso, a doen\u00e7a j\u00e1 \u00e9 a principal causa de \u00f3bitos em diversos munic\u00edpios brasileiros e traz um significativo custo para o sistema de sa\u00fade\u201d, enfatiza.<\/span>  <span style=\"font-weight: 400; color: #000000;\">A Coaliz\u00e3o tem por objetivo capacitar organiza\u00e7\u00f5es sociais locais para que possam atuar como agentes de transforma\u00e7\u00e3o, levando a discuss\u00e3o sobre o c\u00e2ncer para as campanhas pol\u00edticas, bem como obter a assinatura de candidatos em uma carta-compromisso para inclus\u00e3o do tema em seus programas de governo. Al\u00e9m disso, o movimento oferecer\u00e1 um conjunto de ferramentas e materiais de apoio que, a partir do lan\u00e7amento, estar\u00e3o dispon\u00edveis <\/span><a href=\"http:\/\/cidadesnocontroledocancer.org.br\/\"><span style=\"font-weight: 400;\">aqui no site<\/span> <\/a><span style=\"font-weight: 400; color: #000000;\">para auxiliar as organiza\u00e7\u00f5es a sensibilizar os candidatos e a popula\u00e7\u00e3o sobre a necessidade de pol\u00edticas p\u00fablicas eficazes para o controle do c\u00e2ncer nas cidades.<\/span><\/p>\n","protected":false},"excerpt":{"rendered":"<p>Iniciativa busca sensibilizar candidatos sobre a import\u00e2ncia da inclus\u00e3o da pauta oncol\u00f3gica nos planos de governo &nbsp; Em um momento crucial para a sa\u00fade p\u00fablica brasileira e com a aproxima\u00e7\u00e3o das elei\u00e7\u00f5es municipais, Federa\u00e7\u00e3o Brasileira de Institui\u00e7\u00f5es Filantr\u00f3picas de Apoio \u00e0 Sa\u00fade da Mama (FEMAMA), Instituto de Governan\u00e7a e Controle do C\u00e2ncer (IGCC), Associa\u00e7\u00e3o Brasileira [&hellip;]<\/p>\n","protected":false},"author":7,"featured_media":25846,"comment_status":"open","ping_status":"closed","sticky":false,"template":"","format":"standard","meta":{"_acf_changed":false,"footnotes":""},"categories":[19,22,18,20,17,13,15],"tags":[],"class_list":["post-25845","post","type-post","status-publish","format-standard","has-post-thumbnail","hentry","category-advocacy","category-blog-da-femama","category-cancer-de-mama","category-direito-dos-pacientes","category-institucional","category-noticias-recentes","category-terceiro-setor"],"acf":[],"yoast_head":"<!-- This site is optimized with the Yoast SEO plugin v27.5 - https:\/\/yoast.com\/product\/yoast-seo-wordpress\/ -->\n<title>Organiza\u00e7\u00f5es da \u00e1rea de sa\u00fade lan\u00e7am Movimento Nacional Cidades no Controle do C\u00e2ncer | FEMAMA<\/title>\n<meta name=\"robots\" content=\"index, follow, max-snippet:-1, max-image-preview:large, max-video-preview:-1\" \/>\n<link rel=\"canonical\" href=\"https:\/\/femama.org.br\/site\/blog-da-femama\/organizacoes-da-area-de-saude-lancam-movimento-nacional-cidades-no-controle-do-cancer\/\" \/>\n<meta property=\"og:locale\" content=\"pt_BR\" \/>\n<meta property=\"og:type\" content=\"article\" \/>\n<meta property=\"og:title\" content=\"Organiza\u00e7\u00f5es da \u00e1rea de sa\u00fade lan\u00e7am Movimento Nacional Cidades no Controle do C\u00e2ncer | FEMAMA\" \/>\n<meta property=\"og:description\" content=\"Iniciativa busca sensibilizar candidatos sobre a import\u00e2ncia da inclus\u00e3o da pauta oncol\u00f3gica nos planos de governo &nbsp; Em um momento crucial para a sa\u00fade p\u00fablica brasileira e com a aproxima\u00e7\u00e3o das elei\u00e7\u00f5es municipais, Federa\u00e7\u00e3o Brasileira de Institui\u00e7\u00f5es Filantr\u00f3picas de Apoio \u00e0 Sa\u00fade da Mama (FEMAMA), Instituto de Governan\u00e7a e Controle do C\u00e2ncer (IGCC), Associa\u00e7\u00e3o Brasileira [&hellip;]\" \/>\n<meta property=\"og:url\" content=\"https:\/\/femama.org.br\/site\/blog-da-femama\/organizacoes-da-area-de-saude-lancam-movimento-nacional-cidades-no-controle-do-cancer\/\" \/>\n<meta property=\"og:site_name\" content=\"FEMAMA\" \/>\n<meta property=\"article:publisher\" content=\"https:\/\/www.facebook.com\/femamabrasil\" \/>\n<meta property=\"article:published_time\" content=\"2024-07-25T21:17:04+00:00\" \/>\n<meta property=\"og:image\" content=\"https:\/\/femama.org.br\/site\/wp-content\/uploads\/2024\/07\/post-site-32.png\" \/>\n\t<meta property=\"og:image:width\" content=\"6912\" \/>\n\t<meta property=\"og:image:height\" content=\"3456\" \/>\n\t<meta property=\"og:image:type\" content=\"image\/png\" \/>\n<meta name=\"author\" content=\"Femama\" \/>\n<meta name=\"twitter:card\" content=\"summary_large_image\" \/>\n<meta name=\"twitter:creator\" content=\"@femama_\" \/>\n<meta name=\"twitter:site\" content=\"@femama_\" \/>\n<meta name=\"twitter:label1\" content=\"Escrito por\" \/>\n\t<meta name=\"twitter:data1\" content=\"Femama\" \/>\n\t<meta name=\"twitter:label2\" content=\"Est. tempo de leitura\" \/>\n\t<meta name=\"twitter:data2\" content=\"3 minutos\" \/>\n<script type=\"application\/ld+json\" class=\"yoast-schema-graph\">{\"@context\":\"https:\\\/\\\/schema.org\",\"@graph\":[{\"@type\":\"Article\",\"@id\":\"https:\\\/\\\/femama.org.br\\\/site\\\/blog-da-femama\\\/organizacoes-da-area-de-saude-lancam-movimento-nacional-cidades-no-controle-do-cancer\\\/#article\",\"isPartOf\":{\"@id\":\"https:\\\/\\\/femama.org.br\\\/site\\\/blog-da-femama\\\/organizacoes-da-area-de-saude-lancam-movimento-nacional-cidades-no-controle-do-cancer\\\/\"},\"author\":{\"name\":\"Femama\",\"@id\":\"https:\\\/\\\/femama.org.br\\\/site\\\/#\\\/schema\\\/person\\\/ed83a17236fa12a9cfd26890f0e3474e\"},\"headline\":\"Organiza\u00e7\u00f5es da \u00e1rea de sa\u00fade lan\u00e7am Movimento Nacional Cidades no Controle do C\u00e2ncer\",\"datePublished\":\"2024-07-25T21:17:04+00:00\",\"mainEntityOfPage\":{\"@id\":\"https:\\\/\\\/femama.org.br\\\/site\\\/blog-da-femama\\\/organizacoes-da-area-de-saude-lancam-movimento-nacional-cidades-no-controle-do-cancer\\\/\"},\"wordCount\":531,\"commentCount\":0,\"publisher\":{\"@id\":\"https:\\\/\\\/femama.org.br\\\/site\\\/#organization\"},\"image\":{\"@id\":\"https:\\\/\\\/femama.org.br\\\/site\\\/blog-da-femama\\\/organizacoes-da-area-de-saude-lancam-movimento-nacional-cidades-no-controle-do-cancer\\\/#primaryimage\"},\"thumbnailUrl\":\"https:\\\/\\\/femama.org.br\\\/site\\\/wp-content\\\/uploads\\\/2024\\\/07\\\/post-site-32.png\",\"articleSection\":[\"Advocacy\",\"Blog da Femama\",\"C\u00e2ncer de Mama\",\"Direito dos Pacientes\",\"Institucional\",\"Not\u00edcias recentes\",\"Terceiro Setor\"],\"inLanguage\":\"pt-BR\",\"potentialAction\":[{\"@type\":\"CommentAction\",\"name\":\"Comment\",\"target\":[\"https:\\\/\\\/femama.org.br\\\/site\\\/blog-da-femama\\\/organizacoes-da-area-de-saude-lancam-movimento-nacional-cidades-no-controle-do-cancer\\\/#respond\"]}]},{\"@type\":\"WebPage\",\"@id\":\"https:\\\/\\\/femama.org.br\\\/site\\\/blog-da-femama\\\/organizacoes-da-area-de-saude-lancam-movimento-nacional-cidades-no-controle-do-cancer\\\/\",\"url\":\"https:\\\/\\\/femama.org.br\\\/site\\\/blog-da-femama\\\/organizacoes-da-area-de-saude-lancam-movimento-nacional-cidades-no-controle-do-cancer\\\/\",\"name\":\"Organiza\u00e7\u00f5es da \u00e1rea de sa\u00fade lan\u00e7am Movimento Nacional Cidades no Controle do C\u00e2ncer | FEMAMA\",\"isPartOf\":{\"@id\":\"https:\\\/\\\/femama.org.br\\\/site\\\/#website\"},\"primaryImageOfPage\":{\"@id\":\"https:\\\/\\\/femama.org.br\\\/site\\\/blog-da-femama\\\/organizacoes-da-area-de-saude-lancam-movimento-nacional-cidades-no-controle-do-cancer\\\/#primaryimage\"},\"image\":{\"@id\":\"https:\\\/\\\/femama.org.br\\\/site\\\/blog-da-femama\\\/organizacoes-da-area-de-saude-lancam-movimento-nacional-cidades-no-controle-do-cancer\\\/#primaryimage\"},\"thumbnailUrl\":\"https:\\\/\\\/femama.org.br\\\/site\\\/wp-content\\\/uploads\\\/2024\\\/07\\\/post-site-32.png\",\"datePublished\":\"2024-07-25T21:17:04+00:00\",\"breadcrumb\":{\"@id\":\"https:\\\/\\\/femama.org.br\\\/site\\\/blog-da-femama\\\/organizacoes-da-area-de-saude-lancam-movimento-nacional-cidades-no-controle-do-cancer\\\/#breadcrumb\"},\"inLanguage\":\"pt-BR\",\"potentialAction\":[{\"@type\":\"ReadAction\",\"target\":[\"https:\\\/\\\/femama.org.br\\\/site\\\/blog-da-femama\\\/organizacoes-da-area-de-saude-lancam-movimento-nacional-cidades-no-controle-do-cancer\\\/\"]}]},{\"@type\":\"ImageObject\",\"inLanguage\":\"pt-BR\",\"@id\":\"https:\\\/\\\/femama.org.br\\\/site\\\/blog-da-femama\\\/organizacoes-da-area-de-saude-lancam-movimento-nacional-cidades-no-controle-do-cancer\\\/#primaryimage\",\"url\":\"https:\\\/\\\/femama.org.br\\\/site\\\/wp-content\\\/uploads\\\/2024\\\/07\\\/post-site-32.png\",\"contentUrl\":\"https:\\\/\\\/femama.org.br\\\/site\\\/wp-content\\\/uploads\\\/2024\\\/07\\\/post-site-32.png\",\"width\":6912,\"height\":3456},{\"@type\":\"BreadcrumbList\",\"@id\":\"https:\\\/\\\/femama.org.br\\\/site\\\/blog-da-femama\\\/organizacoes-da-area-de-saude-lancam-movimento-nacional-cidades-no-controle-do-cancer\\\/#breadcrumb\",\"itemListElement\":[{\"@type\":\"ListItem\",\"position\":1,\"name\":\"In\u00edcio\",\"item\":\"https:\\\/\\\/femama.org.br\\\/site\\\/\"},{\"@type\":\"ListItem\",\"position\":2,\"name\":\"Organiza\u00e7\u00f5es da \u00e1rea de sa\u00fade lan\u00e7am Movimento Nacional Cidades no Controle do C\u00e2ncer\"}]},{\"@type\":\"WebSite\",\"@id\":\"https:\\\/\\\/femama.org.br\\\/site\\\/#website\",\"url\":\"https:\\\/\\\/femama.org.br\\\/site\\\/\",\"name\":\"FEMAMA\",\"description\":\"Federa\u00e7\u00e3o Brasileira de Institui\u00e7\u00f5es Filantr\u00f3picas de Apoio \u00e0 Sa\u00fade da Mama | C\u00e2ncer de mama\",\"publisher\":{\"@id\":\"https:\\\/\\\/femama.org.br\\\/site\\\/#organization\"},\"potentialAction\":[{\"@type\":\"SearchAction\",\"target\":{\"@type\":\"EntryPoint\",\"urlTemplate\":\"https:\\\/\\\/femama.org.br\\\/site\\\/?s={search_term_string}\"},\"query-input\":{\"@type\":\"PropertyValueSpecification\",\"valueRequired\":true,\"valueName\":\"search_term_string\"}}],\"inLanguage\":\"pt-BR\"},{\"@type\":\"Organization\",\"@id\":\"https:\\\/\\\/femama.org.br\\\/site\\\/#organization\",\"name\":\"Femama | Federa\u00e7\u00e3o Brasileira de Institui\u00e7\u00f5es Filantr\u00f3picas de Apoio \u00e0 Sa\u00fade da Mama | C\u00e2ncer de mama\",\"url\":\"https:\\\/\\\/femama.org.br\\\/site\\\/\",\"logo\":{\"@type\":\"ImageObject\",\"inLanguage\":\"pt-BR\",\"@id\":\"https:\\\/\\\/femama.org.br\\\/site\\\/#\\\/schema\\\/logo\\\/image\\\/\",\"url\":\"https:\\\/\\\/femama.org.br\\\/site\\\/wp-content\\\/uploads\\\/2021\\\/12\\\/logotipo-femama-horizontal.png\",\"contentUrl\":\"https:\\\/\\\/femama.org.br\\\/site\\\/wp-content\\\/uploads\\\/2021\\\/12\\\/logotipo-femama-horizontal.png\",\"width\":300,\"height\":92,\"caption\":\"Femama | Federa\u00e7\u00e3o Brasileira de Institui\u00e7\u00f5es Filantr\u00f3picas de Apoio \u00e0 Sa\u00fade da Mama | C\u00e2ncer de mama\"},\"image\":{\"@id\":\"https:\\\/\\\/femama.org.br\\\/site\\\/#\\\/schema\\\/logo\\\/image\\\/\"},\"sameAs\":[\"https:\\\/\\\/www.facebook.com\\\/femamabrasil\",\"https:\\\/\\\/x.com\\\/femama_\",\"https:\\\/\\\/www.instagram.com\\\/femama.brasil\\\/\",\"https:\\\/\\\/www.youtube.com\\\/user\\\/femamaorg\"]},{\"@type\":\"Person\",\"@id\":\"https:\\\/\\\/femama.org.br\\\/site\\\/#\\\/schema\\\/person\\\/ed83a17236fa12a9cfd26890f0e3474e\",\"name\":\"Femama\",\"image\":{\"@type\":\"ImageObject\",\"inLanguage\":\"pt-BR\",\"@id\":\"https:\\\/\\\/secure.gravatar.com\\\/avatar\\\/fd7fd20674373e7845d94c5ca7e2b795136bf59683c50d1207584f3ec4caf04a?s=96&d=mm&r=g\",\"url\":\"https:\\\/\\\/secure.gravatar.com\\\/avatar\\\/fd7fd20674373e7845d94c5ca7e2b795136bf59683c50d1207584f3ec4caf04a?s=96&d=mm&r=g\",\"contentUrl\":\"https:\\\/\\\/secure.gravatar.com\\\/avatar\\\/fd7fd20674373e7845d94c5ca7e2b795136bf59683c50d1207584f3ec4caf04a?s=96&d=mm&r=g\",\"caption\":\"Femama\"}}]}<\/script>\n<!-- \/ Yoast SEO plugin. -->","yoast_head_json":{"title":"Organiza\u00e7\u00f5es da \u00e1rea de sa\u00fade lan\u00e7am Movimento Nacional Cidades no Controle do C\u00e2ncer | FEMAMA","robots":{"index":"index","follow":"follow","max-snippet":"max-snippet:-1","max-image-preview":"max-image-preview:large","max-video-preview":"max-video-preview:-1"},"canonical":"https:\/\/femama.org.br\/site\/blog-da-femama\/organizacoes-da-area-de-saude-lancam-movimento-nacional-cidades-no-controle-do-cancer\/","og_locale":"pt_BR","og_type":"article","og_title":"Organiza\u00e7\u00f5es da \u00e1rea de sa\u00fade lan\u00e7am Movimento Nacional Cidades no Controle do C\u00e2ncer | FEMAMA","og_description":"Iniciativa busca sensibilizar candidatos sobre a import\u00e2ncia da inclus\u00e3o da pauta oncol\u00f3gica nos planos de governo &nbsp; Em um momento crucial para a sa\u00fade p\u00fablica brasileira e com a aproxima\u00e7\u00e3o das elei\u00e7\u00f5es municipais, Federa\u00e7\u00e3o Brasileira de Institui\u00e7\u00f5es Filantr\u00f3picas de Apoio \u00e0 Sa\u00fade da Mama (FEMAMA), Instituto de Governan\u00e7a e Controle do C\u00e2ncer (IGCC), Associa\u00e7\u00e3o Brasileira [&hellip;]","og_url":"https:\/\/femama.org.br\/site\/blog-da-femama\/organizacoes-da-area-de-saude-lancam-movimento-nacional-cidades-no-controle-do-cancer\/","og_site_name":"FEMAMA","article_publisher":"https:\/\/www.facebook.com\/femamabrasil","article_published_time":"2024-07-25T21:17:04+00:00","og_image":[{"width":6912,"height":3456,"url":"https:\/\/femama.org.br\/site\/wp-content\/uploads\/2024\/07\/post-site-32.png","type":"image\/png"}],"author":"Femama","twitter_card":"summary_large_image","twitter_creator":"@femama_","twitter_site":"@femama_","twitter_misc":{"Escrito por":"Femama","Est. tempo de leitura":"3 minutos"},"schema":{"@context":"https:\/\/schema.org","@graph":[{"@type":"Article","@id":"https:\/\/femama.org.br\/site\/blog-da-femama\/organizacoes-da-area-de-saude-lancam-movimento-nacional-cidades-no-controle-do-cancer\/#article","isPartOf":{"@id":"https:\/\/femama.org.br\/site\/blog-da-femama\/organizacoes-da-area-de-saude-lancam-movimento-nacional-cidades-no-controle-do-cancer\/"},"author":{"name":"Femama","@id":"https:\/\/femama.org.br\/site\/#\/schema\/person\/ed83a17236fa12a9cfd26890f0e3474e"},"headline":"Organiza\u00e7\u00f5es da \u00e1rea de sa\u00fade lan\u00e7am Movimento Nacional Cidades no Controle do C\u00e2ncer","datePublished":"2024-07-25T21:17:04+00:00","mainEntityOfPage":{"@id":"https:\/\/femama.org.br\/site\/blog-da-femama\/organizacoes-da-area-de-saude-lancam-movimento-nacional-cidades-no-controle-do-cancer\/"},"wordCount":531,"commentCount":0,"publisher":{"@id":"https:\/\/femama.org.br\/site\/#organization"},"image":{"@id":"https:\/\/femama.org.br\/site\/blog-da-femama\/organizacoes-da-area-de-saude-lancam-movimento-nacional-cidades-no-controle-do-cancer\/#primaryimage"},"thumbnailUrl":"https:\/\/femama.org.br\/site\/wp-content\/uploads\/2024\/07\/post-site-32.png","articleSection":["Advocacy","Blog da Femama","C\u00e2ncer de Mama","Direito dos Pacientes","Institucional","Not\u00edcias recentes","Terceiro Setor"],"inLanguage":"pt-BR","potentialAction":[{"@type":"CommentAction","name":"Comment","target":["https:\/\/femama.org.br\/site\/blog-da-femama\/organizacoes-da-area-de-saude-lancam-movimento-nacional-cidades-no-controle-do-cancer\/#respond"]}]},{"@type":"WebPage","@id":"https:\/\/femama.org.br\/site\/blog-da-femama\/organizacoes-da-area-de-saude-lancam-movimento-nacional-cidades-no-controle-do-cancer\/","url":"https:\/\/femama.org.br\/site\/blog-da-femama\/organizacoes-da-area-de-saude-lancam-movimento-nacional-cidades-no-controle-do-cancer\/","name":"Organiza\u00e7\u00f5es da \u00e1rea de sa\u00fade lan\u00e7am Movimento Nacional Cidades no Controle do C\u00e2ncer | FEMAMA","isPartOf":{"@id":"https:\/\/femama.org.br\/site\/#website"},"primaryImageOfPage":{"@id":"https:\/\/femama.org.br\/site\/blog-da-femama\/organizacoes-da-area-de-saude-lancam-movimento-nacional-cidades-no-controle-do-cancer\/#primaryimage"},"image":{"@id":"https:\/\/femama.org.br\/site\/blog-da-femama\/organizacoes-da-area-de-saude-lancam-movimento-nacional-cidades-no-controle-do-cancer\/#primaryimage"},"thumbnailUrl":"https:\/\/femama.org.br\/site\/wp-content\/uploads\/2024\/07\/post-site-32.png","datePublished":"2024-07-25T21:17:04+00:00","breadcrumb":{"@id":"https:\/\/femama.org.br\/site\/blog-da-femama\/organizacoes-da-area-de-saude-lancam-movimento-nacional-cidades-no-controle-do-cancer\/#breadcrumb"},"inLanguage":"pt-BR","potentialAction":[{"@type":"ReadAction","target":["https:\/\/femama.org.br\/site\/blog-da-femama\/organizacoes-da-area-de-saude-lancam-movimento-nacional-cidades-no-controle-do-cancer\/"]}]},{"@type":"ImageObject","inLanguage":"pt-BR","@id":"https:\/\/femama.org.br\/site\/blog-da-femama\/organizacoes-da-area-de-saude-lancam-movimento-nacional-cidades-no-controle-do-cancer\/#primaryimage","url":"https:\/\/femama.org.br\/site\/wp-content\/uploads\/2024\/07\/post-site-32.png","contentUrl":"https:\/\/femama.org.br\/site\/wp-content\/uploads\/2024\/07\/post-site-32.png","width":6912,"height":3456},{"@type":"BreadcrumbList","@id":"https:\/\/femama.org.br\/site\/blog-da-femama\/organizacoes-da-area-de-saude-lancam-movimento-nacional-cidades-no-controle-do-cancer\/#breadcrumb","itemListElement":[{"@type":"ListItem","position":1,"name":"In\u00edcio","item":"https:\/\/femama.org.br\/site\/"},{"@type":"ListItem","position":2,"name":"Organiza\u00e7\u00f5es da \u00e1rea de sa\u00fade lan\u00e7am Movimento Nacional Cidades no Controle do C\u00e2ncer"}]},{"@type":"WebSite","@id":"https:\/\/femama.org.br\/site\/#website","url":"https:\/\/femama.org.br\/site\/","name":"FEMAMA","description":"Federa\u00e7\u00e3o Brasileira de Institui\u00e7\u00f5es Filantr\u00f3picas de Apoio \u00e0 Sa\u00fade da Mama | C\u00e2ncer de mama","publisher":{"@id":"https:\/\/femama.org.br\/site\/#organization"},"potentialAction":[{"@type":"SearchAction","target":{"@type":"EntryPoint","urlTemplate":"https:\/\/femama.org.br\/site\/?s={search_term_string}"},"query-input":{"@type":"PropertyValueSpecification","valueRequired":true,"valueName":"search_term_string"}}],"inLanguage":"pt-BR"},{"@type":"Organization","@id":"https:\/\/femama.org.br\/site\/#organization","name":"Femama | Federa\u00e7\u00e3o Brasileira de Institui\u00e7\u00f5es Filantr\u00f3picas de Apoio \u00e0 Sa\u00fade da Mama | C\u00e2ncer de mama","url":"https:\/\/femama.org.br\/site\/","logo":{"@type":"ImageObject","inLanguage":"pt-BR","@id":"https:\/\/femama.org.br\/site\/#\/schema\/logo\/image\/","url":"https:\/\/femama.org.br\/site\/wp-content\/uploads\/2021\/12\/logotipo-femama-horizontal.png","contentUrl":"https:\/\/femama.org.br\/site\/wp-content\/uploads\/2021\/12\/logotipo-femama-horizontal.png","width":300,"height":92,"caption":"Femama | Federa\u00e7\u00e3o Brasileira de Institui\u00e7\u00f5es Filantr\u00f3picas de Apoio \u00e0 Sa\u00fade da Mama | C\u00e2ncer de mama"},"image":{"@id":"https:\/\/femama.org.br\/site\/#\/schema\/logo\/image\/"},"sameAs":["https:\/\/www.facebook.com\/femamabrasil","https:\/\/x.com\/femama_","https:\/\/www.instagram.com\/femama.brasil\/","https:\/\/www.youtube.com\/user\/femamaorg"]},{"@type":"Person","@id":"https:\/\/femama.org.br\/site\/#\/schema\/person\/ed83a17236fa12a9cfd26890f0e3474e","name":"Femama","image":{"@type":"ImageObject","inLanguage":"pt-BR","@id":"https:\/\/secure.gravatar.com\/avatar\/fd7fd20674373e7845d94c5ca7e2b795136bf59683c50d1207584f3ec4caf04a?s=96&d=mm&r=g","url":"https:\/\/secure.gravatar.com\/avatar\/fd7fd20674373e7845d94c5ca7e2b795136bf59683c50d1207584f3ec4caf04a?s=96&d=mm&r=g","contentUrl":"https:\/\/secure.gravatar.com\/avatar\/fd7fd20674373e7845d94c5ca7e2b795136bf59683c50d1207584f3ec4caf04a?s=96&d=mm&r=g","caption":"Femama"}}]}},"_links":{"self":[{"href":"https:\/\/femama.org.br\/site\/wp-json\/wp\/v2\/posts\/25845","targetHints":{"allow":["GET"]}}],"collection":[{"href":"https:\/\/femama.org.br\/site\/wp-json\/wp\/v2\/posts"}],"about":[{"href":"https:\/\/femama.org.br\/site\/wp-json\/wp\/v2\/types\/post"}],"author":[{"embeddable":true,"href":"https:\/\/femama.org.br\/site\/wp-json\/wp\/v2\/users\/7"}],"replies":[{"embeddable":true,"href":"https:\/\/femama.org.br\/site\/wp-json\/wp\/v2\/comments?post=25845"}],"version-history":[{"count":0,"href":"https:\/\/femama.org.br\/site\/wp-json\/wp\/v2\/posts\/25845\/revisions"}],"wp:featuredmedia":[{"embeddable":true,"href":"https:\/\/femama.org.br\/site\/wp-json\/wp\/v2\/media\/25846"}],"wp:attachment":[{"href":"https:\/\/femama.org.br\/site\/wp-json\/wp\/v2\/media?parent=25845"}],"wp:term":[{"taxonomy":"category","embeddable":true,"href":"https:\/\/femama.org.br\/site\/wp-json\/wp\/v2\/categories?post=25845"},{"taxonomy":"post_tag","embeddable":true,"href":"https:\/\/femama.org.br\/site\/wp-json\/wp\/v2\/tags?post=25845"}],"curies":[{"name":"wp","href":"https:\/\/api.w.org\/{rel}","templated":true}]}}