{"id":25967,"date":"2024-08-20T15:02:05","date_gmt":"2024-08-20T18:02:05","guid":{"rendered":"https:\/\/femama.org.br\/site\/sem-categoria\/saiba-mais-sobre-o-cura-talks-breast\/"},"modified":"2024-08-20T15:02:05","modified_gmt":"2024-08-20T18:02:05","slug":"saiba-mais-sobre-o-cura-talks-breast","status":"publish","type":"post","link":"https:\/\/femama.org.br\/site\/noticias-recentes\/saiba-mais-sobre-o-cura-talks-breast\/","title":{"rendered":"Saiba mais sobre o Cura Talks Breast"},"content":{"rendered":"<p><span style=\"font-weight: 400; color: #000000;\">No dia 29 de agosto, no Hotel Wish Serrano em Gramado\/RS, acontecer\u00e1 o Cura Talks Breast, evento dedicado a representantes de organiza\u00e7\u00f5es de pacientes, profissionais da sa\u00fade, jornalistas e influenciadores, e que contar\u00e1 com a participa\u00e7\u00e3o de especialistas que compartilhar\u00e3o suas experi\u00eancias e as inova\u00e7\u00f5es mais recentes.\u00a0<\/span><\/p>\n<p><span style=\"font-weight: 400; color: #000000;\">Promovido pelo\u00a0 Instituto Projeto Cura e acontecendo paralelamente ao renomado congresso m\u00e9dico &#8211; C\u00e2ncer de Mama Gramado, o evento oferecer\u00e1 sess\u00f5es interativas, permitindo que os participantes discutam diretamente com os palestrantes e trazendo uma constru\u00e7\u00e3o horizontal do conhecimento.\u00a0<\/span><\/p>\n<p>&nbsp;<\/p>\n<p><span style=\"color: #000000;\"><b>Informa\u00e7\u00f5es importantes:<\/b><\/span><\/p>\n<ul>\n<li style=\"font-weight: 400;\" aria-level=\"1\"><span style=\"font-weight: 400; color: #000000;\">Data: 29\/08, das 09h \u00e0s 18h<\/span><\/li>\n<li style=\"font-weight: 400;\" aria-level=\"1\"><span style=\"font-weight: 400; color: #000000;\">Local: Hotel Wish Serrano em Gramado\/RS<\/span><\/li>\n<li style=\"font-weight: 400;\" aria-level=\"1\"><span style=\"font-weight: 400;\"><span style=\"color: #000000;\">Inscri\u00e7\u00f5es gratuitas atrav\u00e9s do<\/span> <a href=\"https:\/\/www.sympla.com.br\/evento\/cura-talks-breast\/2545649?referrer=www.projetocura.org\">link.<\/a><\/span><\/li>\n<li style=\"font-weight: 400;\" aria-level=\"1\"><span style=\"font-weight: 400; color: #000000;\">O crach\u00e1 do Cura Talks Breast dever\u00e1 ser retirado junto ao guich\u00ea do evento do Congresso C\u00e2ncer de Mama Gramado e permite acesso somente ao evento organizado pelo Instituto Projeto Cura.<\/span><\/li>\n<li style=\"font-weight: 400;\" aria-level=\"1\"><span style=\"font-weight: 400; color: #000000;\">Evento presencial.\u00a0<\/span><\/li>\n<\/ul>\n<h4><\/h4>\n<p>&nbsp;<\/p>\n<p><span style=\"color: #000000;\"><b>Sobre o Instituto Cura:<\/b><\/span><\/p>\n<p><span style=\"font-weight: 400; color: #000000;\">O <\/span><a href=\"https:\/\/www.projetocura.org\/\"><span style=\"font-weight: 400;\">Instituto Projeto Cura<\/span><\/a><span style=\"font-weight: 400;\"><span style=\"color: #000000;\"> \u00e9 uma institui\u00e7\u00e3o sem fins lucrativos, criada em 2016, que se dedica a conscientizar a sociedade sobre os benef\u00edcios das pesquisas cl\u00ednicas e a endere\u00e7ar a sua import\u00e2ncia para avan\u00e7os no tratamento do c\u00e2ncer, um tema de extrema relev\u00e2ncia para a sa\u00fade p\u00fablica e qualidade de vida da popula\u00e7\u00e3o do Brasil e demais pa\u00edses da Am\u00e9rica Latin<\/span>a.<\/span><\/p>\n","protected":false},"excerpt":{"rendered":"<p>No dia 29 de agosto, no Hotel Wish Serrano em Gramado\/RS, acontecer\u00e1 o Cura Talks Breast, evento dedicado a representantes de organiza\u00e7\u00f5es de pacientes, profissionais da sa\u00fade, jornalistas e influenciadores, e que contar\u00e1 com a participa\u00e7\u00e3o de especialistas que compartilhar\u00e3o suas experi\u00eancias e as inova\u00e7\u00f5es mais recentes.\u00a0 Promovido pelo\u00a0 Instituto Projeto Cura e acontecendo paralelamente [&hellip;]<\/p>\n","protected":false},"author":7,"featured_media":0,"comment_status":"open","ping_status":"closed","sticky":false,"template":"","format":"standard","meta":{"_acf_changed":false,"footnotes":""},"categories":[17,13],"tags":[],"class_list":["post-25967","post","type-post","status-publish","format-standard","hentry","category-institucional","category-noticias-recentes"],"acf":[],"yoast_head":"<!-- This site is optimized with the Yoast SEO plugin v27.5 - https:\/\/yoast.com\/product\/yoast-seo-wordpress\/ -->\n<title>Saiba mais sobre o Cura Talks Breast | FEMAMA<\/title>\n<meta name=\"robots\" content=\"index, follow, max-snippet:-1, max-image-preview:large, max-video-preview:-1\" \/>\n<link rel=\"canonical\" href=\"https:\/\/femama.org.br\/site\/noticias-recentes\/saiba-mais-sobre-o-cura-talks-breast\/\" \/>\n<meta property=\"og:locale\" content=\"pt_BR\" \/>\n<meta property=\"og:type\" content=\"article\" \/>\n<meta property=\"og:title\" content=\"Saiba mais sobre o Cura Talks Breast | FEMAMA\" \/>\n<meta property=\"og:description\" content=\"No dia 29 de agosto, no Hotel Wish Serrano em Gramado\/RS, acontecer\u00e1 o Cura Talks Breast, evento dedicado a representantes de organiza\u00e7\u00f5es de pacientes, profissionais da sa\u00fade, jornalistas e influenciadores, e que contar\u00e1 com a participa\u00e7\u00e3o de especialistas que compartilhar\u00e3o suas experi\u00eancias e as inova\u00e7\u00f5es mais recentes.\u00a0 Promovido pelo\u00a0 Instituto Projeto Cura e acontecendo paralelamente [&hellip;]\" \/>\n<meta property=\"og:url\" content=\"https:\/\/femama.org.br\/site\/noticias-recentes\/saiba-mais-sobre-o-cura-talks-breast\/\" \/>\n<meta property=\"og:site_name\" content=\"FEMAMA\" \/>\n<meta property=\"article:publisher\" content=\"https:\/\/www.facebook.com\/femamabrasil\" \/>\n<meta property=\"article:published_time\" content=\"2024-08-20T18:02:05+00:00\" \/>\n<meta property=\"og:image\" content=\"https:\/\/femama.org.br\/site\/wp-content\/uploads\/2024\/09\/post-site-34-1.png\" \/>\n\t<meta property=\"og:image:width\" content=\"6912\" \/>\n\t<meta property=\"og:image:height\" content=\"3456\" \/>\n\t<meta property=\"og:image:type\" content=\"image\/png\" \/>\n<meta name=\"author\" content=\"Femama\" \/>\n<meta name=\"twitter:card\" content=\"summary_large_image\" \/>\n<meta name=\"twitter:creator\" content=\"@femama_\" \/>\n<meta name=\"twitter:site\" content=\"@femama_\" \/>\n<meta name=\"twitter:label1\" content=\"Escrito por\" \/>\n\t<meta name=\"twitter:data1\" content=\"Femama\" \/>\n\t<meta name=\"twitter:label2\" content=\"Est. tempo de leitura\" \/>\n\t<meta name=\"twitter:data2\" content=\"2 minutos\" \/>\n<script type=\"application\/ld+json\" class=\"yoast-schema-graph\">{\"@context\":\"https:\\\/\\\/schema.org\",\"@graph\":[{\"@type\":\"Article\",\"@id\":\"https:\\\/\\\/femama.org.br\\\/site\\\/noticias-recentes\\\/saiba-mais-sobre-o-cura-talks-breast\\\/#article\",\"isPartOf\":{\"@id\":\"https:\\\/\\\/femama.org.br\\\/site\\\/noticias-recentes\\\/saiba-mais-sobre-o-cura-talks-breast\\\/\"},\"author\":{\"name\":\"Femama\",\"@id\":\"https:\\\/\\\/femama.org.br\\\/site\\\/#\\\/schema\\\/person\\\/ed83a17236fa12a9cfd26890f0e3474e\"},\"headline\":\"Saiba mais sobre o Cura Talks Breast\",\"datePublished\":\"2024-08-20T18:02:05+00:00\",\"mainEntityOfPage\":{\"@id\":\"https:\\\/\\\/femama.org.br\\\/site\\\/noticias-recentes\\\/saiba-mais-sobre-o-cura-talks-breast\\\/\"},\"wordCount\":236,\"commentCount\":0,\"publisher\":{\"@id\":\"https:\\\/\\\/femama.org.br\\\/site\\\/#organization\"},\"articleSection\":[\"Institucional\",\"Not\u00edcias recentes\"],\"inLanguage\":\"pt-BR\",\"potentialAction\":[{\"@type\":\"CommentAction\",\"name\":\"Comment\",\"target\":[\"https:\\\/\\\/femama.org.br\\\/site\\\/noticias-recentes\\\/saiba-mais-sobre-o-cura-talks-breast\\\/#respond\"]}]},{\"@type\":\"WebPage\",\"@id\":\"https:\\\/\\\/femama.org.br\\\/site\\\/noticias-recentes\\\/saiba-mais-sobre-o-cura-talks-breast\\\/\",\"url\":\"https:\\\/\\\/femama.org.br\\\/site\\\/noticias-recentes\\\/saiba-mais-sobre-o-cura-talks-breast\\\/\",\"name\":\"Saiba mais sobre o Cura Talks Breast | FEMAMA\",\"isPartOf\":{\"@id\":\"https:\\\/\\\/femama.org.br\\\/site\\\/#website\"},\"datePublished\":\"2024-08-20T18:02:05+00:00\",\"breadcrumb\":{\"@id\":\"https:\\\/\\\/femama.org.br\\\/site\\\/noticias-recentes\\\/saiba-mais-sobre-o-cura-talks-breast\\\/#breadcrumb\"},\"inLanguage\":\"pt-BR\",\"potentialAction\":[{\"@type\":\"ReadAction\",\"target\":[\"https:\\\/\\\/femama.org.br\\\/site\\\/noticias-recentes\\\/saiba-mais-sobre-o-cura-talks-breast\\\/\"]}]},{\"@type\":\"BreadcrumbList\",\"@id\":\"https:\\\/\\\/femama.org.br\\\/site\\\/noticias-recentes\\\/saiba-mais-sobre-o-cura-talks-breast\\\/#breadcrumb\",\"itemListElement\":[{\"@type\":\"ListItem\",\"position\":1,\"name\":\"In\u00edcio\",\"item\":\"https:\\\/\\\/femama.org.br\\\/site\\\/\"},{\"@type\":\"ListItem\",\"position\":2,\"name\":\"Saiba mais sobre o Cura Talks Breast\"}]},{\"@type\":\"WebSite\",\"@id\":\"https:\\\/\\\/femama.org.br\\\/site\\\/#website\",\"url\":\"https:\\\/\\\/femama.org.br\\\/site\\\/\",\"name\":\"FEMAMA\",\"description\":\"Federa\u00e7\u00e3o Brasileira de Institui\u00e7\u00f5es Filantr\u00f3picas de Apoio \u00e0 Sa\u00fade da Mama | C\u00e2ncer de mama\",\"publisher\":{\"@id\":\"https:\\\/\\\/femama.org.br\\\/site\\\/#organization\"},\"potentialAction\":[{\"@type\":\"SearchAction\",\"target\":{\"@type\":\"EntryPoint\",\"urlTemplate\":\"https:\\\/\\\/femama.org.br\\\/site\\\/?s={search_term_string}\"},\"query-input\":{\"@type\":\"PropertyValueSpecification\",\"valueRequired\":true,\"valueName\":\"search_term_string\"}}],\"inLanguage\":\"pt-BR\"},{\"@type\":\"Organization\",\"@id\":\"https:\\\/\\\/femama.org.br\\\/site\\\/#organization\",\"name\":\"Femama | Federa\u00e7\u00e3o Brasileira de Institui\u00e7\u00f5es Filantr\u00f3picas de Apoio \u00e0 Sa\u00fade da Mama | C\u00e2ncer de mama\",\"url\":\"https:\\\/\\\/femama.org.br\\\/site\\\/\",\"logo\":{\"@type\":\"ImageObject\",\"inLanguage\":\"pt-BR\",\"@id\":\"https:\\\/\\\/femama.org.br\\\/site\\\/#\\\/schema\\\/logo\\\/image\\\/\",\"url\":\"https:\\\/\\\/femama.org.br\\\/site\\\/wp-content\\\/uploads\\\/2021\\\/12\\\/logotipo-femama-horizontal.png\",\"contentUrl\":\"https:\\\/\\\/femama.org.br\\\/site\\\/wp-content\\\/uploads\\\/2021\\\/12\\\/logotipo-femama-horizontal.png\",\"width\":300,\"height\":92,\"caption\":\"Femama | Federa\u00e7\u00e3o Brasileira de Institui\u00e7\u00f5es Filantr\u00f3picas de Apoio \u00e0 Sa\u00fade da Mama | C\u00e2ncer de mama\"},\"image\":{\"@id\":\"https:\\\/\\\/femama.org.br\\\/site\\\/#\\\/schema\\\/logo\\\/image\\\/\"},\"sameAs\":[\"https:\\\/\\\/www.facebook.com\\\/femamabrasil\",\"https:\\\/\\\/x.com\\\/femama_\",\"https:\\\/\\\/www.instagram.com\\\/femama.brasil\\\/\",\"https:\\\/\\\/www.youtube.com\\\/user\\\/femamaorg\"]},{\"@type\":\"Person\",\"@id\":\"https:\\\/\\\/femama.org.br\\\/site\\\/#\\\/schema\\\/person\\\/ed83a17236fa12a9cfd26890f0e3474e\",\"name\":\"Femama\",\"image\":{\"@type\":\"ImageObject\",\"inLanguage\":\"pt-BR\",\"@id\":\"https:\\\/\\\/secure.gravatar.com\\\/avatar\\\/fd7fd20674373e7845d94c5ca7e2b795136bf59683c50d1207584f3ec4caf04a?s=96&d=mm&r=g\",\"url\":\"https:\\\/\\\/secure.gravatar.com\\\/avatar\\\/fd7fd20674373e7845d94c5ca7e2b795136bf59683c50d1207584f3ec4caf04a?s=96&d=mm&r=g\",\"contentUrl\":\"https:\\\/\\\/secure.gravatar.com\\\/avatar\\\/fd7fd20674373e7845d94c5ca7e2b795136bf59683c50d1207584f3ec4caf04a?s=96&d=mm&r=g\",\"caption\":\"Femama\"}}]}<\/script>\n<!-- \/ Yoast SEO plugin. -->","yoast_head_json":{"title":"Saiba mais sobre o Cura Talks Breast | FEMAMA","robots":{"index":"index","follow":"follow","max-snippet":"max-snippet:-1","max-image-preview":"max-image-preview:large","max-video-preview":"max-video-preview:-1"},"canonical":"https:\/\/femama.org.br\/site\/noticias-recentes\/saiba-mais-sobre-o-cura-talks-breast\/","og_locale":"pt_BR","og_type":"article","og_title":"Saiba mais sobre o Cura Talks Breast | FEMAMA","og_description":"No dia 29 de agosto, no Hotel Wish Serrano em Gramado\/RS, acontecer\u00e1 o Cura Talks Breast, evento dedicado a representantes de organiza\u00e7\u00f5es de pacientes, profissionais da sa\u00fade, jornalistas e influenciadores, e que contar\u00e1 com a participa\u00e7\u00e3o de especialistas que compartilhar\u00e3o suas experi\u00eancias e as inova\u00e7\u00f5es mais recentes.\u00a0 Promovido pelo\u00a0 Instituto Projeto Cura e acontecendo paralelamente [&hellip;]","og_url":"https:\/\/femama.org.br\/site\/noticias-recentes\/saiba-mais-sobre-o-cura-talks-breast\/","og_site_name":"FEMAMA","article_publisher":"https:\/\/www.facebook.com\/femamabrasil","article_published_time":"2024-08-20T18:02:05+00:00","og_image":[{"width":6912,"height":3456,"url":"https:\/\/femama.org.br\/site\/wp-content\/uploads\/2024\/09\/post-site-34-1.png","type":"image\/png"}],"author":"Femama","twitter_card":"summary_large_image","twitter_creator":"@femama_","twitter_site":"@femama_","twitter_misc":{"Escrito por":"Femama","Est. tempo de leitura":"2 minutos"},"schema":{"@context":"https:\/\/schema.org","@graph":[{"@type":"Article","@id":"https:\/\/femama.org.br\/site\/noticias-recentes\/saiba-mais-sobre-o-cura-talks-breast\/#article","isPartOf":{"@id":"https:\/\/femama.org.br\/site\/noticias-recentes\/saiba-mais-sobre-o-cura-talks-breast\/"},"author":{"name":"Femama","@id":"https:\/\/femama.org.br\/site\/#\/schema\/person\/ed83a17236fa12a9cfd26890f0e3474e"},"headline":"Saiba mais sobre o Cura Talks Breast","datePublished":"2024-08-20T18:02:05+00:00","mainEntityOfPage":{"@id":"https:\/\/femama.org.br\/site\/noticias-recentes\/saiba-mais-sobre-o-cura-talks-breast\/"},"wordCount":236,"commentCount":0,"publisher":{"@id":"https:\/\/femama.org.br\/site\/#organization"},"articleSection":["Institucional","Not\u00edcias recentes"],"inLanguage":"pt-BR","potentialAction":[{"@type":"CommentAction","name":"Comment","target":["https:\/\/femama.org.br\/site\/noticias-recentes\/saiba-mais-sobre-o-cura-talks-breast\/#respond"]}]},{"@type":"WebPage","@id":"https:\/\/femama.org.br\/site\/noticias-recentes\/saiba-mais-sobre-o-cura-talks-breast\/","url":"https:\/\/femama.org.br\/site\/noticias-recentes\/saiba-mais-sobre-o-cura-talks-breast\/","name":"Saiba mais sobre o Cura Talks Breast | FEMAMA","isPartOf":{"@id":"https:\/\/femama.org.br\/site\/#website"},"datePublished":"2024-08-20T18:02:05+00:00","breadcrumb":{"@id":"https:\/\/femama.org.br\/site\/noticias-recentes\/saiba-mais-sobre-o-cura-talks-breast\/#breadcrumb"},"inLanguage":"pt-BR","potentialAction":[{"@type":"ReadAction","target":["https:\/\/femama.org.br\/site\/noticias-recentes\/saiba-mais-sobre-o-cura-talks-breast\/"]}]},{"@type":"BreadcrumbList","@id":"https:\/\/femama.org.br\/site\/noticias-recentes\/saiba-mais-sobre-o-cura-talks-breast\/#breadcrumb","itemListElement":[{"@type":"ListItem","position":1,"name":"In\u00edcio","item":"https:\/\/femama.org.br\/site\/"},{"@type":"ListItem","position":2,"name":"Saiba mais sobre o Cura Talks Breast"}]},{"@type":"WebSite","@id":"https:\/\/femama.org.br\/site\/#website","url":"https:\/\/femama.org.br\/site\/","name":"FEMAMA","description":"Federa\u00e7\u00e3o Brasileira de Institui\u00e7\u00f5es Filantr\u00f3picas de Apoio \u00e0 Sa\u00fade da Mama | C\u00e2ncer de mama","publisher":{"@id":"https:\/\/femama.org.br\/site\/#organization"},"potentialAction":[{"@type":"SearchAction","target":{"@type":"EntryPoint","urlTemplate":"https:\/\/femama.org.br\/site\/?s={search_term_string}"},"query-input":{"@type":"PropertyValueSpecification","valueRequired":true,"valueName":"search_term_string"}}],"inLanguage":"pt-BR"},{"@type":"Organization","@id":"https:\/\/femama.org.br\/site\/#organization","name":"Femama | Federa\u00e7\u00e3o Brasileira de Institui\u00e7\u00f5es Filantr\u00f3picas de Apoio \u00e0 Sa\u00fade da Mama | C\u00e2ncer de mama","url":"https:\/\/femama.org.br\/site\/","logo":{"@type":"ImageObject","inLanguage":"pt-BR","@id":"https:\/\/femama.org.br\/site\/#\/schema\/logo\/image\/","url":"https:\/\/femama.org.br\/site\/wp-content\/uploads\/2021\/12\/logotipo-femama-horizontal.png","contentUrl":"https:\/\/femama.org.br\/site\/wp-content\/uploads\/2021\/12\/logotipo-femama-horizontal.png","width":300,"height":92,"caption":"Femama | Federa\u00e7\u00e3o Brasileira de Institui\u00e7\u00f5es Filantr\u00f3picas de Apoio \u00e0 Sa\u00fade da Mama | C\u00e2ncer de mama"},"image":{"@id":"https:\/\/femama.org.br\/site\/#\/schema\/logo\/image\/"},"sameAs":["https:\/\/www.facebook.com\/femamabrasil","https:\/\/x.com\/femama_","https:\/\/www.instagram.com\/femama.brasil\/","https:\/\/www.youtube.com\/user\/femamaorg"]},{"@type":"Person","@id":"https:\/\/femama.org.br\/site\/#\/schema\/person\/ed83a17236fa12a9cfd26890f0e3474e","name":"Femama","image":{"@type":"ImageObject","inLanguage":"pt-BR","@id":"https:\/\/secure.gravatar.com\/avatar\/fd7fd20674373e7845d94c5ca7e2b795136bf59683c50d1207584f3ec4caf04a?s=96&d=mm&r=g","url":"https:\/\/secure.gravatar.com\/avatar\/fd7fd20674373e7845d94c5ca7e2b795136bf59683c50d1207584f3ec4caf04a?s=96&d=mm&r=g","contentUrl":"https:\/\/secure.gravatar.com\/avatar\/fd7fd20674373e7845d94c5ca7e2b795136bf59683c50d1207584f3ec4caf04a?s=96&d=mm&r=g","caption":"Femama"}}]}},"_links":{"self":[{"href":"https:\/\/femama.org.br\/site\/wp-json\/wp\/v2\/posts\/25967","targetHints":{"allow":["GET"]}}],"collection":[{"href":"https:\/\/femama.org.br\/site\/wp-json\/wp\/v2\/posts"}],"about":[{"href":"https:\/\/femama.org.br\/site\/wp-json\/wp\/v2\/types\/post"}],"author":[{"embeddable":true,"href":"https:\/\/femama.org.br\/site\/wp-json\/wp\/v2\/users\/7"}],"replies":[{"embeddable":true,"href":"https:\/\/femama.org.br\/site\/wp-json\/wp\/v2\/comments?post=25967"}],"version-history":[{"count":0,"href":"https:\/\/femama.org.br\/site\/wp-json\/wp\/v2\/posts\/25967\/revisions"}],"wp:attachment":[{"href":"https:\/\/femama.org.br\/site\/wp-json\/wp\/v2\/media?parent=25967"}],"wp:term":[{"taxonomy":"category","embeddable":true,"href":"https:\/\/femama.org.br\/site\/wp-json\/wp\/v2\/categories?post=25967"},{"taxonomy":"post_tag","embeddable":true,"href":"https:\/\/femama.org.br\/site\/wp-json\/wp\/v2\/tags?post=25967"}],"curies":[{"name":"wp","href":"https:\/\/api.w.org\/{rel}","templated":true}]}}