{"id":26365,"date":"2024-10-08T17:34:53","date_gmt":"2024-10-08T20:34:53","guid":{"rendered":"https:\/\/femama.org.br\/site\/?p=26365"},"modified":"2024-10-08T17:40:11","modified_gmt":"2024-10-08T20:40:11","slug":"dra-maira-caleffi-e-reeleita-para-o-conselho-diretivo-da-uicc","status":"publish","type":"post","link":"https:\/\/femama.org.br\/site\/noticias-recentes\/dra-maira-caleffi-e-reeleita-para-o-conselho-diretivo-da-uicc\/","title":{"rendered":"Dra. Maira Caleffi \u00e9 reeleita para o Conselho Diretivo da UICC"},"content":{"rendered":"<p><span style=\"font-weight: 400; color: #000000;\">Nossa presidente fundadora foi reeleita para o Conselho Diretivo da Union for International Cancer Control (em tradu\u00e7\u00e3o livre, Uni\u00e3o Internacional de Controle do C\u00e2ncer (UICC)) para o bi\u00eanio 2024-2026. Refor\u00e7ando assim a presen\u00e7a da FEMAMA no cen\u00e1rio global do controle do c\u00e2ncer e levando a realidade brasileira para o exterior.<\/span><\/p>\n<p><span style=\"font-weight: 400; color: #000000;\">Parabenizamos a Dra. Maira Caleffi por essa importante conquista. Sua experi\u00eancia e dedica\u00e7\u00e3o s\u00e3o fundamentais para garantir que mais pessoas tenham acesso a um diagn\u00f3stico precoce e a tratamentos de qualidade. Tamb\u00e9m agradecemos a todos que contribu\u00edram para essa reelei\u00e7\u00e3o.<\/span><\/p>\n<p><span style=\"font-weight: 400; color: #000000;\">Al\u00e9m da Dra. Maira Caleffi, outros 13 membros foram eleitos ou reeleitos para o conselho administrativo. Conhe\u00e7a os nomes abaixo:<\/span><\/p>\n<ul>\n<li style=\"font-weight: 400;\" aria-level=\"1\"><span style=\"font-weight: 400; color: #000000;\">Matti Aapro \u2013 Switzerland<\/span><\/li>\n<li style=\"font-weight: 400;\" aria-level=\"1\"><span style=\"font-weight: 400; color: #000000;\">Eric Bouffet \u2013 Canada<\/span><\/li>\n<li style=\"font-weight: 400;\" aria-level=\"1\"><span style=\"font-weight: 400; color: #000000;\">Stella Aguinaga Bialous \u2013 United States<\/span><\/li>\n<li style=\"font-weight: 400;\" aria-level=\"1\"><span style=\"font-weight: 400; color: #000000;\">Hana Chaar Choueib \u2013 Lebanon<\/span><\/li>\n<li style=\"font-weight: 400;\" aria-level=\"1\"><span style=\"font-weight: 400; color: #000000;\">Todd Harper \u2013 Australia<\/span><\/li>\n<li style=\"font-weight: 400;\" aria-level=\"1\"><span style=\"font-weight: 400; color: #000000;\">Christopher Jackson \u2013 New Zealand<\/span><\/li>\n<li style=\"font-weight: 400;\" aria-level=\"1\"><span style=\"font-weight: 400; color: #000000;\">David Kerr \u2013 United Kingdom<\/span><\/li>\n<li style=\"font-weight: 400;\" aria-level=\"1\"><span style=\"font-weight: 400; color: #000000;\">Gilberto Lopes \u2013 United States of America<\/span><\/li>\n<li style=\"font-weight: 400;\" aria-level=\"1\"><span style=\"font-weight: 400; color: #000000;\">Kenji Lopez-Cuevas \u2013 Mexico<\/span><\/li>\n<li style=\"font-weight: 400;\" aria-level=\"1\"><span style=\"font-weight: 400; color: #000000;\">Asem Mansour \u2013 Jordan<\/span><\/li>\n<li style=\"font-weight: 400;\" aria-level=\"1\"><span style=\"font-weight: 400; color: #000000;\">Miriam Mutebi \u2013 Kenya<\/span><\/li>\n<li style=\"font-weight: 400;\" aria-level=\"1\"><span style=\"font-weight: 400; color: #000000;\">C S Pramesh \u2013 India<\/span><\/li>\n<li style=\"font-weight: 400;\" aria-level=\"1\"><span style=\"font-weight: 400; color: #000000;\">Kathleen Schmeler \u2013 United States of America<\/span><\/li>\n<\/ul>\n<p>&nbsp;<\/p>\n<p><span style=\"color: #000000;\"><span style=\"font-weight: 400;\">Saiba mais sobre a UICC:<br \/>\n<\/span><span style=\"font-weight: 400;\">A <\/span><\/span><a href=\"https:\/\/www.uicc.org\/\"><span style=\"font-weight: 400;\">Uni\u00e3o Internacional de Controle do C\u00e2ncer (UICC)<\/span><\/a><span style=\"font-weight: 400;\"><span style=\"color: #000000;\"> \u00e9 uma organiza\u00e7\u00e3o global que re\u00fane profissionais de sa\u00fade, pesquisadores, pacientes e outros parceiros para enfrentar o desafio do c\u00e2ncer em<\/span> <span style=\"color: #000000;\">escala mundial.<\/span><\/span><\/p>\n","protected":false},"excerpt":{"rendered":"<p>Nossa presidente fundadora foi reeleita para o Conselho Diretivo da Union for International Cancer Control (em tradu\u00e7\u00e3o livre, Uni\u00e3o Internacional de Controle do C\u00e2ncer (UICC)) para o bi\u00eanio 2024-2026. Refor\u00e7ando assim a presen\u00e7a da FEMAMA no cen\u00e1rio global do controle do c\u00e2ncer e levando a realidade brasileira para o exterior. Parabenizamos a Dra. Maira Caleffi [&hellip;]<\/p>\n","protected":false},"author":7,"featured_media":26366,"comment_status":"open","ping_status":"closed","sticky":false,"template":"","format":"standard","meta":{"_acf_changed":false,"footnotes":""},"categories":[19,21,17,13],"tags":[],"class_list":["post-26365","post","type-post","status-publish","format-standard","has-post-thumbnail","hentry","category-advocacy","category-femama-na-midia","category-institucional","category-noticias-recentes"],"acf":[],"yoast_head":"<!-- This site is optimized with the Yoast SEO plugin v27.5 - https:\/\/yoast.com\/product\/yoast-seo-wordpress\/ -->\n<title>Dra. Maira Caleffi \u00e9 reeleita para o Conselho Diretivo da UICC | FEMAMA<\/title>\n<meta name=\"robots\" content=\"index, follow, max-snippet:-1, max-image-preview:large, max-video-preview:-1\" \/>\n<link rel=\"canonical\" href=\"https:\/\/femama.org.br\/site\/noticias-recentes\/dra-maira-caleffi-e-reeleita-para-o-conselho-diretivo-da-uicc\/\" \/>\n<meta property=\"og:locale\" content=\"pt_BR\" \/>\n<meta property=\"og:type\" content=\"article\" \/>\n<meta property=\"og:title\" content=\"Dra. Maira Caleffi \u00e9 reeleita para o Conselho Diretivo da UICC | FEMAMA\" \/>\n<meta property=\"og:description\" content=\"Nossa presidente fundadora foi reeleita para o Conselho Diretivo da Union for International Cancer Control (em tradu\u00e7\u00e3o livre, Uni\u00e3o Internacional de Controle do C\u00e2ncer (UICC)) para o bi\u00eanio 2024-2026. Refor\u00e7ando assim a presen\u00e7a da FEMAMA no cen\u00e1rio global do controle do c\u00e2ncer e levando a realidade brasileira para o exterior. Parabenizamos a Dra. Maira Caleffi [&hellip;]\" \/>\n<meta property=\"og:url\" content=\"https:\/\/femama.org.br\/site\/noticias-recentes\/dra-maira-caleffi-e-reeleita-para-o-conselho-diretivo-da-uicc\/\" \/>\n<meta property=\"og:site_name\" content=\"FEMAMA\" \/>\n<meta property=\"article:publisher\" content=\"https:\/\/www.facebook.com\/femamabrasil\" \/>\n<meta property=\"article:published_time\" content=\"2024-10-08T20:34:53+00:00\" \/>\n<meta property=\"article:modified_time\" content=\"2024-10-08T20:40:11+00:00\" \/>\n<meta property=\"og:image\" content=\"https:\/\/femama.org.br\/site\/wp-content\/uploads\/2024\/10\/post-site-42-1024x512.png\" \/>\n\t<meta property=\"og:image:width\" content=\"1024\" \/>\n\t<meta property=\"og:image:height\" content=\"512\" \/>\n\t<meta property=\"og:image:type\" content=\"image\/png\" \/>\n<meta name=\"author\" content=\"Femama\" \/>\n<meta name=\"twitter:card\" content=\"summary_large_image\" \/>\n<meta name=\"twitter:creator\" content=\"@femama_\" \/>\n<meta name=\"twitter:site\" content=\"@femama_\" \/>\n<meta name=\"twitter:label1\" content=\"Escrito por\" \/>\n\t<meta name=\"twitter:data1\" content=\"Femama\" \/>\n\t<meta name=\"twitter:label2\" content=\"Est. tempo de leitura\" \/>\n\t<meta name=\"twitter:data2\" content=\"2 minutos\" \/>\n<script type=\"application\/ld+json\" class=\"yoast-schema-graph\">{\"@context\":\"https:\\\/\\\/schema.org\",\"@graph\":[{\"@type\":\"Article\",\"@id\":\"https:\\\/\\\/femama.org.br\\\/site\\\/noticias-recentes\\\/dra-maira-caleffi-e-reeleita-para-o-conselho-diretivo-da-uicc\\\/#article\",\"isPartOf\":{\"@id\":\"https:\\\/\\\/femama.org.br\\\/site\\\/noticias-recentes\\\/dra-maira-caleffi-e-reeleita-para-o-conselho-diretivo-da-uicc\\\/\"},\"author\":{\"name\":\"Femama\",\"@id\":\"https:\\\/\\\/femama.org.br\\\/site\\\/#\\\/schema\\\/person\\\/ed83a17236fa12a9cfd26890f0e3474e\"},\"headline\":\"Dra. Maira Caleffi \u00e9 reeleita para o Conselho Diretivo da UICC\",\"datePublished\":\"2024-10-08T20:34:53+00:00\",\"dateModified\":\"2024-10-08T20:40:11+00:00\",\"mainEntityOfPage\":{\"@id\":\"https:\\\/\\\/femama.org.br\\\/site\\\/noticias-recentes\\\/dra-maira-caleffi-e-reeleita-para-o-conselho-diretivo-da-uicc\\\/\"},\"wordCount\":229,\"commentCount\":0,\"publisher\":{\"@id\":\"https:\\\/\\\/femama.org.br\\\/site\\\/#organization\"},\"image\":{\"@id\":\"https:\\\/\\\/femama.org.br\\\/site\\\/noticias-recentes\\\/dra-maira-caleffi-e-reeleita-para-o-conselho-diretivo-da-uicc\\\/#primaryimage\"},\"thumbnailUrl\":\"https:\\\/\\\/femama.org.br\\\/site\\\/wp-content\\\/uploads\\\/2024\\\/10\\\/post-site-42.png\",\"articleSection\":[\"Advocacy\",\"Femama na M\u00eddia\",\"Institucional\",\"Not\u00edcias recentes\"],\"inLanguage\":\"pt-BR\",\"potentialAction\":[{\"@type\":\"CommentAction\",\"name\":\"Comment\",\"target\":[\"https:\\\/\\\/femama.org.br\\\/site\\\/noticias-recentes\\\/dra-maira-caleffi-e-reeleita-para-o-conselho-diretivo-da-uicc\\\/#respond\"]}]},{\"@type\":\"WebPage\",\"@id\":\"https:\\\/\\\/femama.org.br\\\/site\\\/noticias-recentes\\\/dra-maira-caleffi-e-reeleita-para-o-conselho-diretivo-da-uicc\\\/\",\"url\":\"https:\\\/\\\/femama.org.br\\\/site\\\/noticias-recentes\\\/dra-maira-caleffi-e-reeleita-para-o-conselho-diretivo-da-uicc\\\/\",\"name\":\"Dra. Maira Caleffi \u00e9 reeleita para o Conselho Diretivo da UICC | FEMAMA\",\"isPartOf\":{\"@id\":\"https:\\\/\\\/femama.org.br\\\/site\\\/#website\"},\"primaryImageOfPage\":{\"@id\":\"https:\\\/\\\/femama.org.br\\\/site\\\/noticias-recentes\\\/dra-maira-caleffi-e-reeleita-para-o-conselho-diretivo-da-uicc\\\/#primaryimage\"},\"image\":{\"@id\":\"https:\\\/\\\/femama.org.br\\\/site\\\/noticias-recentes\\\/dra-maira-caleffi-e-reeleita-para-o-conselho-diretivo-da-uicc\\\/#primaryimage\"},\"thumbnailUrl\":\"https:\\\/\\\/femama.org.br\\\/site\\\/wp-content\\\/uploads\\\/2024\\\/10\\\/post-site-42.png\",\"datePublished\":\"2024-10-08T20:34:53+00:00\",\"dateModified\":\"2024-10-08T20:40:11+00:00\",\"breadcrumb\":{\"@id\":\"https:\\\/\\\/femama.org.br\\\/site\\\/noticias-recentes\\\/dra-maira-caleffi-e-reeleita-para-o-conselho-diretivo-da-uicc\\\/#breadcrumb\"},\"inLanguage\":\"pt-BR\",\"potentialAction\":[{\"@type\":\"ReadAction\",\"target\":[\"https:\\\/\\\/femama.org.br\\\/site\\\/noticias-recentes\\\/dra-maira-caleffi-e-reeleita-para-o-conselho-diretivo-da-uicc\\\/\"]}]},{\"@type\":\"ImageObject\",\"inLanguage\":\"pt-BR\",\"@id\":\"https:\\\/\\\/femama.org.br\\\/site\\\/noticias-recentes\\\/dra-maira-caleffi-e-reeleita-para-o-conselho-diretivo-da-uicc\\\/#primaryimage\",\"url\":\"https:\\\/\\\/femama.org.br\\\/site\\\/wp-content\\\/uploads\\\/2024\\\/10\\\/post-site-42.png\",\"contentUrl\":\"https:\\\/\\\/femama.org.br\\\/site\\\/wp-content\\\/uploads\\\/2024\\\/10\\\/post-site-42.png\",\"width\":6912,\"height\":3456},{\"@type\":\"BreadcrumbList\",\"@id\":\"https:\\\/\\\/femama.org.br\\\/site\\\/noticias-recentes\\\/dra-maira-caleffi-e-reeleita-para-o-conselho-diretivo-da-uicc\\\/#breadcrumb\",\"itemListElement\":[{\"@type\":\"ListItem\",\"position\":1,\"name\":\"In\u00edcio\",\"item\":\"https:\\\/\\\/femama.org.br\\\/site\\\/\"},{\"@type\":\"ListItem\",\"position\":2,\"name\":\"Dra. Maira Caleffi \u00e9 reeleita para o Conselho Diretivo da UICC\"}]},{\"@type\":\"WebSite\",\"@id\":\"https:\\\/\\\/femama.org.br\\\/site\\\/#website\",\"url\":\"https:\\\/\\\/femama.org.br\\\/site\\\/\",\"name\":\"FEMAMA\",\"description\":\"Federa\u00e7\u00e3o Brasileira de Institui\u00e7\u00f5es Filantr\u00f3picas de Apoio \u00e0 Sa\u00fade da Mama | C\u00e2ncer de mama\",\"publisher\":{\"@id\":\"https:\\\/\\\/femama.org.br\\\/site\\\/#organization\"},\"potentialAction\":[{\"@type\":\"SearchAction\",\"target\":{\"@type\":\"EntryPoint\",\"urlTemplate\":\"https:\\\/\\\/femama.org.br\\\/site\\\/?s={search_term_string}\"},\"query-input\":{\"@type\":\"PropertyValueSpecification\",\"valueRequired\":true,\"valueName\":\"search_term_string\"}}],\"inLanguage\":\"pt-BR\"},{\"@type\":\"Organization\",\"@id\":\"https:\\\/\\\/femama.org.br\\\/site\\\/#organization\",\"name\":\"Femama | Federa\u00e7\u00e3o Brasileira de Institui\u00e7\u00f5es Filantr\u00f3picas de Apoio \u00e0 Sa\u00fade da Mama | C\u00e2ncer de mama\",\"url\":\"https:\\\/\\\/femama.org.br\\\/site\\\/\",\"logo\":{\"@type\":\"ImageObject\",\"inLanguage\":\"pt-BR\",\"@id\":\"https:\\\/\\\/femama.org.br\\\/site\\\/#\\\/schema\\\/logo\\\/image\\\/\",\"url\":\"https:\\\/\\\/femama.org.br\\\/site\\\/wp-content\\\/uploads\\\/2021\\\/12\\\/logotipo-femama-horizontal.png\",\"contentUrl\":\"https:\\\/\\\/femama.org.br\\\/site\\\/wp-content\\\/uploads\\\/2021\\\/12\\\/logotipo-femama-horizontal.png\",\"width\":300,\"height\":92,\"caption\":\"Femama | Federa\u00e7\u00e3o Brasileira de Institui\u00e7\u00f5es Filantr\u00f3picas de Apoio \u00e0 Sa\u00fade da Mama | C\u00e2ncer de mama\"},\"image\":{\"@id\":\"https:\\\/\\\/femama.org.br\\\/site\\\/#\\\/schema\\\/logo\\\/image\\\/\"},\"sameAs\":[\"https:\\\/\\\/www.facebook.com\\\/femamabrasil\",\"https:\\\/\\\/x.com\\\/femama_\",\"https:\\\/\\\/www.instagram.com\\\/femama.brasil\\\/\",\"https:\\\/\\\/www.youtube.com\\\/user\\\/femamaorg\"]},{\"@type\":\"Person\",\"@id\":\"https:\\\/\\\/femama.org.br\\\/site\\\/#\\\/schema\\\/person\\\/ed83a17236fa12a9cfd26890f0e3474e\",\"name\":\"Femama\",\"image\":{\"@type\":\"ImageObject\",\"inLanguage\":\"pt-BR\",\"@id\":\"https:\\\/\\\/secure.gravatar.com\\\/avatar\\\/fd7fd20674373e7845d94c5ca7e2b795136bf59683c50d1207584f3ec4caf04a?s=96&d=mm&r=g\",\"url\":\"https:\\\/\\\/secure.gravatar.com\\\/avatar\\\/fd7fd20674373e7845d94c5ca7e2b795136bf59683c50d1207584f3ec4caf04a?s=96&d=mm&r=g\",\"contentUrl\":\"https:\\\/\\\/secure.gravatar.com\\\/avatar\\\/fd7fd20674373e7845d94c5ca7e2b795136bf59683c50d1207584f3ec4caf04a?s=96&d=mm&r=g\",\"caption\":\"Femama\"}}]}<\/script>\n<!-- \/ Yoast SEO plugin. -->","yoast_head_json":{"title":"Dra. Maira Caleffi \u00e9 reeleita para o Conselho Diretivo da UICC | FEMAMA","robots":{"index":"index","follow":"follow","max-snippet":"max-snippet:-1","max-image-preview":"max-image-preview:large","max-video-preview":"max-video-preview:-1"},"canonical":"https:\/\/femama.org.br\/site\/noticias-recentes\/dra-maira-caleffi-e-reeleita-para-o-conselho-diretivo-da-uicc\/","og_locale":"pt_BR","og_type":"article","og_title":"Dra. Maira Caleffi \u00e9 reeleita para o Conselho Diretivo da UICC | FEMAMA","og_description":"Nossa presidente fundadora foi reeleita para o Conselho Diretivo da Union for International Cancer Control (em tradu\u00e7\u00e3o livre, Uni\u00e3o Internacional de Controle do C\u00e2ncer (UICC)) para o bi\u00eanio 2024-2026. Refor\u00e7ando assim a presen\u00e7a da FEMAMA no cen\u00e1rio global do controle do c\u00e2ncer e levando a realidade brasileira para o exterior. Parabenizamos a Dra. Maira Caleffi [&hellip;]","og_url":"https:\/\/femama.org.br\/site\/noticias-recentes\/dra-maira-caleffi-e-reeleita-para-o-conselho-diretivo-da-uicc\/","og_site_name":"FEMAMA","article_publisher":"https:\/\/www.facebook.com\/femamabrasil","article_published_time":"2024-10-08T20:34:53+00:00","article_modified_time":"2024-10-08T20:40:11+00:00","og_image":[{"width":1024,"height":512,"url":"https:\/\/femama.org.br\/site\/wp-content\/uploads\/2024\/10\/post-site-42-1024x512.png","type":"image\/png"}],"author":"Femama","twitter_card":"summary_large_image","twitter_creator":"@femama_","twitter_site":"@femama_","twitter_misc":{"Escrito por":"Femama","Est. tempo de leitura":"2 minutos"},"schema":{"@context":"https:\/\/schema.org","@graph":[{"@type":"Article","@id":"https:\/\/femama.org.br\/site\/noticias-recentes\/dra-maira-caleffi-e-reeleita-para-o-conselho-diretivo-da-uicc\/#article","isPartOf":{"@id":"https:\/\/femama.org.br\/site\/noticias-recentes\/dra-maira-caleffi-e-reeleita-para-o-conselho-diretivo-da-uicc\/"},"author":{"name":"Femama","@id":"https:\/\/femama.org.br\/site\/#\/schema\/person\/ed83a17236fa12a9cfd26890f0e3474e"},"headline":"Dra. Maira Caleffi \u00e9 reeleita para o Conselho Diretivo da UICC","datePublished":"2024-10-08T20:34:53+00:00","dateModified":"2024-10-08T20:40:11+00:00","mainEntityOfPage":{"@id":"https:\/\/femama.org.br\/site\/noticias-recentes\/dra-maira-caleffi-e-reeleita-para-o-conselho-diretivo-da-uicc\/"},"wordCount":229,"commentCount":0,"publisher":{"@id":"https:\/\/femama.org.br\/site\/#organization"},"image":{"@id":"https:\/\/femama.org.br\/site\/noticias-recentes\/dra-maira-caleffi-e-reeleita-para-o-conselho-diretivo-da-uicc\/#primaryimage"},"thumbnailUrl":"https:\/\/femama.org.br\/site\/wp-content\/uploads\/2024\/10\/post-site-42.png","articleSection":["Advocacy","Femama na M\u00eddia","Institucional","Not\u00edcias recentes"],"inLanguage":"pt-BR","potentialAction":[{"@type":"CommentAction","name":"Comment","target":["https:\/\/femama.org.br\/site\/noticias-recentes\/dra-maira-caleffi-e-reeleita-para-o-conselho-diretivo-da-uicc\/#respond"]}]},{"@type":"WebPage","@id":"https:\/\/femama.org.br\/site\/noticias-recentes\/dra-maira-caleffi-e-reeleita-para-o-conselho-diretivo-da-uicc\/","url":"https:\/\/femama.org.br\/site\/noticias-recentes\/dra-maira-caleffi-e-reeleita-para-o-conselho-diretivo-da-uicc\/","name":"Dra. Maira Caleffi \u00e9 reeleita para o Conselho Diretivo da UICC | FEMAMA","isPartOf":{"@id":"https:\/\/femama.org.br\/site\/#website"},"primaryImageOfPage":{"@id":"https:\/\/femama.org.br\/site\/noticias-recentes\/dra-maira-caleffi-e-reeleita-para-o-conselho-diretivo-da-uicc\/#primaryimage"},"image":{"@id":"https:\/\/femama.org.br\/site\/noticias-recentes\/dra-maira-caleffi-e-reeleita-para-o-conselho-diretivo-da-uicc\/#primaryimage"},"thumbnailUrl":"https:\/\/femama.org.br\/site\/wp-content\/uploads\/2024\/10\/post-site-42.png","datePublished":"2024-10-08T20:34:53+00:00","dateModified":"2024-10-08T20:40:11+00:00","breadcrumb":{"@id":"https:\/\/femama.org.br\/site\/noticias-recentes\/dra-maira-caleffi-e-reeleita-para-o-conselho-diretivo-da-uicc\/#breadcrumb"},"inLanguage":"pt-BR","potentialAction":[{"@type":"ReadAction","target":["https:\/\/femama.org.br\/site\/noticias-recentes\/dra-maira-caleffi-e-reeleita-para-o-conselho-diretivo-da-uicc\/"]}]},{"@type":"ImageObject","inLanguage":"pt-BR","@id":"https:\/\/femama.org.br\/site\/noticias-recentes\/dra-maira-caleffi-e-reeleita-para-o-conselho-diretivo-da-uicc\/#primaryimage","url":"https:\/\/femama.org.br\/site\/wp-content\/uploads\/2024\/10\/post-site-42.png","contentUrl":"https:\/\/femama.org.br\/site\/wp-content\/uploads\/2024\/10\/post-site-42.png","width":6912,"height":3456},{"@type":"BreadcrumbList","@id":"https:\/\/femama.org.br\/site\/noticias-recentes\/dra-maira-caleffi-e-reeleita-para-o-conselho-diretivo-da-uicc\/#breadcrumb","itemListElement":[{"@type":"ListItem","position":1,"name":"In\u00edcio","item":"https:\/\/femama.org.br\/site\/"},{"@type":"ListItem","position":2,"name":"Dra. Maira Caleffi \u00e9 reeleita para o Conselho Diretivo da UICC"}]},{"@type":"WebSite","@id":"https:\/\/femama.org.br\/site\/#website","url":"https:\/\/femama.org.br\/site\/","name":"FEMAMA","description":"Federa\u00e7\u00e3o Brasileira de Institui\u00e7\u00f5es Filantr\u00f3picas de Apoio \u00e0 Sa\u00fade da Mama | C\u00e2ncer de mama","publisher":{"@id":"https:\/\/femama.org.br\/site\/#organization"},"potentialAction":[{"@type":"SearchAction","target":{"@type":"EntryPoint","urlTemplate":"https:\/\/femama.org.br\/site\/?s={search_term_string}"},"query-input":{"@type":"PropertyValueSpecification","valueRequired":true,"valueName":"search_term_string"}}],"inLanguage":"pt-BR"},{"@type":"Organization","@id":"https:\/\/femama.org.br\/site\/#organization","name":"Femama | Federa\u00e7\u00e3o Brasileira de Institui\u00e7\u00f5es Filantr\u00f3picas de Apoio \u00e0 Sa\u00fade da Mama | C\u00e2ncer de mama","url":"https:\/\/femama.org.br\/site\/","logo":{"@type":"ImageObject","inLanguage":"pt-BR","@id":"https:\/\/femama.org.br\/site\/#\/schema\/logo\/image\/","url":"https:\/\/femama.org.br\/site\/wp-content\/uploads\/2021\/12\/logotipo-femama-horizontal.png","contentUrl":"https:\/\/femama.org.br\/site\/wp-content\/uploads\/2021\/12\/logotipo-femama-horizontal.png","width":300,"height":92,"caption":"Femama | Federa\u00e7\u00e3o Brasileira de Institui\u00e7\u00f5es Filantr\u00f3picas de Apoio \u00e0 Sa\u00fade da Mama | C\u00e2ncer de mama"},"image":{"@id":"https:\/\/femama.org.br\/site\/#\/schema\/logo\/image\/"},"sameAs":["https:\/\/www.facebook.com\/femamabrasil","https:\/\/x.com\/femama_","https:\/\/www.instagram.com\/femama.brasil\/","https:\/\/www.youtube.com\/user\/femamaorg"]},{"@type":"Person","@id":"https:\/\/femama.org.br\/site\/#\/schema\/person\/ed83a17236fa12a9cfd26890f0e3474e","name":"Femama","image":{"@type":"ImageObject","inLanguage":"pt-BR","@id":"https:\/\/secure.gravatar.com\/avatar\/fd7fd20674373e7845d94c5ca7e2b795136bf59683c50d1207584f3ec4caf04a?s=96&d=mm&r=g","url":"https:\/\/secure.gravatar.com\/avatar\/fd7fd20674373e7845d94c5ca7e2b795136bf59683c50d1207584f3ec4caf04a?s=96&d=mm&r=g","contentUrl":"https:\/\/secure.gravatar.com\/avatar\/fd7fd20674373e7845d94c5ca7e2b795136bf59683c50d1207584f3ec4caf04a?s=96&d=mm&r=g","caption":"Femama"}}]}},"_links":{"self":[{"href":"https:\/\/femama.org.br\/site\/wp-json\/wp\/v2\/posts\/26365","targetHints":{"allow":["GET"]}}],"collection":[{"href":"https:\/\/femama.org.br\/site\/wp-json\/wp\/v2\/posts"}],"about":[{"href":"https:\/\/femama.org.br\/site\/wp-json\/wp\/v2\/types\/post"}],"author":[{"embeddable":true,"href":"https:\/\/femama.org.br\/site\/wp-json\/wp\/v2\/users\/7"}],"replies":[{"embeddable":true,"href":"https:\/\/femama.org.br\/site\/wp-json\/wp\/v2\/comments?post=26365"}],"version-history":[{"count":2,"href":"https:\/\/femama.org.br\/site\/wp-json\/wp\/v2\/posts\/26365\/revisions"}],"predecessor-version":[{"id":26368,"href":"https:\/\/femama.org.br\/site\/wp-json\/wp\/v2\/posts\/26365\/revisions\/26368"}],"wp:featuredmedia":[{"embeddable":true,"href":"https:\/\/femama.org.br\/site\/wp-json\/wp\/v2\/media\/26366"}],"wp:attachment":[{"href":"https:\/\/femama.org.br\/site\/wp-json\/wp\/v2\/media?parent=26365"}],"wp:term":[{"taxonomy":"category","embeddable":true,"href":"https:\/\/femama.org.br\/site\/wp-json\/wp\/v2\/categories?post=26365"},{"taxonomy":"post_tag","embeddable":true,"href":"https:\/\/femama.org.br\/site\/wp-json\/wp\/v2\/tags?post=26365"}],"curies":[{"name":"wp","href":"https:\/\/api.w.org\/{rel}","templated":true}]}}