{"id":26487,"date":"2024-10-23T16:08:19","date_gmt":"2024-10-23T19:08:19","guid":{"rendered":"https:\/\/femama.org.br\/site\/?p=26487"},"modified":"2024-10-23T16:23:53","modified_gmt":"2024-10-23T19:23:53","slug":"na-linha-de-frente-do-controle-do-cancer-de-mama-estao-os-profissionais-da-atencao-basica","status":"publish","type":"post","link":"https:\/\/femama.org.br\/site\/sem-categoria\/na-linha-de-frente-do-controle-do-cancer-de-mama-estao-os-profissionais-da-atencao-basica\/","title":{"rendered":"Na linha de frente do controle do c\u00e2ncer de mama est\u00e3o os profissionais da aten\u00e7\u00e3o b\u00e1sica"},"content":{"rendered":"<p style=\"text-align: center;\"><span style=\"font-weight: 400;\">Conhe\u00e7a o novo curso da Universidade FEMAMA<\/span><\/p>\n<p>&nbsp;<\/p>\n<p><span style=\"font-weight: 400; color: #000000;\">Os profissionais da aten\u00e7\u00e3o b\u00e1sica, ou Aten\u00e7\u00e3o Prim\u00e1ria em Sa\u00fade (APS), s\u00e3o o primeiro contato da maior parte das mulheres no Sistema \u00danico de Sa\u00fade. Por isso, desempenham um papel fundamental no controle do c\u00e2ncer de mama, desde a preven\u00e7\u00e3o prim\u00e1ria at\u00e9 o p\u00f3s-tratamento.<\/span><\/p>\n<p><span style=\"font-weight: 400; color: #000000;\">Com a inten\u00e7\u00e3o de contribuir com o aperfei\u00e7oamento cont\u00ednuo desses profissionais, a Universidade FEMAMA desenvolveu um novo curso, direcionado especificamente para m\u00e9dicos e enfermeiros que atuam na APS.<\/span><\/p>\n<p><span style=\"font-weight: 400; color: #000000;\">O curso oferecido na modalidade EAD, conta com 40h aula onde busca oferecer a estes profissionais de sa\u00fade uma compreens\u00e3o abrangente e descomplicada do c\u00e2ncer, abordando temas desde a biologia da doen\u00e7a at\u00e9 as modalidades de tratamento. Ao final do curso, os participantes ser\u00e3o capacitados a colaborar com o diagn\u00f3stico, manejar efeitos colaterais, reconhecer emerg\u00eancias oncol\u00f3gicas e integrar seus conhecimentos para proporcionar um cuidado mais informado e eficaz aos pacientes.<\/span><\/p>\n<p><span style=\"font-weight: 400; color: #000000;\">Coordenado pelo Dr Bruno Laporte e pela Dra Sabrina Chagas, o corpo discente conta com a participa\u00e7\u00e3o de Ana Am\u00e9lia, Anke Bergman, Antonio Abilio, Bruno Laporte, Bruno Oliveira, Caio Vianna, Daniele Assad, Estela Laporte, Felipe Forte, Germana Hunes, Henrique Mansur, Laura Testa, Marcelle Lagdem, Maria Julia Calas, Paula Pratti, Raquel Guimar\u00e3es, Rachel Cossetti, Renata Cangussu, Rodrigo Guindalini, Sabrina Chagas, Talita Souza Matos e Jessica Zanotti.<\/span><\/p>\n<p><span style=\"font-weight: 400; color: #000000;\">Apoiando a atualiza\u00e7\u00e3o dos conhecimentos de nossos profissionais de sa\u00fade, estamos investindo tamb\u00e9m na promo\u00e7\u00e3o do acesso ao diagn\u00f3stico precoce e ao tratamento \u00e1gil dos c\u00e2nceres femininos.<\/span><\/p>\n<p><span style=\"font-weight: 400; color: #000000;\">Por se tratar de um curso t\u00e9cnico voltado para m\u00e9dicos e enfermeiros, as inscri\u00e7\u00f5es ser\u00e3o realizadas mediante a submiss\u00e3o de foto do documento de registro profissional. Se voc\u00ea \u00e9 profissional de sa\u00fade e atua nessas duas frentes, conhe\u00e7a o novo curso da Universidade FEMAMA. Se voc\u00ea \u00e9 paciente, familiar, ou atua em outro campo, compartilhe este curso com m\u00e9dicos e enfermeiros que voc\u00ea conhece.<\/span><span style=\"font-weight: 400;\"><br \/>\n<\/span><\/p>\n<p><span style=\"font-weight: 400; color: #000000;\">Acesse <a href=\"https:\/\/universidade.femama.org.br\/\">universidade.femama.org.br<\/a> e saiba mais.<\/span><\/p>\n","protected":false},"excerpt":{"rendered":"<p>Conhe\u00e7a o novo curso da Universidade FEMAMA &nbsp; Os profissionais da aten\u00e7\u00e3o b\u00e1sica, ou Aten\u00e7\u00e3o Prim\u00e1ria em Sa\u00fade (APS), s\u00e3o o primeiro contato da maior parte das mulheres no Sistema \u00danico de Sa\u00fade. Por isso, desempenham um papel fundamental no controle do c\u00e2ncer de mama, desde a preven\u00e7\u00e3o prim\u00e1ria at\u00e9 o p\u00f3s-tratamento. Com a inten\u00e7\u00e3o [&hellip;]<\/p>\n","protected":false},"author":7,"featured_media":26494,"comment_status":"open","ping_status":"closed","sticky":false,"template":"","format":"standard","meta":{"_acf_changed":false,"footnotes":""},"categories":[18,17,13,1],"tags":[],"class_list":["post-26487","post","type-post","status-publish","format-standard","has-post-thumbnail","hentry","category-cancer-de-mama","category-institucional","category-noticias-recentes","category-sem-categoria"],"acf":[],"yoast_head":"<!-- This site is optimized with the Yoast SEO plugin v27.5 - https:\/\/yoast.com\/product\/yoast-seo-wordpress\/ -->\n<title>Na linha de frente do controle do c\u00e2ncer de mama est\u00e3o os profissionais da aten\u00e7\u00e3o b\u00e1sica | FEMAMA<\/title>\n<meta name=\"robots\" content=\"index, follow, max-snippet:-1, max-image-preview:large, max-video-preview:-1\" \/>\n<link rel=\"canonical\" href=\"https:\/\/femama.org.br\/site\/sem-categoria\/na-linha-de-frente-do-controle-do-cancer-de-mama-estao-os-profissionais-da-atencao-basica\/\" \/>\n<meta property=\"og:locale\" content=\"pt_BR\" \/>\n<meta property=\"og:type\" content=\"article\" \/>\n<meta property=\"og:title\" content=\"Na linha de frente do controle do c\u00e2ncer de mama est\u00e3o os profissionais da aten\u00e7\u00e3o b\u00e1sica | FEMAMA\" \/>\n<meta property=\"og:description\" content=\"Conhe\u00e7a o novo curso da Universidade FEMAMA &nbsp; Os profissionais da aten\u00e7\u00e3o b\u00e1sica, ou Aten\u00e7\u00e3o Prim\u00e1ria em Sa\u00fade (APS), s\u00e3o o primeiro contato da maior parte das mulheres no Sistema \u00danico de Sa\u00fade. Por isso, desempenham um papel fundamental no controle do c\u00e2ncer de mama, desde a preven\u00e7\u00e3o prim\u00e1ria at\u00e9 o p\u00f3s-tratamento. Com a inten\u00e7\u00e3o [&hellip;]\" \/>\n<meta property=\"og:url\" content=\"https:\/\/femama.org.br\/site\/sem-categoria\/na-linha-de-frente-do-controle-do-cancer-de-mama-estao-os-profissionais-da-atencao-basica\/\" \/>\n<meta property=\"og:site_name\" content=\"FEMAMA\" \/>\n<meta property=\"article:publisher\" content=\"https:\/\/www.facebook.com\/femamabrasil\" \/>\n<meta property=\"article:published_time\" content=\"2024-10-23T19:08:19+00:00\" \/>\n<meta property=\"article:modified_time\" content=\"2024-10-23T19:23:53+00:00\" \/>\n<meta property=\"og:image\" content=\"https:\/\/femama.org.br\/site\/wp-content\/uploads\/2024\/10\/post-site-47-1024x512.png\" \/>\n\t<meta property=\"og:image:width\" content=\"1024\" \/>\n\t<meta property=\"og:image:height\" content=\"512\" \/>\n\t<meta property=\"og:image:type\" content=\"image\/png\" \/>\n<meta name=\"author\" content=\"Femama\" \/>\n<meta name=\"twitter:card\" content=\"summary_large_image\" \/>\n<meta name=\"twitter:creator\" content=\"@femama_\" \/>\n<meta name=\"twitter:site\" content=\"@femama_\" \/>\n<meta name=\"twitter:label1\" content=\"Escrito por\" \/>\n\t<meta name=\"twitter:data1\" content=\"Femama\" \/>\n\t<meta name=\"twitter:label2\" content=\"Est. tempo de leitura\" \/>\n\t<meta name=\"twitter:data2\" content=\"2 minutos\" \/>\n<script type=\"application\/ld+json\" class=\"yoast-schema-graph\">{\"@context\":\"https:\\\/\\\/schema.org\",\"@graph\":[{\"@type\":\"Article\",\"@id\":\"https:\\\/\\\/femama.org.br\\\/site\\\/sem-categoria\\\/na-linha-de-frente-do-controle-do-cancer-de-mama-estao-os-profissionais-da-atencao-basica\\\/#article\",\"isPartOf\":{\"@id\":\"https:\\\/\\\/femama.org.br\\\/site\\\/sem-categoria\\\/na-linha-de-frente-do-controle-do-cancer-de-mama-estao-os-profissionais-da-atencao-basica\\\/\"},\"author\":{\"name\":\"Femama\",\"@id\":\"https:\\\/\\\/femama.org.br\\\/site\\\/#\\\/schema\\\/person\\\/ed83a17236fa12a9cfd26890f0e3474e\"},\"headline\":\"Na linha de frente do controle do c\u00e2ncer de mama est\u00e3o os profissionais da aten\u00e7\u00e3o b\u00e1sica\",\"datePublished\":\"2024-10-23T19:08:19+00:00\",\"dateModified\":\"2024-10-23T19:23:53+00:00\",\"mainEntityOfPage\":{\"@id\":\"https:\\\/\\\/femama.org.br\\\/site\\\/sem-categoria\\\/na-linha-de-frente-do-controle-do-cancer-de-mama-estao-os-profissionais-da-atencao-basica\\\/\"},\"wordCount\":373,\"commentCount\":0,\"publisher\":{\"@id\":\"https:\\\/\\\/femama.org.br\\\/site\\\/#organization\"},\"image\":{\"@id\":\"https:\\\/\\\/femama.org.br\\\/site\\\/sem-categoria\\\/na-linha-de-frente-do-controle-do-cancer-de-mama-estao-os-profissionais-da-atencao-basica\\\/#primaryimage\"},\"thumbnailUrl\":\"https:\\\/\\\/femama.org.br\\\/site\\\/wp-content\\\/uploads\\\/2024\\\/10\\\/post-site-47.png\",\"articleSection\":[\"C\u00e2ncer de Mama\",\"Institucional\",\"Not\u00edcias recentes\"],\"inLanguage\":\"pt-BR\",\"potentialAction\":[{\"@type\":\"CommentAction\",\"name\":\"Comment\",\"target\":[\"https:\\\/\\\/femama.org.br\\\/site\\\/sem-categoria\\\/na-linha-de-frente-do-controle-do-cancer-de-mama-estao-os-profissionais-da-atencao-basica\\\/#respond\"]}]},{\"@type\":\"WebPage\",\"@id\":\"https:\\\/\\\/femama.org.br\\\/site\\\/sem-categoria\\\/na-linha-de-frente-do-controle-do-cancer-de-mama-estao-os-profissionais-da-atencao-basica\\\/\",\"url\":\"https:\\\/\\\/femama.org.br\\\/site\\\/sem-categoria\\\/na-linha-de-frente-do-controle-do-cancer-de-mama-estao-os-profissionais-da-atencao-basica\\\/\",\"name\":\"Na linha de frente do controle do c\u00e2ncer de mama est\u00e3o os profissionais da aten\u00e7\u00e3o b\u00e1sica | FEMAMA\",\"isPartOf\":{\"@id\":\"https:\\\/\\\/femama.org.br\\\/site\\\/#website\"},\"primaryImageOfPage\":{\"@id\":\"https:\\\/\\\/femama.org.br\\\/site\\\/sem-categoria\\\/na-linha-de-frente-do-controle-do-cancer-de-mama-estao-os-profissionais-da-atencao-basica\\\/#primaryimage\"},\"image\":{\"@id\":\"https:\\\/\\\/femama.org.br\\\/site\\\/sem-categoria\\\/na-linha-de-frente-do-controle-do-cancer-de-mama-estao-os-profissionais-da-atencao-basica\\\/#primaryimage\"},\"thumbnailUrl\":\"https:\\\/\\\/femama.org.br\\\/site\\\/wp-content\\\/uploads\\\/2024\\\/10\\\/post-site-47.png\",\"datePublished\":\"2024-10-23T19:08:19+00:00\",\"dateModified\":\"2024-10-23T19:23:53+00:00\",\"breadcrumb\":{\"@id\":\"https:\\\/\\\/femama.org.br\\\/site\\\/sem-categoria\\\/na-linha-de-frente-do-controle-do-cancer-de-mama-estao-os-profissionais-da-atencao-basica\\\/#breadcrumb\"},\"inLanguage\":\"pt-BR\",\"potentialAction\":[{\"@type\":\"ReadAction\",\"target\":[\"https:\\\/\\\/femama.org.br\\\/site\\\/sem-categoria\\\/na-linha-de-frente-do-controle-do-cancer-de-mama-estao-os-profissionais-da-atencao-basica\\\/\"]}]},{\"@type\":\"ImageObject\",\"inLanguage\":\"pt-BR\",\"@id\":\"https:\\\/\\\/femama.org.br\\\/site\\\/sem-categoria\\\/na-linha-de-frente-do-controle-do-cancer-de-mama-estao-os-profissionais-da-atencao-basica\\\/#primaryimage\",\"url\":\"https:\\\/\\\/femama.org.br\\\/site\\\/wp-content\\\/uploads\\\/2024\\\/10\\\/post-site-47.png\",\"contentUrl\":\"https:\\\/\\\/femama.org.br\\\/site\\\/wp-content\\\/uploads\\\/2024\\\/10\\\/post-site-47.png\",\"width\":6912,\"height\":3456},{\"@type\":\"BreadcrumbList\",\"@id\":\"https:\\\/\\\/femama.org.br\\\/site\\\/sem-categoria\\\/na-linha-de-frente-do-controle-do-cancer-de-mama-estao-os-profissionais-da-atencao-basica\\\/#breadcrumb\",\"itemListElement\":[{\"@type\":\"ListItem\",\"position\":1,\"name\":\"In\u00edcio\",\"item\":\"https:\\\/\\\/femama.org.br\\\/site\\\/\"},{\"@type\":\"ListItem\",\"position\":2,\"name\":\"Na linha de frente do controle do c\u00e2ncer de mama est\u00e3o os profissionais da aten\u00e7\u00e3o b\u00e1sica\"}]},{\"@type\":\"WebSite\",\"@id\":\"https:\\\/\\\/femama.org.br\\\/site\\\/#website\",\"url\":\"https:\\\/\\\/femama.org.br\\\/site\\\/\",\"name\":\"FEMAMA\",\"description\":\"Federa\u00e7\u00e3o Brasileira de Institui\u00e7\u00f5es Filantr\u00f3picas de Apoio \u00e0 Sa\u00fade da Mama | C\u00e2ncer de mama\",\"publisher\":{\"@id\":\"https:\\\/\\\/femama.org.br\\\/site\\\/#organization\"},\"potentialAction\":[{\"@type\":\"SearchAction\",\"target\":{\"@type\":\"EntryPoint\",\"urlTemplate\":\"https:\\\/\\\/femama.org.br\\\/site\\\/?s={search_term_string}\"},\"query-input\":{\"@type\":\"PropertyValueSpecification\",\"valueRequired\":true,\"valueName\":\"search_term_string\"}}],\"inLanguage\":\"pt-BR\"},{\"@type\":\"Organization\",\"@id\":\"https:\\\/\\\/femama.org.br\\\/site\\\/#organization\",\"name\":\"Femama | Federa\u00e7\u00e3o Brasileira de Institui\u00e7\u00f5es Filantr\u00f3picas de Apoio \u00e0 Sa\u00fade da Mama | C\u00e2ncer de mama\",\"url\":\"https:\\\/\\\/femama.org.br\\\/site\\\/\",\"logo\":{\"@type\":\"ImageObject\",\"inLanguage\":\"pt-BR\",\"@id\":\"https:\\\/\\\/femama.org.br\\\/site\\\/#\\\/schema\\\/logo\\\/image\\\/\",\"url\":\"https:\\\/\\\/femama.org.br\\\/site\\\/wp-content\\\/uploads\\\/2021\\\/12\\\/logotipo-femama-horizontal.png\",\"contentUrl\":\"https:\\\/\\\/femama.org.br\\\/site\\\/wp-content\\\/uploads\\\/2021\\\/12\\\/logotipo-femama-horizontal.png\",\"width\":300,\"height\":92,\"caption\":\"Femama | Federa\u00e7\u00e3o Brasileira de Institui\u00e7\u00f5es Filantr\u00f3picas de Apoio \u00e0 Sa\u00fade da Mama | C\u00e2ncer de mama\"},\"image\":{\"@id\":\"https:\\\/\\\/femama.org.br\\\/site\\\/#\\\/schema\\\/logo\\\/image\\\/\"},\"sameAs\":[\"https:\\\/\\\/www.facebook.com\\\/femamabrasil\",\"https:\\\/\\\/x.com\\\/femama_\",\"https:\\\/\\\/www.instagram.com\\\/femama.brasil\\\/\",\"https:\\\/\\\/www.youtube.com\\\/user\\\/femamaorg\"]},{\"@type\":\"Person\",\"@id\":\"https:\\\/\\\/femama.org.br\\\/site\\\/#\\\/schema\\\/person\\\/ed83a17236fa12a9cfd26890f0e3474e\",\"name\":\"Femama\",\"image\":{\"@type\":\"ImageObject\",\"inLanguage\":\"pt-BR\",\"@id\":\"https:\\\/\\\/secure.gravatar.com\\\/avatar\\\/fd7fd20674373e7845d94c5ca7e2b795136bf59683c50d1207584f3ec4caf04a?s=96&d=mm&r=g\",\"url\":\"https:\\\/\\\/secure.gravatar.com\\\/avatar\\\/fd7fd20674373e7845d94c5ca7e2b795136bf59683c50d1207584f3ec4caf04a?s=96&d=mm&r=g\",\"contentUrl\":\"https:\\\/\\\/secure.gravatar.com\\\/avatar\\\/fd7fd20674373e7845d94c5ca7e2b795136bf59683c50d1207584f3ec4caf04a?s=96&d=mm&r=g\",\"caption\":\"Femama\"}}]}<\/script>\n<!-- \/ Yoast SEO plugin. -->","yoast_head_json":{"title":"Na linha de frente do controle do c\u00e2ncer de mama est\u00e3o os profissionais da aten\u00e7\u00e3o b\u00e1sica | FEMAMA","robots":{"index":"index","follow":"follow","max-snippet":"max-snippet:-1","max-image-preview":"max-image-preview:large","max-video-preview":"max-video-preview:-1"},"canonical":"https:\/\/femama.org.br\/site\/sem-categoria\/na-linha-de-frente-do-controle-do-cancer-de-mama-estao-os-profissionais-da-atencao-basica\/","og_locale":"pt_BR","og_type":"article","og_title":"Na linha de frente do controle do c\u00e2ncer de mama est\u00e3o os profissionais da aten\u00e7\u00e3o b\u00e1sica | FEMAMA","og_description":"Conhe\u00e7a o novo curso da Universidade FEMAMA &nbsp; Os profissionais da aten\u00e7\u00e3o b\u00e1sica, ou Aten\u00e7\u00e3o Prim\u00e1ria em Sa\u00fade (APS), s\u00e3o o primeiro contato da maior parte das mulheres no Sistema \u00danico de Sa\u00fade. Por isso, desempenham um papel fundamental no controle do c\u00e2ncer de mama, desde a preven\u00e7\u00e3o prim\u00e1ria at\u00e9 o p\u00f3s-tratamento. Com a inten\u00e7\u00e3o [&hellip;]","og_url":"https:\/\/femama.org.br\/site\/sem-categoria\/na-linha-de-frente-do-controle-do-cancer-de-mama-estao-os-profissionais-da-atencao-basica\/","og_site_name":"FEMAMA","article_publisher":"https:\/\/www.facebook.com\/femamabrasil","article_published_time":"2024-10-23T19:08:19+00:00","article_modified_time":"2024-10-23T19:23:53+00:00","og_image":[{"width":1024,"height":512,"url":"https:\/\/femama.org.br\/site\/wp-content\/uploads\/2024\/10\/post-site-47-1024x512.png","type":"image\/png"}],"author":"Femama","twitter_card":"summary_large_image","twitter_creator":"@femama_","twitter_site":"@femama_","twitter_misc":{"Escrito por":"Femama","Est. tempo de leitura":"2 minutos"},"schema":{"@context":"https:\/\/schema.org","@graph":[{"@type":"Article","@id":"https:\/\/femama.org.br\/site\/sem-categoria\/na-linha-de-frente-do-controle-do-cancer-de-mama-estao-os-profissionais-da-atencao-basica\/#article","isPartOf":{"@id":"https:\/\/femama.org.br\/site\/sem-categoria\/na-linha-de-frente-do-controle-do-cancer-de-mama-estao-os-profissionais-da-atencao-basica\/"},"author":{"name":"Femama","@id":"https:\/\/femama.org.br\/site\/#\/schema\/person\/ed83a17236fa12a9cfd26890f0e3474e"},"headline":"Na linha de frente do controle do c\u00e2ncer de mama est\u00e3o os profissionais da aten\u00e7\u00e3o b\u00e1sica","datePublished":"2024-10-23T19:08:19+00:00","dateModified":"2024-10-23T19:23:53+00:00","mainEntityOfPage":{"@id":"https:\/\/femama.org.br\/site\/sem-categoria\/na-linha-de-frente-do-controle-do-cancer-de-mama-estao-os-profissionais-da-atencao-basica\/"},"wordCount":373,"commentCount":0,"publisher":{"@id":"https:\/\/femama.org.br\/site\/#organization"},"image":{"@id":"https:\/\/femama.org.br\/site\/sem-categoria\/na-linha-de-frente-do-controle-do-cancer-de-mama-estao-os-profissionais-da-atencao-basica\/#primaryimage"},"thumbnailUrl":"https:\/\/femama.org.br\/site\/wp-content\/uploads\/2024\/10\/post-site-47.png","articleSection":["C\u00e2ncer de Mama","Institucional","Not\u00edcias recentes"],"inLanguage":"pt-BR","potentialAction":[{"@type":"CommentAction","name":"Comment","target":["https:\/\/femama.org.br\/site\/sem-categoria\/na-linha-de-frente-do-controle-do-cancer-de-mama-estao-os-profissionais-da-atencao-basica\/#respond"]}]},{"@type":"WebPage","@id":"https:\/\/femama.org.br\/site\/sem-categoria\/na-linha-de-frente-do-controle-do-cancer-de-mama-estao-os-profissionais-da-atencao-basica\/","url":"https:\/\/femama.org.br\/site\/sem-categoria\/na-linha-de-frente-do-controle-do-cancer-de-mama-estao-os-profissionais-da-atencao-basica\/","name":"Na linha de frente do controle do c\u00e2ncer de mama est\u00e3o os profissionais da aten\u00e7\u00e3o b\u00e1sica | FEMAMA","isPartOf":{"@id":"https:\/\/femama.org.br\/site\/#website"},"primaryImageOfPage":{"@id":"https:\/\/femama.org.br\/site\/sem-categoria\/na-linha-de-frente-do-controle-do-cancer-de-mama-estao-os-profissionais-da-atencao-basica\/#primaryimage"},"image":{"@id":"https:\/\/femama.org.br\/site\/sem-categoria\/na-linha-de-frente-do-controle-do-cancer-de-mama-estao-os-profissionais-da-atencao-basica\/#primaryimage"},"thumbnailUrl":"https:\/\/femama.org.br\/site\/wp-content\/uploads\/2024\/10\/post-site-47.png","datePublished":"2024-10-23T19:08:19+00:00","dateModified":"2024-10-23T19:23:53+00:00","breadcrumb":{"@id":"https:\/\/femama.org.br\/site\/sem-categoria\/na-linha-de-frente-do-controle-do-cancer-de-mama-estao-os-profissionais-da-atencao-basica\/#breadcrumb"},"inLanguage":"pt-BR","potentialAction":[{"@type":"ReadAction","target":["https:\/\/femama.org.br\/site\/sem-categoria\/na-linha-de-frente-do-controle-do-cancer-de-mama-estao-os-profissionais-da-atencao-basica\/"]}]},{"@type":"ImageObject","inLanguage":"pt-BR","@id":"https:\/\/femama.org.br\/site\/sem-categoria\/na-linha-de-frente-do-controle-do-cancer-de-mama-estao-os-profissionais-da-atencao-basica\/#primaryimage","url":"https:\/\/femama.org.br\/site\/wp-content\/uploads\/2024\/10\/post-site-47.png","contentUrl":"https:\/\/femama.org.br\/site\/wp-content\/uploads\/2024\/10\/post-site-47.png","width":6912,"height":3456},{"@type":"BreadcrumbList","@id":"https:\/\/femama.org.br\/site\/sem-categoria\/na-linha-de-frente-do-controle-do-cancer-de-mama-estao-os-profissionais-da-atencao-basica\/#breadcrumb","itemListElement":[{"@type":"ListItem","position":1,"name":"In\u00edcio","item":"https:\/\/femama.org.br\/site\/"},{"@type":"ListItem","position":2,"name":"Na linha de frente do controle do c\u00e2ncer de mama est\u00e3o os profissionais da aten\u00e7\u00e3o b\u00e1sica"}]},{"@type":"WebSite","@id":"https:\/\/femama.org.br\/site\/#website","url":"https:\/\/femama.org.br\/site\/","name":"FEMAMA","description":"Federa\u00e7\u00e3o Brasileira de Institui\u00e7\u00f5es Filantr\u00f3picas de Apoio \u00e0 Sa\u00fade da Mama | C\u00e2ncer de mama","publisher":{"@id":"https:\/\/femama.org.br\/site\/#organization"},"potentialAction":[{"@type":"SearchAction","target":{"@type":"EntryPoint","urlTemplate":"https:\/\/femama.org.br\/site\/?s={search_term_string}"},"query-input":{"@type":"PropertyValueSpecification","valueRequired":true,"valueName":"search_term_string"}}],"inLanguage":"pt-BR"},{"@type":"Organization","@id":"https:\/\/femama.org.br\/site\/#organization","name":"Femama | Federa\u00e7\u00e3o Brasileira de Institui\u00e7\u00f5es Filantr\u00f3picas de Apoio \u00e0 Sa\u00fade da Mama | C\u00e2ncer de mama","url":"https:\/\/femama.org.br\/site\/","logo":{"@type":"ImageObject","inLanguage":"pt-BR","@id":"https:\/\/femama.org.br\/site\/#\/schema\/logo\/image\/","url":"https:\/\/femama.org.br\/site\/wp-content\/uploads\/2021\/12\/logotipo-femama-horizontal.png","contentUrl":"https:\/\/femama.org.br\/site\/wp-content\/uploads\/2021\/12\/logotipo-femama-horizontal.png","width":300,"height":92,"caption":"Femama | Federa\u00e7\u00e3o Brasileira de Institui\u00e7\u00f5es Filantr\u00f3picas de Apoio \u00e0 Sa\u00fade da Mama | C\u00e2ncer de mama"},"image":{"@id":"https:\/\/femama.org.br\/site\/#\/schema\/logo\/image\/"},"sameAs":["https:\/\/www.facebook.com\/femamabrasil","https:\/\/x.com\/femama_","https:\/\/www.instagram.com\/femama.brasil\/","https:\/\/www.youtube.com\/user\/femamaorg"]},{"@type":"Person","@id":"https:\/\/femama.org.br\/site\/#\/schema\/person\/ed83a17236fa12a9cfd26890f0e3474e","name":"Femama","image":{"@type":"ImageObject","inLanguage":"pt-BR","@id":"https:\/\/secure.gravatar.com\/avatar\/fd7fd20674373e7845d94c5ca7e2b795136bf59683c50d1207584f3ec4caf04a?s=96&d=mm&r=g","url":"https:\/\/secure.gravatar.com\/avatar\/fd7fd20674373e7845d94c5ca7e2b795136bf59683c50d1207584f3ec4caf04a?s=96&d=mm&r=g","contentUrl":"https:\/\/secure.gravatar.com\/avatar\/fd7fd20674373e7845d94c5ca7e2b795136bf59683c50d1207584f3ec4caf04a?s=96&d=mm&r=g","caption":"Femama"}}]}},"_links":{"self":[{"href":"https:\/\/femama.org.br\/site\/wp-json\/wp\/v2\/posts\/26487","targetHints":{"allow":["GET"]}}],"collection":[{"href":"https:\/\/femama.org.br\/site\/wp-json\/wp\/v2\/posts"}],"about":[{"href":"https:\/\/femama.org.br\/site\/wp-json\/wp\/v2\/types\/post"}],"author":[{"embeddable":true,"href":"https:\/\/femama.org.br\/site\/wp-json\/wp\/v2\/users\/7"}],"replies":[{"embeddable":true,"href":"https:\/\/femama.org.br\/site\/wp-json\/wp\/v2\/comments?post=26487"}],"version-history":[{"count":1,"href":"https:\/\/femama.org.br\/site\/wp-json\/wp\/v2\/posts\/26487\/revisions"}],"predecessor-version":[{"id":26489,"href":"https:\/\/femama.org.br\/site\/wp-json\/wp\/v2\/posts\/26487\/revisions\/26489"}],"wp:featuredmedia":[{"embeddable":true,"href":"https:\/\/femama.org.br\/site\/wp-json\/wp\/v2\/media\/26494"}],"wp:attachment":[{"href":"https:\/\/femama.org.br\/site\/wp-json\/wp\/v2\/media?parent=26487"}],"wp:term":[{"taxonomy":"category","embeddable":true,"href":"https:\/\/femama.org.br\/site\/wp-json\/wp\/v2\/categories?post=26487"},{"taxonomy":"post_tag","embeddable":true,"href":"https:\/\/femama.org.br\/site\/wp-json\/wp\/v2\/tags?post=26487"}],"curies":[{"name":"wp","href":"https:\/\/api.w.org\/{rel}","templated":true}]}}