{"id":26529,"date":"2024-11-08T10:40:08","date_gmt":"2024-11-08T13:40:08","guid":{"rendered":"https:\/\/femama.org.br\/site\/?p=26529"},"modified":"2024-11-14T16:09:16","modified_gmt":"2024-11-14T19:09:16","slug":"11-forum-de-controle-do-cancer-da-mulher","status":"publish","type":"post","link":"https:\/\/femama.org.br\/site\/noticias-recentes\/11-forum-de-controle-do-cancer-da-mulher\/","title":{"rendered":"11\u00b0 F\u00f3rum de Controle do C\u00e2ncer da Mulher"},"content":{"rendered":"<p><span style=\"font-weight: 400; color: #000000;\">O <strong>F\u00f3rum de Controle do C\u00e2ncer da Mulher<\/strong> \u00e9 um evento anual promovido pela FEMAMA, que re\u00fane especialistas, associa\u00e7\u00f5es e organiza\u00e7\u00f5es da Rede FEMAMA para discutir temas relevantes para o terceiro setor e a sa\u00fade feminina. Neste ano, o evento ser\u00e1 realizado nos dias 21 e 22 de novembro, no Hotel Green Place Flat, em S\u00e3o Paulo. O primeiro dia estar\u00e1 aberto ao p\u00fablico, com op\u00e7\u00f5es de participa\u00e7\u00e3o presencial por R$ 50 ou online gratuitamente, mediante inscri\u00e7\u00e3o.\u00a0<\/span><\/p>\n<p><span style=\"font-weight: 400; color: #000000;\">A programa\u00e7\u00e3o contar\u00e1 com palestras e mesas que abordam os desafios da oncologia, as inova\u00e7\u00f5es no tratamento de c\u00e2nceres femininos, as barreiras de acesso ao SUS e as realidades regionais dos c\u00e2nceres femininos no Brasil. J\u00e1 o segundo dia ser\u00e1 exclusivo para as associa\u00e7\u00f5es afiliadas da Rede FEMAMA, focando no fortalecimento da rede e na defini\u00e7\u00e3o das pautas priorit\u00e1rias para 2025.<\/span><\/p>\n<p><strong><span style=\"color: #000000;\">Confira a programa\u00e7\u00e3o completa do dia 21\/11:<\/span><\/strong><\/p>\n<p><span style=\"font-weight: 400; color: #000000;\">08h00min &#8211; Abertura com cerimonial por Mely Paredes, Coordenadora de Comunica\u00e7\u00e3o da FEMAMA<br \/>\n<\/span><\/p>\n<p><span style=\"color: #000000;\">A Pol\u00edtica de Preven\u00e7\u00e3o e Controle do C\u00e2ncer no Brasil (INCA)<\/span><\/p>\n<p><span style=\"font-weight: 400; color: #000000;\">08h30min &#8211; Desafios para a preven\u00e7\u00e3o e controle dos c\u00e2nceres femininos: um olhar a partir do UICC\u00a0<\/span><\/p>\n<p><span style=\"font-weight: 400; color: #000000;\">Dra. Maira Caleffi &#8211; Mastologista e Presidente Fundadora da FEMAMA<\/span><\/p>\n<p><span style=\"font-weight: 400; color: #000000;\">MESA 1\u2013 Que c\u00e2ncer \u00e9 esse? A perspectiva da Sociedade Civil Organizada<\/span><\/p>\n<p><span style=\"font-weight: 400; color: #000000;\">09h00min &#8211; C\u00e2nceres Ginecol\u00f3gicos &#8211; Dra. Andrea Gadelha (Grupo EVA)\u00a0\u00a0<\/span><\/p>\n<p><span style=\"font-weight: 400; color: #000000;\">09h15min &#8211; C\u00e2ncer de Colo de \u00datero &#8211; Ana Drummond (Instituto Vencer o C\u00e2ncer)\u00a0\u00a0<\/span><\/p>\n<p><span style=\"font-weight: 400; color: #000000;\">09h30min &#8211; C\u00e2ncer de Pulm\u00e3o &#8211; Luciana Holtz (Instituto Oncoguia)\u00a0\u00a0<\/span><\/p>\n<p><span style=\"font-weight: 400; color: #000000;\">09h45min &#8211; C\u00e2nceres Hematol\u00f3gicos &#8211; Dra. Catherine Moura (Abrale)\u00a0\u00a0<\/span><\/p>\n<p><span style=\"font-weight: 400; color: #000000;\">10h00min \/ 10h20min &#8211; Debates e Coment\u00e1rios com Alexandre Ben (FEMAMA)\u00a0\u00a0<\/span><\/p>\n<p><span style=\"font-weight: 400; color: #000000;\">10h20min &#8211; Coffee Break<\/span><\/p>\n<p>&nbsp;<\/p>\n<p><span style=\"font-weight: 400; color: #000000;\">MESA 2 \u2013 C\u00e2ncer de Mama: inova\u00e7\u00f5es e desafios de acesso<\/span><\/p>\n<p><span style=\"font-weight: 400; color: #000000;\">10h40min &#8211; Os diferentes tipos de c\u00e2ncer de mama e seus tratamentos &#8211; Dr. Bruno Laporte\u00a0\u00a0<\/span><\/p>\n<p><span style=\"font-weight: 400; color: #000000;\">11h05min &#8211; O poder das parcerias no controle do c\u00e2ncer de mama &#8211; Mariana Lorencinho (Instituto Natura)\u00a0\u00a0<\/span><\/p>\n<p><span style=\"font-weight: 400; color: #000000;\">11h20min &#8211; Pesquisa Datafolha sobre C\u00e2ncer de Mama &#8211; Danilo Lopes (AstraZeneca)\u00a0\u00a0<\/span><\/p>\n<p><span style=\"font-weight: 400; color: #000000;\">11h35min &#8211; Desigualdades sociais e desafios de acesso ao diagn\u00f3stico e tratamento &#8211; Dr. Luiz David Nunes\u00a0\u00a0<\/span><\/p>\n<p><span style=\"font-weight: 400; color: #000000;\">11h50min \/ 12h10min &#8211; Debates e Coment\u00e1rios com Dra. Maira Caleffi\u00a0\u00a0<\/span><\/p>\n<p><span style=\"font-weight: 400; color: #000000;\">12h10min &#8211; Almo\u00e7o (2h)<\/span><\/p>\n<p>&nbsp;<\/p>\n<p><span style=\"font-weight: 400; color: #000000;\">MESA 3 \u2013 As Realidades Regionais dos C\u00e2nceres Femininos\u00a0\u00a0<\/span><\/p>\n<p><span style=\"font-weight: 400; color: #000000;\">14h00min &#8211; Apresenta\u00e7\u00e3o &#8211; Dr. Luiz Ayrton Santos Junior\u00a0\u00a0<\/span><\/p>\n<p><span style=\"font-weight: 400; color: #000000;\">14h05min &#8211; Panorama das Regi\u00f5es Norte\/Nordeste\u00a0\u00a0<\/span><\/p>\n<p><span style=\"font-weight: 400; color: #000000;\">14h20min &#8211; Panorama da Regi\u00e3o Centro-Oeste<\/span><\/p>\n<p><span style=\"font-weight: 400; color: #000000;\">14h35min &#8211; Panorama da Regi\u00e3o Sudeste<\/span><\/p>\n<p><span style=\"font-weight: 400; color: #000000;\">14h50min &#8211; Panorama da Regi\u00e3o Sul\u00a0\u00a0<\/span><\/p>\n<p><span style=\"font-weight: 400; color: #000000;\">15h05min\/15h20min &#8211; Debates e Coment\u00e1rios com Gabriele Alves e Erica Hobold (FEMAMA)\u00a0\u00a0<\/span><\/p>\n<p><span style=\"font-weight: 400; color: #000000;\">15h20min &#8211; Exibi\u00e7\u00e3o do curta-metragem Espelho Meu, parceria FEMAMA e Estevacine Filmes\u00a0 (exclusivo para modalidade presencial)<\/span><\/p>\n<p><span style=\"font-weight: 400; color: #000000;\">15h40min &#8211; Coffee Break<\/span><\/p>\n<p>&nbsp;<\/p>\n<p><span style=\"font-weight: 400; color: #000000;\">MESA 4 \u2013 SUS: Perspectivas e desafios para a oncologia\u00a0<\/span><\/p>\n<p><span style=\"font-weight: 400; color: #000000;\">16h00min &#8211; O passado, presente e futuro do SUS* &#8211; Dr. Luiz Antonio Santini\u00a0\u00a0<\/span><\/p>\n<p><span style=\"font-weight: 400; color: #000000;\">16h30min &#8211; Panorama do SUS e desafios na oncologia* &#8211; Santusa Santana\u00a0\u00a0<\/span><\/p>\n<p><span style=\"font-weight: 400; color: #000000;\">17h00min\/17h30min &#8211; Debates e Coment\u00e1rios com Alexandre Ben\u00a0\u00a0<\/span><\/p>\n<p><span style=\"font-weight: 400; color: #000000;\">17h30min &#8211; Encerramento<\/span><\/p>\n<p>&nbsp;<\/p>\n<p><span style=\"font-weight: 400; color: #000000;\">Ao final do evento, haver\u00e1 uma atividade exclusiva para a Rede FEMAMA com a exibi\u00e7\u00e3o do longa-metragem C\u00e2ncer com Ascendente em Virgem e uma roda de conversa com a produtora Cl\u00e9lia Bessa.<\/span><\/p>\n<p><span style=\"font-weight: 400; color: #000000;\">Garanta sua participa\u00e7\u00e3o no F\u00f3rum de Controle do C\u00e2ncer da Mulher! <a href=\"https:\/\/www.sympla.com.br\/11-forum-de-controle-do-cancer-da-mulher__2701924\">Inscreva-se agora<\/a> e escolha a modalidade que melhor atende \u00e0s suas necessidades.<\/span><\/p>\n","protected":false},"excerpt":{"rendered":"<p>O F\u00f3rum de Controle do C\u00e2ncer da Mulher \u00e9 um evento anual promovido pela FEMAMA, que re\u00fane especialistas, associa\u00e7\u00f5es e organiza\u00e7\u00f5es da Rede FEMAMA para discutir temas relevantes para o terceiro setor e a sa\u00fade feminina. Neste ano, o evento ser\u00e1 realizado nos dias 21 e 22 de novembro, no Hotel Green Place Flat, em [&hellip;]<\/p>\n","protected":false},"author":7,"featured_media":26530,"comment_status":"open","ping_status":"closed","sticky":false,"template":"","format":"standard","meta":{"_acf_changed":false,"footnotes":""},"categories":[19,16,20,17,13],"tags":[],"class_list":["post-26529","post","type-post","status-publish","format-standard","has-post-thumbnail","hentry","category-advocacy","category-associadas","category-direito-dos-pacientes","category-institucional","category-noticias-recentes"],"acf":[],"yoast_head":"<!-- This site is optimized with the Yoast SEO plugin v27.5 - https:\/\/yoast.com\/product\/yoast-seo-wordpress\/ -->\n<title>11\u00b0 F\u00f3rum de Controle do C\u00e2ncer da Mulher | FEMAMA<\/title>\n<meta name=\"robots\" content=\"index, follow, max-snippet:-1, max-image-preview:large, max-video-preview:-1\" \/>\n<link rel=\"canonical\" href=\"https:\/\/femama.org.br\/site\/noticias-recentes\/11-forum-de-controle-do-cancer-da-mulher\/\" \/>\n<meta property=\"og:locale\" content=\"pt_BR\" \/>\n<meta property=\"og:type\" content=\"article\" \/>\n<meta property=\"og:title\" content=\"11\u00b0 F\u00f3rum de Controle do C\u00e2ncer da Mulher | FEMAMA\" \/>\n<meta property=\"og:description\" content=\"O F\u00f3rum de Controle do C\u00e2ncer da Mulher \u00e9 um evento anual promovido pela FEMAMA, que re\u00fane especialistas, associa\u00e7\u00f5es e organiza\u00e7\u00f5es da Rede FEMAMA para discutir temas relevantes para o terceiro setor e a sa\u00fade feminina. Neste ano, o evento ser\u00e1 realizado nos dias 21 e 22 de novembro, no Hotel Green Place Flat, em [&hellip;]\" \/>\n<meta property=\"og:url\" content=\"https:\/\/femama.org.br\/site\/noticias-recentes\/11-forum-de-controle-do-cancer-da-mulher\/\" \/>\n<meta property=\"og:site_name\" content=\"FEMAMA\" \/>\n<meta property=\"article:publisher\" content=\"https:\/\/www.facebook.com\/femamabrasil\" \/>\n<meta property=\"article:published_time\" content=\"2024-11-08T13:40:08+00:00\" \/>\n<meta property=\"article:modified_time\" content=\"2024-11-14T19:09:16+00:00\" \/>\n<meta property=\"og:image\" content=\"https:\/\/femama.org.br\/site\/wp-content\/uploads\/2024\/11\/Nova-lei-amplia-acesso-a-cirurgia-reconstrutiva-da-mama-2-1.png\" \/>\n\t<meta property=\"og:image:width\" content=\"6912\" \/>\n\t<meta property=\"og:image:height\" content=\"3456\" \/>\n\t<meta property=\"og:image:type\" content=\"image\/png\" \/>\n<meta name=\"author\" content=\"Femama\" \/>\n<meta name=\"twitter:card\" content=\"summary_large_image\" \/>\n<meta name=\"twitter:creator\" content=\"@femama_\" \/>\n<meta name=\"twitter:site\" content=\"@femama_\" \/>\n<meta name=\"twitter:label1\" content=\"Escrito por\" \/>\n\t<meta name=\"twitter:data1\" content=\"Femama\" \/>\n\t<meta name=\"twitter:label2\" content=\"Est. tempo de leitura\" \/>\n\t<meta name=\"twitter:data2\" content=\"3 minutos\" \/>\n<script type=\"application\/ld+json\" class=\"yoast-schema-graph\">{\"@context\":\"https:\\\/\\\/schema.org\",\"@graph\":[{\"@type\":\"Article\",\"@id\":\"https:\\\/\\\/femama.org.br\\\/site\\\/noticias-recentes\\\/11-forum-de-controle-do-cancer-da-mulher\\\/#article\",\"isPartOf\":{\"@id\":\"https:\\\/\\\/femama.org.br\\\/site\\\/noticias-recentes\\\/11-forum-de-controle-do-cancer-da-mulher\\\/\"},\"author\":{\"name\":\"Femama\",\"@id\":\"https:\\\/\\\/femama.org.br\\\/site\\\/#\\\/schema\\\/person\\\/ed83a17236fa12a9cfd26890f0e3474e\"},\"headline\":\"11\u00b0 F\u00f3rum de Controle do C\u00e2ncer da Mulher\",\"datePublished\":\"2024-11-08T13:40:08+00:00\",\"dateModified\":\"2024-11-14T19:09:16+00:00\",\"mainEntityOfPage\":{\"@id\":\"https:\\\/\\\/femama.org.br\\\/site\\\/noticias-recentes\\\/11-forum-de-controle-do-cancer-da-mulher\\\/\"},\"wordCount\":618,\"commentCount\":0,\"publisher\":{\"@id\":\"https:\\\/\\\/femama.org.br\\\/site\\\/#organization\"},\"image\":{\"@id\":\"https:\\\/\\\/femama.org.br\\\/site\\\/noticias-recentes\\\/11-forum-de-controle-do-cancer-da-mulher\\\/#primaryimage\"},\"thumbnailUrl\":\"https:\\\/\\\/femama.org.br\\\/site\\\/wp-content\\\/uploads\\\/2024\\\/11\\\/Nova-lei-amplia-acesso-a-cirurgia-reconstrutiva-da-mama-2-1.png\",\"articleSection\":[\"Advocacy\",\"Associadas\",\"Direito dos Pacientes\",\"Institucional\",\"Not\u00edcias recentes\"],\"inLanguage\":\"pt-BR\",\"potentialAction\":[{\"@type\":\"CommentAction\",\"name\":\"Comment\",\"target\":[\"https:\\\/\\\/femama.org.br\\\/site\\\/noticias-recentes\\\/11-forum-de-controle-do-cancer-da-mulher\\\/#respond\"]}]},{\"@type\":\"WebPage\",\"@id\":\"https:\\\/\\\/femama.org.br\\\/site\\\/noticias-recentes\\\/11-forum-de-controle-do-cancer-da-mulher\\\/\",\"url\":\"https:\\\/\\\/femama.org.br\\\/site\\\/noticias-recentes\\\/11-forum-de-controle-do-cancer-da-mulher\\\/\",\"name\":\"11\u00b0 F\u00f3rum de Controle do C\u00e2ncer da Mulher | FEMAMA\",\"isPartOf\":{\"@id\":\"https:\\\/\\\/femama.org.br\\\/site\\\/#website\"},\"primaryImageOfPage\":{\"@id\":\"https:\\\/\\\/femama.org.br\\\/site\\\/noticias-recentes\\\/11-forum-de-controle-do-cancer-da-mulher\\\/#primaryimage\"},\"image\":{\"@id\":\"https:\\\/\\\/femama.org.br\\\/site\\\/noticias-recentes\\\/11-forum-de-controle-do-cancer-da-mulher\\\/#primaryimage\"},\"thumbnailUrl\":\"https:\\\/\\\/femama.org.br\\\/site\\\/wp-content\\\/uploads\\\/2024\\\/11\\\/Nova-lei-amplia-acesso-a-cirurgia-reconstrutiva-da-mama-2-1.png\",\"datePublished\":\"2024-11-08T13:40:08+00:00\",\"dateModified\":\"2024-11-14T19:09:16+00:00\",\"breadcrumb\":{\"@id\":\"https:\\\/\\\/femama.org.br\\\/site\\\/noticias-recentes\\\/11-forum-de-controle-do-cancer-da-mulher\\\/#breadcrumb\"},\"inLanguage\":\"pt-BR\",\"potentialAction\":[{\"@type\":\"ReadAction\",\"target\":[\"https:\\\/\\\/femama.org.br\\\/site\\\/noticias-recentes\\\/11-forum-de-controle-do-cancer-da-mulher\\\/\"]}]},{\"@type\":\"ImageObject\",\"inLanguage\":\"pt-BR\",\"@id\":\"https:\\\/\\\/femama.org.br\\\/site\\\/noticias-recentes\\\/11-forum-de-controle-do-cancer-da-mulher\\\/#primaryimage\",\"url\":\"https:\\\/\\\/femama.org.br\\\/site\\\/wp-content\\\/uploads\\\/2024\\\/11\\\/Nova-lei-amplia-acesso-a-cirurgia-reconstrutiva-da-mama-2-1.png\",\"contentUrl\":\"https:\\\/\\\/femama.org.br\\\/site\\\/wp-content\\\/uploads\\\/2024\\\/11\\\/Nova-lei-amplia-acesso-a-cirurgia-reconstrutiva-da-mama-2-1.png\",\"width\":6912,\"height\":3456},{\"@type\":\"BreadcrumbList\",\"@id\":\"https:\\\/\\\/femama.org.br\\\/site\\\/noticias-recentes\\\/11-forum-de-controle-do-cancer-da-mulher\\\/#breadcrumb\",\"itemListElement\":[{\"@type\":\"ListItem\",\"position\":1,\"name\":\"In\u00edcio\",\"item\":\"https:\\\/\\\/femama.org.br\\\/site\\\/\"},{\"@type\":\"ListItem\",\"position\":2,\"name\":\"11\u00b0 F\u00f3rum de Controle do C\u00e2ncer da Mulher\"}]},{\"@type\":\"WebSite\",\"@id\":\"https:\\\/\\\/femama.org.br\\\/site\\\/#website\",\"url\":\"https:\\\/\\\/femama.org.br\\\/site\\\/\",\"name\":\"FEMAMA\",\"description\":\"Federa\u00e7\u00e3o Brasileira de Institui\u00e7\u00f5es Filantr\u00f3picas de Apoio \u00e0 Sa\u00fade da Mama | C\u00e2ncer de mama\",\"publisher\":{\"@id\":\"https:\\\/\\\/femama.org.br\\\/site\\\/#organization\"},\"potentialAction\":[{\"@type\":\"SearchAction\",\"target\":{\"@type\":\"EntryPoint\",\"urlTemplate\":\"https:\\\/\\\/femama.org.br\\\/site\\\/?s={search_term_string}\"},\"query-input\":{\"@type\":\"PropertyValueSpecification\",\"valueRequired\":true,\"valueName\":\"search_term_string\"}}],\"inLanguage\":\"pt-BR\"},{\"@type\":\"Organization\",\"@id\":\"https:\\\/\\\/femama.org.br\\\/site\\\/#organization\",\"name\":\"Femama | Federa\u00e7\u00e3o Brasileira de Institui\u00e7\u00f5es Filantr\u00f3picas de Apoio \u00e0 Sa\u00fade da Mama | C\u00e2ncer de mama\",\"url\":\"https:\\\/\\\/femama.org.br\\\/site\\\/\",\"logo\":{\"@type\":\"ImageObject\",\"inLanguage\":\"pt-BR\",\"@id\":\"https:\\\/\\\/femama.org.br\\\/site\\\/#\\\/schema\\\/logo\\\/image\\\/\",\"url\":\"https:\\\/\\\/femama.org.br\\\/site\\\/wp-content\\\/uploads\\\/2021\\\/12\\\/logotipo-femama-horizontal.png\",\"contentUrl\":\"https:\\\/\\\/femama.org.br\\\/site\\\/wp-content\\\/uploads\\\/2021\\\/12\\\/logotipo-femama-horizontal.png\",\"width\":300,\"height\":92,\"caption\":\"Femama | Federa\u00e7\u00e3o Brasileira de Institui\u00e7\u00f5es Filantr\u00f3picas de Apoio \u00e0 Sa\u00fade da Mama | C\u00e2ncer de mama\"},\"image\":{\"@id\":\"https:\\\/\\\/femama.org.br\\\/site\\\/#\\\/schema\\\/logo\\\/image\\\/\"},\"sameAs\":[\"https:\\\/\\\/www.facebook.com\\\/femamabrasil\",\"https:\\\/\\\/x.com\\\/femama_\",\"https:\\\/\\\/www.instagram.com\\\/femama.brasil\\\/\",\"https:\\\/\\\/www.youtube.com\\\/user\\\/femamaorg\"]},{\"@type\":\"Person\",\"@id\":\"https:\\\/\\\/femama.org.br\\\/site\\\/#\\\/schema\\\/person\\\/ed83a17236fa12a9cfd26890f0e3474e\",\"name\":\"Femama\",\"image\":{\"@type\":\"ImageObject\",\"inLanguage\":\"pt-BR\",\"@id\":\"https:\\\/\\\/secure.gravatar.com\\\/avatar\\\/fd7fd20674373e7845d94c5ca7e2b795136bf59683c50d1207584f3ec4caf04a?s=96&d=mm&r=g\",\"url\":\"https:\\\/\\\/secure.gravatar.com\\\/avatar\\\/fd7fd20674373e7845d94c5ca7e2b795136bf59683c50d1207584f3ec4caf04a?s=96&d=mm&r=g\",\"contentUrl\":\"https:\\\/\\\/secure.gravatar.com\\\/avatar\\\/fd7fd20674373e7845d94c5ca7e2b795136bf59683c50d1207584f3ec4caf04a?s=96&d=mm&r=g\",\"caption\":\"Femama\"}}]}<\/script>\n<!-- \/ Yoast SEO plugin. -->","yoast_head_json":{"title":"11\u00b0 F\u00f3rum de Controle do C\u00e2ncer da Mulher | FEMAMA","robots":{"index":"index","follow":"follow","max-snippet":"max-snippet:-1","max-image-preview":"max-image-preview:large","max-video-preview":"max-video-preview:-1"},"canonical":"https:\/\/femama.org.br\/site\/noticias-recentes\/11-forum-de-controle-do-cancer-da-mulher\/","og_locale":"pt_BR","og_type":"article","og_title":"11\u00b0 F\u00f3rum de Controle do C\u00e2ncer da Mulher | FEMAMA","og_description":"O F\u00f3rum de Controle do C\u00e2ncer da Mulher \u00e9 um evento anual promovido pela FEMAMA, que re\u00fane especialistas, associa\u00e7\u00f5es e organiza\u00e7\u00f5es da Rede FEMAMA para discutir temas relevantes para o terceiro setor e a sa\u00fade feminina. Neste ano, o evento ser\u00e1 realizado nos dias 21 e 22 de novembro, no Hotel Green Place Flat, em [&hellip;]","og_url":"https:\/\/femama.org.br\/site\/noticias-recentes\/11-forum-de-controle-do-cancer-da-mulher\/","og_site_name":"FEMAMA","article_publisher":"https:\/\/www.facebook.com\/femamabrasil","article_published_time":"2024-11-08T13:40:08+00:00","article_modified_time":"2024-11-14T19:09:16+00:00","og_image":[{"width":6912,"height":3456,"url":"https:\/\/femama.org.br\/site\/wp-content\/uploads\/2024\/11\/Nova-lei-amplia-acesso-a-cirurgia-reconstrutiva-da-mama-2-1.png","type":"image\/png"}],"author":"Femama","twitter_card":"summary_large_image","twitter_creator":"@femama_","twitter_site":"@femama_","twitter_misc":{"Escrito por":"Femama","Est. tempo de leitura":"3 minutos"},"schema":{"@context":"https:\/\/schema.org","@graph":[{"@type":"Article","@id":"https:\/\/femama.org.br\/site\/noticias-recentes\/11-forum-de-controle-do-cancer-da-mulher\/#article","isPartOf":{"@id":"https:\/\/femama.org.br\/site\/noticias-recentes\/11-forum-de-controle-do-cancer-da-mulher\/"},"author":{"name":"Femama","@id":"https:\/\/femama.org.br\/site\/#\/schema\/person\/ed83a17236fa12a9cfd26890f0e3474e"},"headline":"11\u00b0 F\u00f3rum de Controle do C\u00e2ncer da Mulher","datePublished":"2024-11-08T13:40:08+00:00","dateModified":"2024-11-14T19:09:16+00:00","mainEntityOfPage":{"@id":"https:\/\/femama.org.br\/site\/noticias-recentes\/11-forum-de-controle-do-cancer-da-mulher\/"},"wordCount":618,"commentCount":0,"publisher":{"@id":"https:\/\/femama.org.br\/site\/#organization"},"image":{"@id":"https:\/\/femama.org.br\/site\/noticias-recentes\/11-forum-de-controle-do-cancer-da-mulher\/#primaryimage"},"thumbnailUrl":"https:\/\/femama.org.br\/site\/wp-content\/uploads\/2024\/11\/Nova-lei-amplia-acesso-a-cirurgia-reconstrutiva-da-mama-2-1.png","articleSection":["Advocacy","Associadas","Direito dos Pacientes","Institucional","Not\u00edcias recentes"],"inLanguage":"pt-BR","potentialAction":[{"@type":"CommentAction","name":"Comment","target":["https:\/\/femama.org.br\/site\/noticias-recentes\/11-forum-de-controle-do-cancer-da-mulher\/#respond"]}]},{"@type":"WebPage","@id":"https:\/\/femama.org.br\/site\/noticias-recentes\/11-forum-de-controle-do-cancer-da-mulher\/","url":"https:\/\/femama.org.br\/site\/noticias-recentes\/11-forum-de-controle-do-cancer-da-mulher\/","name":"11\u00b0 F\u00f3rum de Controle do C\u00e2ncer da Mulher | FEMAMA","isPartOf":{"@id":"https:\/\/femama.org.br\/site\/#website"},"primaryImageOfPage":{"@id":"https:\/\/femama.org.br\/site\/noticias-recentes\/11-forum-de-controle-do-cancer-da-mulher\/#primaryimage"},"image":{"@id":"https:\/\/femama.org.br\/site\/noticias-recentes\/11-forum-de-controle-do-cancer-da-mulher\/#primaryimage"},"thumbnailUrl":"https:\/\/femama.org.br\/site\/wp-content\/uploads\/2024\/11\/Nova-lei-amplia-acesso-a-cirurgia-reconstrutiva-da-mama-2-1.png","datePublished":"2024-11-08T13:40:08+00:00","dateModified":"2024-11-14T19:09:16+00:00","breadcrumb":{"@id":"https:\/\/femama.org.br\/site\/noticias-recentes\/11-forum-de-controle-do-cancer-da-mulher\/#breadcrumb"},"inLanguage":"pt-BR","potentialAction":[{"@type":"ReadAction","target":["https:\/\/femama.org.br\/site\/noticias-recentes\/11-forum-de-controle-do-cancer-da-mulher\/"]}]},{"@type":"ImageObject","inLanguage":"pt-BR","@id":"https:\/\/femama.org.br\/site\/noticias-recentes\/11-forum-de-controle-do-cancer-da-mulher\/#primaryimage","url":"https:\/\/femama.org.br\/site\/wp-content\/uploads\/2024\/11\/Nova-lei-amplia-acesso-a-cirurgia-reconstrutiva-da-mama-2-1.png","contentUrl":"https:\/\/femama.org.br\/site\/wp-content\/uploads\/2024\/11\/Nova-lei-amplia-acesso-a-cirurgia-reconstrutiva-da-mama-2-1.png","width":6912,"height":3456},{"@type":"BreadcrumbList","@id":"https:\/\/femama.org.br\/site\/noticias-recentes\/11-forum-de-controle-do-cancer-da-mulher\/#breadcrumb","itemListElement":[{"@type":"ListItem","position":1,"name":"In\u00edcio","item":"https:\/\/femama.org.br\/site\/"},{"@type":"ListItem","position":2,"name":"11\u00b0 F\u00f3rum de Controle do C\u00e2ncer da Mulher"}]},{"@type":"WebSite","@id":"https:\/\/femama.org.br\/site\/#website","url":"https:\/\/femama.org.br\/site\/","name":"FEMAMA","description":"Federa\u00e7\u00e3o Brasileira de Institui\u00e7\u00f5es Filantr\u00f3picas de Apoio \u00e0 Sa\u00fade da Mama | C\u00e2ncer de mama","publisher":{"@id":"https:\/\/femama.org.br\/site\/#organization"},"potentialAction":[{"@type":"SearchAction","target":{"@type":"EntryPoint","urlTemplate":"https:\/\/femama.org.br\/site\/?s={search_term_string}"},"query-input":{"@type":"PropertyValueSpecification","valueRequired":true,"valueName":"search_term_string"}}],"inLanguage":"pt-BR"},{"@type":"Organization","@id":"https:\/\/femama.org.br\/site\/#organization","name":"Femama | Federa\u00e7\u00e3o Brasileira de Institui\u00e7\u00f5es Filantr\u00f3picas de Apoio \u00e0 Sa\u00fade da Mama | C\u00e2ncer de mama","url":"https:\/\/femama.org.br\/site\/","logo":{"@type":"ImageObject","inLanguage":"pt-BR","@id":"https:\/\/femama.org.br\/site\/#\/schema\/logo\/image\/","url":"https:\/\/femama.org.br\/site\/wp-content\/uploads\/2021\/12\/logotipo-femama-horizontal.png","contentUrl":"https:\/\/femama.org.br\/site\/wp-content\/uploads\/2021\/12\/logotipo-femama-horizontal.png","width":300,"height":92,"caption":"Femama | Federa\u00e7\u00e3o Brasileira de Institui\u00e7\u00f5es Filantr\u00f3picas de Apoio \u00e0 Sa\u00fade da Mama | C\u00e2ncer de mama"},"image":{"@id":"https:\/\/femama.org.br\/site\/#\/schema\/logo\/image\/"},"sameAs":["https:\/\/www.facebook.com\/femamabrasil","https:\/\/x.com\/femama_","https:\/\/www.instagram.com\/femama.brasil\/","https:\/\/www.youtube.com\/user\/femamaorg"]},{"@type":"Person","@id":"https:\/\/femama.org.br\/site\/#\/schema\/person\/ed83a17236fa12a9cfd26890f0e3474e","name":"Femama","image":{"@type":"ImageObject","inLanguage":"pt-BR","@id":"https:\/\/secure.gravatar.com\/avatar\/fd7fd20674373e7845d94c5ca7e2b795136bf59683c50d1207584f3ec4caf04a?s=96&d=mm&r=g","url":"https:\/\/secure.gravatar.com\/avatar\/fd7fd20674373e7845d94c5ca7e2b795136bf59683c50d1207584f3ec4caf04a?s=96&d=mm&r=g","contentUrl":"https:\/\/secure.gravatar.com\/avatar\/fd7fd20674373e7845d94c5ca7e2b795136bf59683c50d1207584f3ec4caf04a?s=96&d=mm&r=g","caption":"Femama"}}]}},"_links":{"self":[{"href":"https:\/\/femama.org.br\/site\/wp-json\/wp\/v2\/posts\/26529","targetHints":{"allow":["GET"]}}],"collection":[{"href":"https:\/\/femama.org.br\/site\/wp-json\/wp\/v2\/posts"}],"about":[{"href":"https:\/\/femama.org.br\/site\/wp-json\/wp\/v2\/types\/post"}],"author":[{"embeddable":true,"href":"https:\/\/femama.org.br\/site\/wp-json\/wp\/v2\/users\/7"}],"replies":[{"embeddable":true,"href":"https:\/\/femama.org.br\/site\/wp-json\/wp\/v2\/comments?post=26529"}],"version-history":[{"count":5,"href":"https:\/\/femama.org.br\/site\/wp-json\/wp\/v2\/posts\/26529\/revisions"}],"predecessor-version":[{"id":26545,"href":"https:\/\/femama.org.br\/site\/wp-json\/wp\/v2\/posts\/26529\/revisions\/26545"}],"wp:featuredmedia":[{"embeddable":true,"href":"https:\/\/femama.org.br\/site\/wp-json\/wp\/v2\/media\/26530"}],"wp:attachment":[{"href":"https:\/\/femama.org.br\/site\/wp-json\/wp\/v2\/media?parent=26529"}],"wp:term":[{"taxonomy":"category","embeddable":true,"href":"https:\/\/femama.org.br\/site\/wp-json\/wp\/v2\/categories?post=26529"},{"taxonomy":"post_tag","embeddable":true,"href":"https:\/\/femama.org.br\/site\/wp-json\/wp\/v2\/tags?post=26529"}],"curies":[{"name":"wp","href":"https:\/\/api.w.org\/{rel}","templated":true}]}}