{"id":26678,"date":"2025-01-24T16:58:34","date_gmt":"2025-01-24T19:58:34","guid":{"rendered":"https:\/\/femama.org.br\/site\/?p=26678"},"modified":"2025-01-24T17:18:32","modified_gmt":"2025-01-24T20:18:32","slug":"nota-da-femama-sobre-a-consulta-publica-no-144-da-ans","status":"publish","type":"post","link":"https:\/\/femama.org.br\/site\/noticias-recentes\/nota-da-femama-sobre-a-consulta-publica-no-144-da-ans\/","title":{"rendered":"Nota da FEMAMA sobre a Consulta P\u00fablica n\u00ba 144 da ANS"},"content":{"rendered":"<p><span style=\"font-weight: 400; color: #000000;\">A Consulta P\u00fablica n\u00ba 144 da ANS prop\u00f5e crit\u00e9rios para a certifica\u00e7\u00e3o de boas pr\u00e1ticas em oncologia para a sa\u00fade suplementar. Entre estes crit\u00e9rios, sugere a realiza\u00e7\u00e3o de mamografia de rastreamento de c\u00e2ncer de mama para mulheres com idade entre 50 e 69 anos, a cada dois anos, que \u00e9 a recomenda\u00e7\u00e3o atual do Instituto Nacional do C\u00e2ncer (INCA).<\/span><\/p>\n<p><span style=\"color: #000000;\"><span style=\"font-weight: 400;\">Em momento algum a FEMAMA afirmou ou comunicou que a Consulta P\u00fablica n\u00ba 144 tinha como objetivo alterar o Rol de Servi\u00e7os da ANS, nem que a mesma estaria alterando o recorte de acesso ao servi\u00e7o de rastreamento mamogr\u00e1fico para mulheres de 50 a 69 anos, a cada dois anos.<\/span><span style=\"font-weight: 400;\"><br \/>\n<\/span><span style=\"font-weight: 400;\"><br \/>\n<\/span><span style=\"font-weight: 400;\">O questionamento que vem sendo feito em rela\u00e7\u00e3o a este tema \u00e9 que tal indica\u00e7\u00e3o de idade e periodicidade <\/span><span style=\"font-weight: 400;\">como crit\u00e9rio para a certifica\u00e7\u00e3o de boas pr\u00e1ticas <\/span><span style=\"font-weight: 400;\">difere da orienta\u00e7\u00e3o de servi\u00e7os do Rol de Procedimentos da pr\u00f3pria ANS, que que inclui a realiza\u00e7\u00e3o de mamografia anual para mulheres de 40 a 69 anos em suas Diretrizes de Utiliza\u00e7\u00e3o.<\/span><\/span><\/p>\n<p><span style=\"font-weight: 400; color: #000000;\">A FEMAMA apoia fortemente a iniciativa de certifica\u00e7\u00e3o de boas pr\u00e1ticas de oncologia no Brasil e termos um selo de qualidade fornecido pela ANS merece aplausos, mas entende que para certificar as boas pr\u00e1ticas em servi\u00e7o e atendimento de qualidade devemos nos basear no que o pr\u00f3prio Rol da ANS recomenda at\u00e9 o momento.\u00a0\u00a0<\/span><\/p>\n<p><span style=\"font-weight: 400; color: #000000;\">Existem evid\u00eancias significativas, defendidas pelas sociedades m\u00e9dicas e organiza\u00e7\u00f5es da sociedade civil, de que o rastreio deve ser feito anualmente a partir dos 40 anos. Cerca de 40% dos diagn\u00f3sticos acontecem em mulheres brasileiras abaixo dos 50 anos e 22% das mortes acontecem neste grupo. Al\u00e9m disso, o rastreio a partir dos 40 pode aumentar em 25% a chance de sobrevida dessas mulheres em 10 anos.<\/span><\/p>\n<p><span style=\"font-weight: 400; color: #000000;\">O texto da consulta p\u00fablica tem gerado d\u00favidas e um amplo debate p\u00fablico, n\u00e3o pela iniciativa da ANS em certificar a qualidade dos servi\u00e7os, mas pelo fato de a ag\u00eancia oferecer um servi\u00e7o a partir de uma diretriz (Rol ANS) e propor os crit\u00e9rios para a certifica\u00e7\u00e3o de boas pr\u00e1ticas em oncologia a partir de outra (INCA).<\/span><\/p>\n<p><span style=\"font-weight: 400; color: #000000;\">Usar uma diretriz para certificar a qualidade do servi\u00e7o e outra diferente para orientar o pr\u00f3prio servi\u00e7o oferecido pode criar confus\u00e3o e afetar o acesso das mulheres a exames anuais. Profissionais da sa\u00fade podem se confundir quanto \u00e0 frequ\u00eancia recomendada para o rastreamento, impactando diretamente as decis\u00f5es de sa\u00fade das pacientes.<\/span><\/p>\n<p><span style=\"font-weight: 400; color: #000000;\">Sendo assim, a FEMAMA entende que a diverg\u00eancia de diretrizes cria um ambiente de desinforma\u00e7\u00e3o, que pode diminuir as taxas de detec\u00e7\u00e3o precoce do c\u00e2ncer de mama, afetando a sobrevida das mulheres. E al\u00e9m disso , mamografia de rastreamento anual a partir dos 40 anos pode diminuir a mortalidade dessas mulheres. Nesse sentido, solicita \u00e0 ANS a revis\u00e3o do crit\u00e9rio de somente dar SELO DE certifica\u00e7\u00e3o para 50-69 e bianual. Abre precedentes para que haja questionamento dos planos de sa\u00fade qual a pr\u00e1tica a ser adotada.<\/span><\/p>\n","protected":false},"excerpt":{"rendered":"<p>A Consulta P\u00fablica n\u00ba 144 da ANS prop\u00f5e crit\u00e9rios para a certifica\u00e7\u00e3o de boas pr\u00e1ticas em oncologia para a sa\u00fade suplementar. Entre estes crit\u00e9rios, sugere a realiza\u00e7\u00e3o de mamografia de rastreamento de c\u00e2ncer de mama para mulheres com idade entre 50 e 69 anos, a cada dois anos, que \u00e9 a recomenda\u00e7\u00e3o atual do Instituto [&hellip;]<\/p>\n","protected":false},"author":7,"featured_media":26679,"comment_status":"open","ping_status":"closed","sticky":false,"template":"","format":"standard","meta":{"_acf_changed":false,"footnotes":""},"categories":[20,17,13],"tags":[],"class_list":["post-26678","post","type-post","status-publish","format-standard","has-post-thumbnail","hentry","category-direito-dos-pacientes","category-institucional","category-noticias-recentes"],"acf":[],"yoast_head":"<!-- This site is optimized with the Yoast SEO plugin v27.5 - https:\/\/yoast.com\/product\/yoast-seo-wordpress\/ -->\n<title>Nota da FEMAMA sobre a Consulta P\u00fablica n\u00ba 144 da ANS | FEMAMA<\/title>\n<meta name=\"robots\" content=\"index, follow, max-snippet:-1, max-image-preview:large, max-video-preview:-1\" \/>\n<link rel=\"canonical\" href=\"https:\/\/femama.org.br\/site\/noticias-recentes\/nota-da-femama-sobre-a-consulta-publica-no-144-da-ans\/\" \/>\n<meta property=\"og:locale\" content=\"pt_BR\" \/>\n<meta property=\"og:type\" content=\"article\" \/>\n<meta property=\"og:title\" content=\"Nota da FEMAMA sobre a Consulta P\u00fablica n\u00ba 144 da ANS | FEMAMA\" \/>\n<meta property=\"og:description\" content=\"A Consulta P\u00fablica n\u00ba 144 da ANS prop\u00f5e crit\u00e9rios para a certifica\u00e7\u00e3o de boas pr\u00e1ticas em oncologia para a sa\u00fade suplementar. Entre estes crit\u00e9rios, sugere a realiza\u00e7\u00e3o de mamografia de rastreamento de c\u00e2ncer de mama para mulheres com idade entre 50 e 69 anos, a cada dois anos, que \u00e9 a recomenda\u00e7\u00e3o atual do Instituto [&hellip;]\" \/>\n<meta property=\"og:url\" content=\"https:\/\/femama.org.br\/site\/noticias-recentes\/nota-da-femama-sobre-a-consulta-publica-no-144-da-ans\/\" \/>\n<meta property=\"og:site_name\" content=\"FEMAMA\" \/>\n<meta property=\"article:publisher\" content=\"https:\/\/www.facebook.com\/femamabrasil\" \/>\n<meta property=\"article:published_time\" content=\"2025-01-24T19:58:34+00:00\" \/>\n<meta property=\"article:modified_time\" content=\"2025-01-24T20:18:32+00:00\" \/>\n<meta property=\"og:image\" content=\"https:\/\/femama.org.br\/site\/wp-content\/uploads\/2025\/01\/Nota-ANS-144.png\" \/>\n\t<meta property=\"og:image:width\" content=\"6912\" \/>\n\t<meta property=\"og:image:height\" content=\"3456\" \/>\n\t<meta property=\"og:image:type\" content=\"image\/png\" \/>\n<meta name=\"author\" content=\"Femama\" \/>\n<meta name=\"twitter:card\" content=\"summary_large_image\" \/>\n<meta name=\"twitter:creator\" content=\"@femama_\" \/>\n<meta name=\"twitter:site\" content=\"@femama_\" \/>\n<meta name=\"twitter:label1\" content=\"Escrito por\" \/>\n\t<meta name=\"twitter:data1\" content=\"Femama\" \/>\n\t<meta name=\"twitter:label2\" content=\"Est. tempo de leitura\" \/>\n\t<meta name=\"twitter:data2\" content=\"3 minutos\" \/>\n<script type=\"application\/ld+json\" class=\"yoast-schema-graph\">{\"@context\":\"https:\\\/\\\/schema.org\",\"@graph\":[{\"@type\":\"Article\",\"@id\":\"https:\\\/\\\/femama.org.br\\\/site\\\/noticias-recentes\\\/nota-da-femama-sobre-a-consulta-publica-no-144-da-ans\\\/#article\",\"isPartOf\":{\"@id\":\"https:\\\/\\\/femama.org.br\\\/site\\\/noticias-recentes\\\/nota-da-femama-sobre-a-consulta-publica-no-144-da-ans\\\/\"},\"author\":{\"name\":\"Femama\",\"@id\":\"https:\\\/\\\/femama.org.br\\\/site\\\/#\\\/schema\\\/person\\\/ed83a17236fa12a9cfd26890f0e3474e\"},\"headline\":\"Nota da FEMAMA sobre a Consulta P\u00fablica n\u00ba 144 da ANS\",\"datePublished\":\"2025-01-24T19:58:34+00:00\",\"dateModified\":\"2025-01-24T20:18:32+00:00\",\"mainEntityOfPage\":{\"@id\":\"https:\\\/\\\/femama.org.br\\\/site\\\/noticias-recentes\\\/nota-da-femama-sobre-a-consulta-publica-no-144-da-ans\\\/\"},\"wordCount\":535,\"commentCount\":0,\"publisher\":{\"@id\":\"https:\\\/\\\/femama.org.br\\\/site\\\/#organization\"},\"image\":{\"@id\":\"https:\\\/\\\/femama.org.br\\\/site\\\/noticias-recentes\\\/nota-da-femama-sobre-a-consulta-publica-no-144-da-ans\\\/#primaryimage\"},\"thumbnailUrl\":\"https:\\\/\\\/femama.org.br\\\/site\\\/wp-content\\\/uploads\\\/2025\\\/01\\\/Nota-ANS-144.png\",\"articleSection\":[\"Direito dos Pacientes\",\"Institucional\",\"Not\u00edcias recentes\"],\"inLanguage\":\"pt-BR\",\"potentialAction\":[{\"@type\":\"CommentAction\",\"name\":\"Comment\",\"target\":[\"https:\\\/\\\/femama.org.br\\\/site\\\/noticias-recentes\\\/nota-da-femama-sobre-a-consulta-publica-no-144-da-ans\\\/#respond\"]}]},{\"@type\":\"WebPage\",\"@id\":\"https:\\\/\\\/femama.org.br\\\/site\\\/noticias-recentes\\\/nota-da-femama-sobre-a-consulta-publica-no-144-da-ans\\\/\",\"url\":\"https:\\\/\\\/femama.org.br\\\/site\\\/noticias-recentes\\\/nota-da-femama-sobre-a-consulta-publica-no-144-da-ans\\\/\",\"name\":\"Nota da FEMAMA sobre a Consulta P\u00fablica n\u00ba 144 da ANS | FEMAMA\",\"isPartOf\":{\"@id\":\"https:\\\/\\\/femama.org.br\\\/site\\\/#website\"},\"primaryImageOfPage\":{\"@id\":\"https:\\\/\\\/femama.org.br\\\/site\\\/noticias-recentes\\\/nota-da-femama-sobre-a-consulta-publica-no-144-da-ans\\\/#primaryimage\"},\"image\":{\"@id\":\"https:\\\/\\\/femama.org.br\\\/site\\\/noticias-recentes\\\/nota-da-femama-sobre-a-consulta-publica-no-144-da-ans\\\/#primaryimage\"},\"thumbnailUrl\":\"https:\\\/\\\/femama.org.br\\\/site\\\/wp-content\\\/uploads\\\/2025\\\/01\\\/Nota-ANS-144.png\",\"datePublished\":\"2025-01-24T19:58:34+00:00\",\"dateModified\":\"2025-01-24T20:18:32+00:00\",\"breadcrumb\":{\"@id\":\"https:\\\/\\\/femama.org.br\\\/site\\\/noticias-recentes\\\/nota-da-femama-sobre-a-consulta-publica-no-144-da-ans\\\/#breadcrumb\"},\"inLanguage\":\"pt-BR\",\"potentialAction\":[{\"@type\":\"ReadAction\",\"target\":[\"https:\\\/\\\/femama.org.br\\\/site\\\/noticias-recentes\\\/nota-da-femama-sobre-a-consulta-publica-no-144-da-ans\\\/\"]}]},{\"@type\":\"ImageObject\",\"inLanguage\":\"pt-BR\",\"@id\":\"https:\\\/\\\/femama.org.br\\\/site\\\/noticias-recentes\\\/nota-da-femama-sobre-a-consulta-publica-no-144-da-ans\\\/#primaryimage\",\"url\":\"https:\\\/\\\/femama.org.br\\\/site\\\/wp-content\\\/uploads\\\/2025\\\/01\\\/Nota-ANS-144.png\",\"contentUrl\":\"https:\\\/\\\/femama.org.br\\\/site\\\/wp-content\\\/uploads\\\/2025\\\/01\\\/Nota-ANS-144.png\",\"width\":6912,\"height\":3456},{\"@type\":\"BreadcrumbList\",\"@id\":\"https:\\\/\\\/femama.org.br\\\/site\\\/noticias-recentes\\\/nota-da-femama-sobre-a-consulta-publica-no-144-da-ans\\\/#breadcrumb\",\"itemListElement\":[{\"@type\":\"ListItem\",\"position\":1,\"name\":\"In\u00edcio\",\"item\":\"https:\\\/\\\/femama.org.br\\\/site\\\/\"},{\"@type\":\"ListItem\",\"position\":2,\"name\":\"Nota da FEMAMA sobre a Consulta P\u00fablica n\u00ba 144 da ANS\"}]},{\"@type\":\"WebSite\",\"@id\":\"https:\\\/\\\/femama.org.br\\\/site\\\/#website\",\"url\":\"https:\\\/\\\/femama.org.br\\\/site\\\/\",\"name\":\"FEMAMA\",\"description\":\"Federa\u00e7\u00e3o Brasileira de Institui\u00e7\u00f5es Filantr\u00f3picas de Apoio \u00e0 Sa\u00fade da Mama | C\u00e2ncer de mama\",\"publisher\":{\"@id\":\"https:\\\/\\\/femama.org.br\\\/site\\\/#organization\"},\"potentialAction\":[{\"@type\":\"SearchAction\",\"target\":{\"@type\":\"EntryPoint\",\"urlTemplate\":\"https:\\\/\\\/femama.org.br\\\/site\\\/?s={search_term_string}\"},\"query-input\":{\"@type\":\"PropertyValueSpecification\",\"valueRequired\":true,\"valueName\":\"search_term_string\"}}],\"inLanguage\":\"pt-BR\"},{\"@type\":\"Organization\",\"@id\":\"https:\\\/\\\/femama.org.br\\\/site\\\/#organization\",\"name\":\"Femama | Federa\u00e7\u00e3o Brasileira de Institui\u00e7\u00f5es Filantr\u00f3picas de Apoio \u00e0 Sa\u00fade da Mama | C\u00e2ncer de mama\",\"url\":\"https:\\\/\\\/femama.org.br\\\/site\\\/\",\"logo\":{\"@type\":\"ImageObject\",\"inLanguage\":\"pt-BR\",\"@id\":\"https:\\\/\\\/femama.org.br\\\/site\\\/#\\\/schema\\\/logo\\\/image\\\/\",\"url\":\"https:\\\/\\\/femama.org.br\\\/site\\\/wp-content\\\/uploads\\\/2021\\\/12\\\/logotipo-femama-horizontal.png\",\"contentUrl\":\"https:\\\/\\\/femama.org.br\\\/site\\\/wp-content\\\/uploads\\\/2021\\\/12\\\/logotipo-femama-horizontal.png\",\"width\":300,\"height\":92,\"caption\":\"Femama | Federa\u00e7\u00e3o Brasileira de Institui\u00e7\u00f5es Filantr\u00f3picas de Apoio \u00e0 Sa\u00fade da Mama | C\u00e2ncer de mama\"},\"image\":{\"@id\":\"https:\\\/\\\/femama.org.br\\\/site\\\/#\\\/schema\\\/logo\\\/image\\\/\"},\"sameAs\":[\"https:\\\/\\\/www.facebook.com\\\/femamabrasil\",\"https:\\\/\\\/x.com\\\/femama_\",\"https:\\\/\\\/www.instagram.com\\\/femama.brasil\\\/\",\"https:\\\/\\\/www.youtube.com\\\/user\\\/femamaorg\"]},{\"@type\":\"Person\",\"@id\":\"https:\\\/\\\/femama.org.br\\\/site\\\/#\\\/schema\\\/person\\\/ed83a17236fa12a9cfd26890f0e3474e\",\"name\":\"Femama\",\"image\":{\"@type\":\"ImageObject\",\"inLanguage\":\"pt-BR\",\"@id\":\"https:\\\/\\\/secure.gravatar.com\\\/avatar\\\/fd7fd20674373e7845d94c5ca7e2b795136bf59683c50d1207584f3ec4caf04a?s=96&d=mm&r=g\",\"url\":\"https:\\\/\\\/secure.gravatar.com\\\/avatar\\\/fd7fd20674373e7845d94c5ca7e2b795136bf59683c50d1207584f3ec4caf04a?s=96&d=mm&r=g\",\"contentUrl\":\"https:\\\/\\\/secure.gravatar.com\\\/avatar\\\/fd7fd20674373e7845d94c5ca7e2b795136bf59683c50d1207584f3ec4caf04a?s=96&d=mm&r=g\",\"caption\":\"Femama\"}}]}<\/script>\n<!-- \/ Yoast SEO plugin. -->","yoast_head_json":{"title":"Nota da FEMAMA sobre a Consulta P\u00fablica n\u00ba 144 da ANS | FEMAMA","robots":{"index":"index","follow":"follow","max-snippet":"max-snippet:-1","max-image-preview":"max-image-preview:large","max-video-preview":"max-video-preview:-1"},"canonical":"https:\/\/femama.org.br\/site\/noticias-recentes\/nota-da-femama-sobre-a-consulta-publica-no-144-da-ans\/","og_locale":"pt_BR","og_type":"article","og_title":"Nota da FEMAMA sobre a Consulta P\u00fablica n\u00ba 144 da ANS | FEMAMA","og_description":"A Consulta P\u00fablica n\u00ba 144 da ANS prop\u00f5e crit\u00e9rios para a certifica\u00e7\u00e3o de boas pr\u00e1ticas em oncologia para a sa\u00fade suplementar. Entre estes crit\u00e9rios, sugere a realiza\u00e7\u00e3o de mamografia de rastreamento de c\u00e2ncer de mama para mulheres com idade entre 50 e 69 anos, a cada dois anos, que \u00e9 a recomenda\u00e7\u00e3o atual do Instituto [&hellip;]","og_url":"https:\/\/femama.org.br\/site\/noticias-recentes\/nota-da-femama-sobre-a-consulta-publica-no-144-da-ans\/","og_site_name":"FEMAMA","article_publisher":"https:\/\/www.facebook.com\/femamabrasil","article_published_time":"2025-01-24T19:58:34+00:00","article_modified_time":"2025-01-24T20:18:32+00:00","og_image":[{"width":6912,"height":3456,"url":"https:\/\/femama.org.br\/site\/wp-content\/uploads\/2025\/01\/Nota-ANS-144.png","type":"image\/png"}],"author":"Femama","twitter_card":"summary_large_image","twitter_creator":"@femama_","twitter_site":"@femama_","twitter_misc":{"Escrito por":"Femama","Est. tempo de leitura":"3 minutos"},"schema":{"@context":"https:\/\/schema.org","@graph":[{"@type":"Article","@id":"https:\/\/femama.org.br\/site\/noticias-recentes\/nota-da-femama-sobre-a-consulta-publica-no-144-da-ans\/#article","isPartOf":{"@id":"https:\/\/femama.org.br\/site\/noticias-recentes\/nota-da-femama-sobre-a-consulta-publica-no-144-da-ans\/"},"author":{"name":"Femama","@id":"https:\/\/femama.org.br\/site\/#\/schema\/person\/ed83a17236fa12a9cfd26890f0e3474e"},"headline":"Nota da FEMAMA sobre a Consulta P\u00fablica n\u00ba 144 da ANS","datePublished":"2025-01-24T19:58:34+00:00","dateModified":"2025-01-24T20:18:32+00:00","mainEntityOfPage":{"@id":"https:\/\/femama.org.br\/site\/noticias-recentes\/nota-da-femama-sobre-a-consulta-publica-no-144-da-ans\/"},"wordCount":535,"commentCount":0,"publisher":{"@id":"https:\/\/femama.org.br\/site\/#organization"},"image":{"@id":"https:\/\/femama.org.br\/site\/noticias-recentes\/nota-da-femama-sobre-a-consulta-publica-no-144-da-ans\/#primaryimage"},"thumbnailUrl":"https:\/\/femama.org.br\/site\/wp-content\/uploads\/2025\/01\/Nota-ANS-144.png","articleSection":["Direito dos Pacientes","Institucional","Not\u00edcias recentes"],"inLanguage":"pt-BR","potentialAction":[{"@type":"CommentAction","name":"Comment","target":["https:\/\/femama.org.br\/site\/noticias-recentes\/nota-da-femama-sobre-a-consulta-publica-no-144-da-ans\/#respond"]}]},{"@type":"WebPage","@id":"https:\/\/femama.org.br\/site\/noticias-recentes\/nota-da-femama-sobre-a-consulta-publica-no-144-da-ans\/","url":"https:\/\/femama.org.br\/site\/noticias-recentes\/nota-da-femama-sobre-a-consulta-publica-no-144-da-ans\/","name":"Nota da FEMAMA sobre a Consulta P\u00fablica n\u00ba 144 da ANS | FEMAMA","isPartOf":{"@id":"https:\/\/femama.org.br\/site\/#website"},"primaryImageOfPage":{"@id":"https:\/\/femama.org.br\/site\/noticias-recentes\/nota-da-femama-sobre-a-consulta-publica-no-144-da-ans\/#primaryimage"},"image":{"@id":"https:\/\/femama.org.br\/site\/noticias-recentes\/nota-da-femama-sobre-a-consulta-publica-no-144-da-ans\/#primaryimage"},"thumbnailUrl":"https:\/\/femama.org.br\/site\/wp-content\/uploads\/2025\/01\/Nota-ANS-144.png","datePublished":"2025-01-24T19:58:34+00:00","dateModified":"2025-01-24T20:18:32+00:00","breadcrumb":{"@id":"https:\/\/femama.org.br\/site\/noticias-recentes\/nota-da-femama-sobre-a-consulta-publica-no-144-da-ans\/#breadcrumb"},"inLanguage":"pt-BR","potentialAction":[{"@type":"ReadAction","target":["https:\/\/femama.org.br\/site\/noticias-recentes\/nota-da-femama-sobre-a-consulta-publica-no-144-da-ans\/"]}]},{"@type":"ImageObject","inLanguage":"pt-BR","@id":"https:\/\/femama.org.br\/site\/noticias-recentes\/nota-da-femama-sobre-a-consulta-publica-no-144-da-ans\/#primaryimage","url":"https:\/\/femama.org.br\/site\/wp-content\/uploads\/2025\/01\/Nota-ANS-144.png","contentUrl":"https:\/\/femama.org.br\/site\/wp-content\/uploads\/2025\/01\/Nota-ANS-144.png","width":6912,"height":3456},{"@type":"BreadcrumbList","@id":"https:\/\/femama.org.br\/site\/noticias-recentes\/nota-da-femama-sobre-a-consulta-publica-no-144-da-ans\/#breadcrumb","itemListElement":[{"@type":"ListItem","position":1,"name":"In\u00edcio","item":"https:\/\/femama.org.br\/site\/"},{"@type":"ListItem","position":2,"name":"Nota da FEMAMA sobre a Consulta P\u00fablica n\u00ba 144 da ANS"}]},{"@type":"WebSite","@id":"https:\/\/femama.org.br\/site\/#website","url":"https:\/\/femama.org.br\/site\/","name":"FEMAMA","description":"Federa\u00e7\u00e3o Brasileira de Institui\u00e7\u00f5es Filantr\u00f3picas de Apoio \u00e0 Sa\u00fade da Mama | C\u00e2ncer de mama","publisher":{"@id":"https:\/\/femama.org.br\/site\/#organization"},"potentialAction":[{"@type":"SearchAction","target":{"@type":"EntryPoint","urlTemplate":"https:\/\/femama.org.br\/site\/?s={search_term_string}"},"query-input":{"@type":"PropertyValueSpecification","valueRequired":true,"valueName":"search_term_string"}}],"inLanguage":"pt-BR"},{"@type":"Organization","@id":"https:\/\/femama.org.br\/site\/#organization","name":"Femama | Federa\u00e7\u00e3o Brasileira de Institui\u00e7\u00f5es Filantr\u00f3picas de Apoio \u00e0 Sa\u00fade da Mama | C\u00e2ncer de mama","url":"https:\/\/femama.org.br\/site\/","logo":{"@type":"ImageObject","inLanguage":"pt-BR","@id":"https:\/\/femama.org.br\/site\/#\/schema\/logo\/image\/","url":"https:\/\/femama.org.br\/site\/wp-content\/uploads\/2021\/12\/logotipo-femama-horizontal.png","contentUrl":"https:\/\/femama.org.br\/site\/wp-content\/uploads\/2021\/12\/logotipo-femama-horizontal.png","width":300,"height":92,"caption":"Femama | Federa\u00e7\u00e3o Brasileira de Institui\u00e7\u00f5es Filantr\u00f3picas de Apoio \u00e0 Sa\u00fade da Mama | C\u00e2ncer de mama"},"image":{"@id":"https:\/\/femama.org.br\/site\/#\/schema\/logo\/image\/"},"sameAs":["https:\/\/www.facebook.com\/femamabrasil","https:\/\/x.com\/femama_","https:\/\/www.instagram.com\/femama.brasil\/","https:\/\/www.youtube.com\/user\/femamaorg"]},{"@type":"Person","@id":"https:\/\/femama.org.br\/site\/#\/schema\/person\/ed83a17236fa12a9cfd26890f0e3474e","name":"Femama","image":{"@type":"ImageObject","inLanguage":"pt-BR","@id":"https:\/\/secure.gravatar.com\/avatar\/fd7fd20674373e7845d94c5ca7e2b795136bf59683c50d1207584f3ec4caf04a?s=96&d=mm&r=g","url":"https:\/\/secure.gravatar.com\/avatar\/fd7fd20674373e7845d94c5ca7e2b795136bf59683c50d1207584f3ec4caf04a?s=96&d=mm&r=g","contentUrl":"https:\/\/secure.gravatar.com\/avatar\/fd7fd20674373e7845d94c5ca7e2b795136bf59683c50d1207584f3ec4caf04a?s=96&d=mm&r=g","caption":"Femama"}}]}},"_links":{"self":[{"href":"https:\/\/femama.org.br\/site\/wp-json\/wp\/v2\/posts\/26678","targetHints":{"allow":["GET"]}}],"collection":[{"href":"https:\/\/femama.org.br\/site\/wp-json\/wp\/v2\/posts"}],"about":[{"href":"https:\/\/femama.org.br\/site\/wp-json\/wp\/v2\/types\/post"}],"author":[{"embeddable":true,"href":"https:\/\/femama.org.br\/site\/wp-json\/wp\/v2\/users\/7"}],"replies":[{"embeddable":true,"href":"https:\/\/femama.org.br\/site\/wp-json\/wp\/v2\/comments?post=26678"}],"version-history":[{"count":3,"href":"https:\/\/femama.org.br\/site\/wp-json\/wp\/v2\/posts\/26678\/revisions"}],"predecessor-version":[{"id":26682,"href":"https:\/\/femama.org.br\/site\/wp-json\/wp\/v2\/posts\/26678\/revisions\/26682"}],"wp:featuredmedia":[{"embeddable":true,"href":"https:\/\/femama.org.br\/site\/wp-json\/wp\/v2\/media\/26679"}],"wp:attachment":[{"href":"https:\/\/femama.org.br\/site\/wp-json\/wp\/v2\/media?parent=26678"}],"wp:term":[{"taxonomy":"category","embeddable":true,"href":"https:\/\/femama.org.br\/site\/wp-json\/wp\/v2\/categories?post=26678"},{"taxonomy":"post_tag","embeddable":true,"href":"https:\/\/femama.org.br\/site\/wp-json\/wp\/v2\/tags?post=26678"}],"curies":[{"name":"wp","href":"https:\/\/api.w.org\/{rel}","templated":true}]}}