{"id":26685,"date":"2025-01-28T14:53:04","date_gmt":"2025-01-28T17:53:04","guid":{"rendered":"https:\/\/femama.org.br\/site\/?p=26685"},"modified":"2025-01-28T14:57:56","modified_gmt":"2025-01-28T17:57:56","slug":"femama-participa-de-reuniao-com-ans-e-sociedades-medicas-para-discutir-a-consulta-publica-144","status":"publish","type":"post","link":"https:\/\/femama.org.br\/site\/noticias-recentes\/femama-participa-de-reuniao-com-ans-e-sociedades-medicas-para-discutir-a-consulta-publica-144\/","title":{"rendered":"FEMAMA PARTICIPA DE REUNI\u00c3O COM ANS E SOCIEDADES M\u00c9DICAS PARA DISCUTIR A CONSULTA P\u00daBLICA 144"},"content":{"rendered":"<p><span style=\"color: #000000;\">No dia 27 participamos de de um encontro t\u00e9cnico promovido pela Ag\u00eancia Nacional de Sa\u00fade (ANS) para discutir a CP144 que tratou dos crit\u00e9rios de pontua\u00e7\u00e3o sugeridos pela ANS para o Programa de Certifica\u00e7\u00e3o de Boas Pr\u00e1ticas em Aten\u00e7\u00e3o Oncol\u00f3gica \u2013 OncoRede, especificamente no que diz respeito ao rastreamento populacional para o c\u00e2ncer de mama. A CP144, encerrada no dia 24, recebeu mais de 63 mil contribui\u00e7\u00f5es e contou com ampla ades\u00e3o de organiza\u00e7\u00f5es da sociedade civil e pacientes oncol\u00f3gicos.<\/span><\/p>\n<p><span style=\"color: #000000;\">Como representantes dos direitos dos pacientes oncol\u00f3gicos, ressaltamos a import\u00e2ncia de incluir tamb\u00e9m as mulheres com idades de 40 a 49 anos no programa, com base nas evid\u00eancias dispon\u00edveis em estudos recentes, o que \u00e9 apoiado pelas sociedades m\u00e9dicas. Ao final do encontro, a ANS concedeu um prazo de 30 dias para que sejam apresentados estudos e dados que possam aprimorar a proposta.<\/span><\/p>\n<p><span style=\"color: #000000;\">Seguiremos acompanhando essa situa\u00e7\u00e3o e participando de espa\u00e7os de discuss\u00e3o. Nosso compromisso \u00e9 levar a demanda dos pacientes de todo o pa\u00eds com vistas a qualificar o servi\u00e7o de oncologia, tanto na rede p\u00fablica como na rede privada.<\/span><\/p>\n","protected":false},"excerpt":{"rendered":"<p>No dia 27 participamos de de um encontro t\u00e9cnico promovido pela Ag\u00eancia Nacional de Sa\u00fade (ANS) para discutir a CP144 que tratou dos crit\u00e9rios de pontua\u00e7\u00e3o sugeridos pela ANS para o Programa de Certifica\u00e7\u00e3o de Boas Pr\u00e1ticas em Aten\u00e7\u00e3o Oncol\u00f3gica \u2013 OncoRede, especificamente no que diz respeito ao rastreamento populacional para o c\u00e2ncer de mama. [&hellip;]<\/p>\n","protected":false},"author":7,"featured_media":26686,"comment_status":"open","ping_status":"closed","sticky":false,"template":"","format":"standard","meta":{"_acf_changed":false,"footnotes":""},"categories":[19,20,17,13],"tags":[],"class_list":["post-26685","post","type-post","status-publish","format-standard","has-post-thumbnail","hentry","category-advocacy","category-direito-dos-pacientes","category-institucional","category-noticias-recentes"],"acf":[],"yoast_head":"<!-- This site is optimized with the Yoast SEO plugin v27.5 - https:\/\/yoast.com\/product\/yoast-seo-wordpress\/ -->\n<title>FEMAMA PARTICIPA DE REUNI\u00c3O COM ANS E SOCIEDADES M\u00c9DICAS PARA DISCUTIR A CONSULTA P\u00daBLICA 144 | FEMAMA<\/title>\n<meta name=\"robots\" content=\"index, follow, max-snippet:-1, max-image-preview:large, max-video-preview:-1\" \/>\n<link rel=\"canonical\" href=\"https:\/\/femama.org.br\/site\/noticias-recentes\/femama-participa-de-reuniao-com-ans-e-sociedades-medicas-para-discutir-a-consulta-publica-144\/\" \/>\n<meta property=\"og:locale\" content=\"pt_BR\" \/>\n<meta property=\"og:type\" content=\"article\" \/>\n<meta property=\"og:title\" content=\"FEMAMA PARTICIPA DE REUNI\u00c3O COM ANS E SOCIEDADES M\u00c9DICAS PARA DISCUTIR A CONSULTA P\u00daBLICA 144 | FEMAMA\" \/>\n<meta property=\"og:description\" content=\"No dia 27 participamos de de um encontro t\u00e9cnico promovido pela Ag\u00eancia Nacional de Sa\u00fade (ANS) para discutir a CP144 que tratou dos crit\u00e9rios de pontua\u00e7\u00e3o sugeridos pela ANS para o Programa de Certifica\u00e7\u00e3o de Boas Pr\u00e1ticas em Aten\u00e7\u00e3o Oncol\u00f3gica \u2013 OncoRede, especificamente no que diz respeito ao rastreamento populacional para o c\u00e2ncer de mama. [&hellip;]\" \/>\n<meta property=\"og:url\" content=\"https:\/\/femama.org.br\/site\/noticias-recentes\/femama-participa-de-reuniao-com-ans-e-sociedades-medicas-para-discutir-a-consulta-publica-144\/\" \/>\n<meta property=\"og:site_name\" content=\"FEMAMA\" \/>\n<meta property=\"article:publisher\" content=\"https:\/\/www.facebook.com\/femamabrasil\" \/>\n<meta property=\"article:published_time\" content=\"2025-01-28T17:53:04+00:00\" \/>\n<meta property=\"article:modified_time\" content=\"2025-01-28T17:57:56+00:00\" \/>\n<meta property=\"og:image\" content=\"https:\/\/femama.org.br\/site\/wp-content\/uploads\/2025\/01\/144-1.png\" \/>\n\t<meta property=\"og:image:width\" content=\"1800\" \/>\n\t<meta property=\"og:image:height\" content=\"800\" \/>\n\t<meta property=\"og:image:type\" content=\"image\/png\" \/>\n<meta name=\"author\" content=\"Femama\" \/>\n<meta name=\"twitter:card\" content=\"summary_large_image\" \/>\n<meta name=\"twitter:creator\" content=\"@femama_\" \/>\n<meta name=\"twitter:site\" content=\"@femama_\" \/>\n<meta name=\"twitter:label1\" content=\"Escrito por\" \/>\n\t<meta name=\"twitter:data1\" content=\"Femama\" \/>\n\t<meta name=\"twitter:label2\" content=\"Est. tempo de leitura\" \/>\n\t<meta name=\"twitter:data2\" content=\"2 minutos\" \/>\n<script type=\"application\/ld+json\" class=\"yoast-schema-graph\">{\"@context\":\"https:\\\/\\\/schema.org\",\"@graph\":[{\"@type\":\"Article\",\"@id\":\"https:\\\/\\\/femama.org.br\\\/site\\\/noticias-recentes\\\/femama-participa-de-reuniao-com-ans-e-sociedades-medicas-para-discutir-a-consulta-publica-144\\\/#article\",\"isPartOf\":{\"@id\":\"https:\\\/\\\/femama.org.br\\\/site\\\/noticias-recentes\\\/femama-participa-de-reuniao-com-ans-e-sociedades-medicas-para-discutir-a-consulta-publica-144\\\/\"},\"author\":{\"name\":\"Femama\",\"@id\":\"https:\\\/\\\/femama.org.br\\\/site\\\/#\\\/schema\\\/person\\\/ed83a17236fa12a9cfd26890f0e3474e\"},\"headline\":\"FEMAMA PARTICIPA DE REUNI\u00c3O COM ANS E SOCIEDADES M\u00c9DICAS PARA DISCUTIR A CONSULTA P\u00daBLICA 144\",\"datePublished\":\"2025-01-28T17:53:04+00:00\",\"dateModified\":\"2025-01-28T17:57:56+00:00\",\"mainEntityOfPage\":{\"@id\":\"https:\\\/\\\/femama.org.br\\\/site\\\/noticias-recentes\\\/femama-participa-de-reuniao-com-ans-e-sociedades-medicas-para-discutir-a-consulta-publica-144\\\/\"},\"wordCount\":215,\"commentCount\":0,\"publisher\":{\"@id\":\"https:\\\/\\\/femama.org.br\\\/site\\\/#organization\"},\"image\":{\"@id\":\"https:\\\/\\\/femama.org.br\\\/site\\\/noticias-recentes\\\/femama-participa-de-reuniao-com-ans-e-sociedades-medicas-para-discutir-a-consulta-publica-144\\\/#primaryimage\"},\"thumbnailUrl\":\"https:\\\/\\\/femama.org.br\\\/site\\\/wp-content\\\/uploads\\\/2025\\\/01\\\/144-1.png\",\"articleSection\":[\"Advocacy\",\"Direito dos Pacientes\",\"Institucional\",\"Not\u00edcias recentes\"],\"inLanguage\":\"pt-BR\",\"potentialAction\":[{\"@type\":\"CommentAction\",\"name\":\"Comment\",\"target\":[\"https:\\\/\\\/femama.org.br\\\/site\\\/noticias-recentes\\\/femama-participa-de-reuniao-com-ans-e-sociedades-medicas-para-discutir-a-consulta-publica-144\\\/#respond\"]}]},{\"@type\":\"WebPage\",\"@id\":\"https:\\\/\\\/femama.org.br\\\/site\\\/noticias-recentes\\\/femama-participa-de-reuniao-com-ans-e-sociedades-medicas-para-discutir-a-consulta-publica-144\\\/\",\"url\":\"https:\\\/\\\/femama.org.br\\\/site\\\/noticias-recentes\\\/femama-participa-de-reuniao-com-ans-e-sociedades-medicas-para-discutir-a-consulta-publica-144\\\/\",\"name\":\"FEMAMA PARTICIPA DE REUNI\u00c3O COM ANS E SOCIEDADES M\u00c9DICAS PARA DISCUTIR A CONSULTA P\u00daBLICA 144 | FEMAMA\",\"isPartOf\":{\"@id\":\"https:\\\/\\\/femama.org.br\\\/site\\\/#website\"},\"primaryImageOfPage\":{\"@id\":\"https:\\\/\\\/femama.org.br\\\/site\\\/noticias-recentes\\\/femama-participa-de-reuniao-com-ans-e-sociedades-medicas-para-discutir-a-consulta-publica-144\\\/#primaryimage\"},\"image\":{\"@id\":\"https:\\\/\\\/femama.org.br\\\/site\\\/noticias-recentes\\\/femama-participa-de-reuniao-com-ans-e-sociedades-medicas-para-discutir-a-consulta-publica-144\\\/#primaryimage\"},\"thumbnailUrl\":\"https:\\\/\\\/femama.org.br\\\/site\\\/wp-content\\\/uploads\\\/2025\\\/01\\\/144-1.png\",\"datePublished\":\"2025-01-28T17:53:04+00:00\",\"dateModified\":\"2025-01-28T17:57:56+00:00\",\"breadcrumb\":{\"@id\":\"https:\\\/\\\/femama.org.br\\\/site\\\/noticias-recentes\\\/femama-participa-de-reuniao-com-ans-e-sociedades-medicas-para-discutir-a-consulta-publica-144\\\/#breadcrumb\"},\"inLanguage\":\"pt-BR\",\"potentialAction\":[{\"@type\":\"ReadAction\",\"target\":[\"https:\\\/\\\/femama.org.br\\\/site\\\/noticias-recentes\\\/femama-participa-de-reuniao-com-ans-e-sociedades-medicas-para-discutir-a-consulta-publica-144\\\/\"]}]},{\"@type\":\"ImageObject\",\"inLanguage\":\"pt-BR\",\"@id\":\"https:\\\/\\\/femama.org.br\\\/site\\\/noticias-recentes\\\/femama-participa-de-reuniao-com-ans-e-sociedades-medicas-para-discutir-a-consulta-publica-144\\\/#primaryimage\",\"url\":\"https:\\\/\\\/femama.org.br\\\/site\\\/wp-content\\\/uploads\\\/2025\\\/01\\\/144-1.png\",\"contentUrl\":\"https:\\\/\\\/femama.org.br\\\/site\\\/wp-content\\\/uploads\\\/2025\\\/01\\\/144-1.png\",\"width\":1800,\"height\":800},{\"@type\":\"BreadcrumbList\",\"@id\":\"https:\\\/\\\/femama.org.br\\\/site\\\/noticias-recentes\\\/femama-participa-de-reuniao-com-ans-e-sociedades-medicas-para-discutir-a-consulta-publica-144\\\/#breadcrumb\",\"itemListElement\":[{\"@type\":\"ListItem\",\"position\":1,\"name\":\"In\u00edcio\",\"item\":\"https:\\\/\\\/femama.org.br\\\/site\\\/\"},{\"@type\":\"ListItem\",\"position\":2,\"name\":\"FEMAMA PARTICIPA DE REUNI\u00c3O COM ANS E SOCIEDADES M\u00c9DICAS PARA DISCUTIR A CONSULTA P\u00daBLICA 144\"}]},{\"@type\":\"WebSite\",\"@id\":\"https:\\\/\\\/femama.org.br\\\/site\\\/#website\",\"url\":\"https:\\\/\\\/femama.org.br\\\/site\\\/\",\"name\":\"FEMAMA\",\"description\":\"Federa\u00e7\u00e3o Brasileira de Institui\u00e7\u00f5es Filantr\u00f3picas de Apoio \u00e0 Sa\u00fade da Mama | C\u00e2ncer de mama\",\"publisher\":{\"@id\":\"https:\\\/\\\/femama.org.br\\\/site\\\/#organization\"},\"potentialAction\":[{\"@type\":\"SearchAction\",\"target\":{\"@type\":\"EntryPoint\",\"urlTemplate\":\"https:\\\/\\\/femama.org.br\\\/site\\\/?s={search_term_string}\"},\"query-input\":{\"@type\":\"PropertyValueSpecification\",\"valueRequired\":true,\"valueName\":\"search_term_string\"}}],\"inLanguage\":\"pt-BR\"},{\"@type\":\"Organization\",\"@id\":\"https:\\\/\\\/femama.org.br\\\/site\\\/#organization\",\"name\":\"Femama | Federa\u00e7\u00e3o Brasileira de Institui\u00e7\u00f5es Filantr\u00f3picas de Apoio \u00e0 Sa\u00fade da Mama | C\u00e2ncer de mama\",\"url\":\"https:\\\/\\\/femama.org.br\\\/site\\\/\",\"logo\":{\"@type\":\"ImageObject\",\"inLanguage\":\"pt-BR\",\"@id\":\"https:\\\/\\\/femama.org.br\\\/site\\\/#\\\/schema\\\/logo\\\/image\\\/\",\"url\":\"https:\\\/\\\/femama.org.br\\\/site\\\/wp-content\\\/uploads\\\/2021\\\/12\\\/logotipo-femama-horizontal.png\",\"contentUrl\":\"https:\\\/\\\/femama.org.br\\\/site\\\/wp-content\\\/uploads\\\/2021\\\/12\\\/logotipo-femama-horizontal.png\",\"width\":300,\"height\":92,\"caption\":\"Femama | Federa\u00e7\u00e3o Brasileira de Institui\u00e7\u00f5es Filantr\u00f3picas de Apoio \u00e0 Sa\u00fade da Mama | C\u00e2ncer de mama\"},\"image\":{\"@id\":\"https:\\\/\\\/femama.org.br\\\/site\\\/#\\\/schema\\\/logo\\\/image\\\/\"},\"sameAs\":[\"https:\\\/\\\/www.facebook.com\\\/femamabrasil\",\"https:\\\/\\\/x.com\\\/femama_\",\"https:\\\/\\\/www.instagram.com\\\/femama.brasil\\\/\",\"https:\\\/\\\/www.youtube.com\\\/user\\\/femamaorg\"]},{\"@type\":\"Person\",\"@id\":\"https:\\\/\\\/femama.org.br\\\/site\\\/#\\\/schema\\\/person\\\/ed83a17236fa12a9cfd26890f0e3474e\",\"name\":\"Femama\",\"image\":{\"@type\":\"ImageObject\",\"inLanguage\":\"pt-BR\",\"@id\":\"https:\\\/\\\/secure.gravatar.com\\\/avatar\\\/fd7fd20674373e7845d94c5ca7e2b795136bf59683c50d1207584f3ec4caf04a?s=96&d=mm&r=g\",\"url\":\"https:\\\/\\\/secure.gravatar.com\\\/avatar\\\/fd7fd20674373e7845d94c5ca7e2b795136bf59683c50d1207584f3ec4caf04a?s=96&d=mm&r=g\",\"contentUrl\":\"https:\\\/\\\/secure.gravatar.com\\\/avatar\\\/fd7fd20674373e7845d94c5ca7e2b795136bf59683c50d1207584f3ec4caf04a?s=96&d=mm&r=g\",\"caption\":\"Femama\"}}]}<\/script>\n<!-- \/ Yoast SEO plugin. -->","yoast_head_json":{"title":"FEMAMA PARTICIPA DE REUNI\u00c3O COM ANS E SOCIEDADES M\u00c9DICAS PARA DISCUTIR A CONSULTA P\u00daBLICA 144 | FEMAMA","robots":{"index":"index","follow":"follow","max-snippet":"max-snippet:-1","max-image-preview":"max-image-preview:large","max-video-preview":"max-video-preview:-1"},"canonical":"https:\/\/femama.org.br\/site\/noticias-recentes\/femama-participa-de-reuniao-com-ans-e-sociedades-medicas-para-discutir-a-consulta-publica-144\/","og_locale":"pt_BR","og_type":"article","og_title":"FEMAMA PARTICIPA DE REUNI\u00c3O COM ANS E SOCIEDADES M\u00c9DICAS PARA DISCUTIR A CONSULTA P\u00daBLICA 144 | FEMAMA","og_description":"No dia 27 participamos de de um encontro t\u00e9cnico promovido pela Ag\u00eancia Nacional de Sa\u00fade (ANS) para discutir a CP144 que tratou dos crit\u00e9rios de pontua\u00e7\u00e3o sugeridos pela ANS para o Programa de Certifica\u00e7\u00e3o de Boas Pr\u00e1ticas em Aten\u00e7\u00e3o Oncol\u00f3gica \u2013 OncoRede, especificamente no que diz respeito ao rastreamento populacional para o c\u00e2ncer de mama. [&hellip;]","og_url":"https:\/\/femama.org.br\/site\/noticias-recentes\/femama-participa-de-reuniao-com-ans-e-sociedades-medicas-para-discutir-a-consulta-publica-144\/","og_site_name":"FEMAMA","article_publisher":"https:\/\/www.facebook.com\/femamabrasil","article_published_time":"2025-01-28T17:53:04+00:00","article_modified_time":"2025-01-28T17:57:56+00:00","og_image":[{"width":1800,"height":800,"url":"https:\/\/femama.org.br\/site\/wp-content\/uploads\/2025\/01\/144-1.png","type":"image\/png"}],"author":"Femama","twitter_card":"summary_large_image","twitter_creator":"@femama_","twitter_site":"@femama_","twitter_misc":{"Escrito por":"Femama","Est. tempo de leitura":"2 minutos"},"schema":{"@context":"https:\/\/schema.org","@graph":[{"@type":"Article","@id":"https:\/\/femama.org.br\/site\/noticias-recentes\/femama-participa-de-reuniao-com-ans-e-sociedades-medicas-para-discutir-a-consulta-publica-144\/#article","isPartOf":{"@id":"https:\/\/femama.org.br\/site\/noticias-recentes\/femama-participa-de-reuniao-com-ans-e-sociedades-medicas-para-discutir-a-consulta-publica-144\/"},"author":{"name":"Femama","@id":"https:\/\/femama.org.br\/site\/#\/schema\/person\/ed83a17236fa12a9cfd26890f0e3474e"},"headline":"FEMAMA PARTICIPA DE REUNI\u00c3O COM ANS E SOCIEDADES M\u00c9DICAS PARA DISCUTIR A CONSULTA P\u00daBLICA 144","datePublished":"2025-01-28T17:53:04+00:00","dateModified":"2025-01-28T17:57:56+00:00","mainEntityOfPage":{"@id":"https:\/\/femama.org.br\/site\/noticias-recentes\/femama-participa-de-reuniao-com-ans-e-sociedades-medicas-para-discutir-a-consulta-publica-144\/"},"wordCount":215,"commentCount":0,"publisher":{"@id":"https:\/\/femama.org.br\/site\/#organization"},"image":{"@id":"https:\/\/femama.org.br\/site\/noticias-recentes\/femama-participa-de-reuniao-com-ans-e-sociedades-medicas-para-discutir-a-consulta-publica-144\/#primaryimage"},"thumbnailUrl":"https:\/\/femama.org.br\/site\/wp-content\/uploads\/2025\/01\/144-1.png","articleSection":["Advocacy","Direito dos Pacientes","Institucional","Not\u00edcias recentes"],"inLanguage":"pt-BR","potentialAction":[{"@type":"CommentAction","name":"Comment","target":["https:\/\/femama.org.br\/site\/noticias-recentes\/femama-participa-de-reuniao-com-ans-e-sociedades-medicas-para-discutir-a-consulta-publica-144\/#respond"]}]},{"@type":"WebPage","@id":"https:\/\/femama.org.br\/site\/noticias-recentes\/femama-participa-de-reuniao-com-ans-e-sociedades-medicas-para-discutir-a-consulta-publica-144\/","url":"https:\/\/femama.org.br\/site\/noticias-recentes\/femama-participa-de-reuniao-com-ans-e-sociedades-medicas-para-discutir-a-consulta-publica-144\/","name":"FEMAMA PARTICIPA DE REUNI\u00c3O COM ANS E SOCIEDADES M\u00c9DICAS PARA DISCUTIR A CONSULTA P\u00daBLICA 144 | FEMAMA","isPartOf":{"@id":"https:\/\/femama.org.br\/site\/#website"},"primaryImageOfPage":{"@id":"https:\/\/femama.org.br\/site\/noticias-recentes\/femama-participa-de-reuniao-com-ans-e-sociedades-medicas-para-discutir-a-consulta-publica-144\/#primaryimage"},"image":{"@id":"https:\/\/femama.org.br\/site\/noticias-recentes\/femama-participa-de-reuniao-com-ans-e-sociedades-medicas-para-discutir-a-consulta-publica-144\/#primaryimage"},"thumbnailUrl":"https:\/\/femama.org.br\/site\/wp-content\/uploads\/2025\/01\/144-1.png","datePublished":"2025-01-28T17:53:04+00:00","dateModified":"2025-01-28T17:57:56+00:00","breadcrumb":{"@id":"https:\/\/femama.org.br\/site\/noticias-recentes\/femama-participa-de-reuniao-com-ans-e-sociedades-medicas-para-discutir-a-consulta-publica-144\/#breadcrumb"},"inLanguage":"pt-BR","potentialAction":[{"@type":"ReadAction","target":["https:\/\/femama.org.br\/site\/noticias-recentes\/femama-participa-de-reuniao-com-ans-e-sociedades-medicas-para-discutir-a-consulta-publica-144\/"]}]},{"@type":"ImageObject","inLanguage":"pt-BR","@id":"https:\/\/femama.org.br\/site\/noticias-recentes\/femama-participa-de-reuniao-com-ans-e-sociedades-medicas-para-discutir-a-consulta-publica-144\/#primaryimage","url":"https:\/\/femama.org.br\/site\/wp-content\/uploads\/2025\/01\/144-1.png","contentUrl":"https:\/\/femama.org.br\/site\/wp-content\/uploads\/2025\/01\/144-1.png","width":1800,"height":800},{"@type":"BreadcrumbList","@id":"https:\/\/femama.org.br\/site\/noticias-recentes\/femama-participa-de-reuniao-com-ans-e-sociedades-medicas-para-discutir-a-consulta-publica-144\/#breadcrumb","itemListElement":[{"@type":"ListItem","position":1,"name":"In\u00edcio","item":"https:\/\/femama.org.br\/site\/"},{"@type":"ListItem","position":2,"name":"FEMAMA PARTICIPA DE REUNI\u00c3O COM ANS E SOCIEDADES M\u00c9DICAS PARA DISCUTIR A CONSULTA P\u00daBLICA 144"}]},{"@type":"WebSite","@id":"https:\/\/femama.org.br\/site\/#website","url":"https:\/\/femama.org.br\/site\/","name":"FEMAMA","description":"Federa\u00e7\u00e3o Brasileira de Institui\u00e7\u00f5es Filantr\u00f3picas de Apoio \u00e0 Sa\u00fade da Mama | C\u00e2ncer de mama","publisher":{"@id":"https:\/\/femama.org.br\/site\/#organization"},"potentialAction":[{"@type":"SearchAction","target":{"@type":"EntryPoint","urlTemplate":"https:\/\/femama.org.br\/site\/?s={search_term_string}"},"query-input":{"@type":"PropertyValueSpecification","valueRequired":true,"valueName":"search_term_string"}}],"inLanguage":"pt-BR"},{"@type":"Organization","@id":"https:\/\/femama.org.br\/site\/#organization","name":"Femama | Federa\u00e7\u00e3o Brasileira de Institui\u00e7\u00f5es Filantr\u00f3picas de Apoio \u00e0 Sa\u00fade da Mama | C\u00e2ncer de mama","url":"https:\/\/femama.org.br\/site\/","logo":{"@type":"ImageObject","inLanguage":"pt-BR","@id":"https:\/\/femama.org.br\/site\/#\/schema\/logo\/image\/","url":"https:\/\/femama.org.br\/site\/wp-content\/uploads\/2021\/12\/logotipo-femama-horizontal.png","contentUrl":"https:\/\/femama.org.br\/site\/wp-content\/uploads\/2021\/12\/logotipo-femama-horizontal.png","width":300,"height":92,"caption":"Femama | Federa\u00e7\u00e3o Brasileira de Institui\u00e7\u00f5es Filantr\u00f3picas de Apoio \u00e0 Sa\u00fade da Mama | C\u00e2ncer de mama"},"image":{"@id":"https:\/\/femama.org.br\/site\/#\/schema\/logo\/image\/"},"sameAs":["https:\/\/www.facebook.com\/femamabrasil","https:\/\/x.com\/femama_","https:\/\/www.instagram.com\/femama.brasil\/","https:\/\/www.youtube.com\/user\/femamaorg"]},{"@type":"Person","@id":"https:\/\/femama.org.br\/site\/#\/schema\/person\/ed83a17236fa12a9cfd26890f0e3474e","name":"Femama","image":{"@type":"ImageObject","inLanguage":"pt-BR","@id":"https:\/\/secure.gravatar.com\/avatar\/fd7fd20674373e7845d94c5ca7e2b795136bf59683c50d1207584f3ec4caf04a?s=96&d=mm&r=g","url":"https:\/\/secure.gravatar.com\/avatar\/fd7fd20674373e7845d94c5ca7e2b795136bf59683c50d1207584f3ec4caf04a?s=96&d=mm&r=g","contentUrl":"https:\/\/secure.gravatar.com\/avatar\/fd7fd20674373e7845d94c5ca7e2b795136bf59683c50d1207584f3ec4caf04a?s=96&d=mm&r=g","caption":"Femama"}}]}},"_links":{"self":[{"href":"https:\/\/femama.org.br\/site\/wp-json\/wp\/v2\/posts\/26685","targetHints":{"allow":["GET"]}}],"collection":[{"href":"https:\/\/femama.org.br\/site\/wp-json\/wp\/v2\/posts"}],"about":[{"href":"https:\/\/femama.org.br\/site\/wp-json\/wp\/v2\/types\/post"}],"author":[{"embeddable":true,"href":"https:\/\/femama.org.br\/site\/wp-json\/wp\/v2\/users\/7"}],"replies":[{"embeddable":true,"href":"https:\/\/femama.org.br\/site\/wp-json\/wp\/v2\/comments?post=26685"}],"version-history":[{"count":2,"href":"https:\/\/femama.org.br\/site\/wp-json\/wp\/v2\/posts\/26685\/revisions"}],"predecessor-version":[{"id":26688,"href":"https:\/\/femama.org.br\/site\/wp-json\/wp\/v2\/posts\/26685\/revisions\/26688"}],"wp:featuredmedia":[{"embeddable":true,"href":"https:\/\/femama.org.br\/site\/wp-json\/wp\/v2\/media\/26686"}],"wp:attachment":[{"href":"https:\/\/femama.org.br\/site\/wp-json\/wp\/v2\/media?parent=26685"}],"wp:term":[{"taxonomy":"category","embeddable":true,"href":"https:\/\/femama.org.br\/site\/wp-json\/wp\/v2\/categories?post=26685"},{"taxonomy":"post_tag","embeddable":true,"href":"https:\/\/femama.org.br\/site\/wp-json\/wp\/v2\/tags?post=26685"}],"curies":[{"name":"wp","href":"https:\/\/api.w.org\/{rel}","templated":true}]}}