{"id":26719,"date":"2025-02-03T09:32:29","date_gmt":"2025-02-03T12:32:29","guid":{"rendered":"https:\/\/femama.org.br\/site\/?p=26719"},"modified":"2025-02-03T09:38:01","modified_gmt":"2025-02-03T12:38:01","slug":"regulamentacao-da-pnpcc-avanca-no-ministerio-da-saude","status":"publish","type":"post","link":"https:\/\/femama.org.br\/site\/noticias-recentes\/regulamentacao-da-pnpcc-avanca-no-ministerio-da-saude\/","title":{"rendered":"Regulamenta\u00e7\u00e3o da PNPCC avan\u00e7a no Minist\u00e9rio da Sa\u00fade"},"content":{"rendered":"<p style=\"text-align: center;\"><span style=\"color: #000000;\">Confira as Quatro Normativas em pactua\u00e7\u00e3o estabelecidas<\/span><\/p>\n<p><span style=\"color: #000000;\">A Comiss\u00e3o Intergestora Tripartite pactuou, em sua 1\u00aa Reuni\u00e3o Ordin\u00e1ria de 2025, as portarias da Pol\u00edtica Nacional e Rede de Preven\u00e7\u00e3o e Controle do C\u00e2ncer. Na quinta-feira, dia 30 de janeiro, o Coordenador-Geral da Pol\u00edtica Nacional de Preven\u00e7\u00e3o e Controle do C\u00e2ncer, Jos\u00e9 Barreto, explicou em reuni\u00e3o da Comiss\u00e3o Intergestora Tripartite que a operacionaliza\u00e7\u00e3o da PNPCC ser\u00e1 realizada por meio da institui\u00e7\u00e3o da Rede de Preven\u00e7\u00e3o e Controle do C\u00e2ncer no \u00e2mbito do Sistema \u00danico de Sa\u00fade (SUS) e seus respectivos programas vinculados, apresentando quatro normativas:<\/span><\/p>\n<p><span style=\"color: #000000;\"><strong>PNPCC:<\/strong> Portaria que Operacionaliza a Pol\u00edtica Nacional de Preven\u00e7\u00e3o e Controle do C\u00e2ncer (PNPCC), aos moldes da Lei n\u00ba 14.758 de 19 de dezembro de 2023.<\/span><\/p>\n<p><span style=\"color: #000000;\"><strong>RPCC:<\/strong> Portaria que institui a Rede de Preven\u00e7\u00e3o e Controle do C\u00e2ncer no \u00e2mbito do Sistema \u00danico de Sa\u00fade (SUS).<\/span><\/p>\n<p><span style=\"color: #000000;\"><strong>NAVEGA\u00c7\u00c3O DO CUIDADO:<\/strong> Portaria que institui o Programa que instituir o Programa de navega\u00e7\u00e3o da pessoa com diagn\u00f3stico de c\u00e2ncer, no \u00e2mbito do Sistema \u00danico de Sa\u00fade \u2013 SUS.<\/span><\/p>\n<p><span style=\"color: #000000;\"><strong>PORTARIA PARA AF-ONCO:<\/strong> Operacionaliza\u00e7\u00e3o do acesso \u00e0s novas tecnologias de medicamentos em oncologia e estabelece o Componente da Assist\u00eancia Farmac\u00eautica em oncologia (AF-ONCO) no \u00e2mbito do SUS.<\/span><\/p>\n<p><span style=\"color: #000000;\">Enquanto as tr\u00eas primeiras Portarias foram pactuadas, a quarta ainda ser\u00e1 apresentada em detalhes para a pactua\u00e7\u00e3o. Agora, aguardamos a efetiva publica\u00e7\u00e3o das Portarias para analisarmos de maneira mais espec\u00edfica todos os seus regramentos.<\/span><\/p>\n","protected":false},"excerpt":{"rendered":"<p>Confira as Quatro Normativas em pactua\u00e7\u00e3o estabelecidas A Comiss\u00e3o Intergestora Tripartite pactuou, em sua 1\u00aa Reuni\u00e3o Ordin\u00e1ria de 2025, as portarias da Pol\u00edtica Nacional e Rede de Preven\u00e7\u00e3o e Controle do C\u00e2ncer. Na quinta-feira, dia 30 de janeiro, o Coordenador-Geral da Pol\u00edtica Nacional de Preven\u00e7\u00e3o e Controle do C\u00e2ncer, Jos\u00e9 Barreto, explicou em reuni\u00e3o da [&hellip;]<\/p>\n","protected":false},"author":7,"featured_media":26721,"comment_status":"open","ping_status":"closed","sticky":false,"template":"","format":"standard","meta":{"_acf_changed":false,"footnotes":""},"categories":[19,20,13],"tags":[],"class_list":["post-26719","post","type-post","status-publish","format-standard","has-post-thumbnail","hentry","category-advocacy","category-direito-dos-pacientes","category-noticias-recentes"],"acf":[],"yoast_head":"<!-- This site is optimized with the Yoast SEO plugin v27.5 - https:\/\/yoast.com\/product\/yoast-seo-wordpress\/ -->\n<title>Regulamenta\u00e7\u00e3o da PNPCC avan\u00e7a no Minist\u00e9rio da Sa\u00fade | FEMAMA<\/title>\n<meta name=\"robots\" content=\"index, follow, max-snippet:-1, max-image-preview:large, max-video-preview:-1\" \/>\n<link rel=\"canonical\" href=\"https:\/\/femama.org.br\/site\/noticias-recentes\/regulamentacao-da-pnpcc-avanca-no-ministerio-da-saude\/\" \/>\n<meta property=\"og:locale\" content=\"pt_BR\" \/>\n<meta property=\"og:type\" content=\"article\" \/>\n<meta property=\"og:title\" content=\"Regulamenta\u00e7\u00e3o da PNPCC avan\u00e7a no Minist\u00e9rio da Sa\u00fade | FEMAMA\" \/>\n<meta property=\"og:description\" content=\"Confira as Quatro Normativas em pactua\u00e7\u00e3o estabelecidas A Comiss\u00e3o Intergestora Tripartite pactuou, em sua 1\u00aa Reuni\u00e3o Ordin\u00e1ria de 2025, as portarias da Pol\u00edtica Nacional e Rede de Preven\u00e7\u00e3o e Controle do C\u00e2ncer. Na quinta-feira, dia 30 de janeiro, o Coordenador-Geral da Pol\u00edtica Nacional de Preven\u00e7\u00e3o e Controle do C\u00e2ncer, Jos\u00e9 Barreto, explicou em reuni\u00e3o da [&hellip;]\" \/>\n<meta property=\"og:url\" content=\"https:\/\/femama.org.br\/site\/noticias-recentes\/regulamentacao-da-pnpcc-avanca-no-ministerio-da-saude\/\" \/>\n<meta property=\"og:site_name\" content=\"FEMAMA\" \/>\n<meta property=\"article:publisher\" content=\"https:\/\/www.facebook.com\/femamabrasil\" \/>\n<meta property=\"article:published_time\" content=\"2025-02-03T12:32:29+00:00\" \/>\n<meta property=\"article:modified_time\" content=\"2025-02-03T12:38:01+00:00\" \/>\n<meta property=\"og:image\" content=\"https:\/\/femama.org.br\/site\/wp-content\/uploads\/2025\/02\/Regulamentacao-da-PNPCC-avanca-no-Ministerio-da-Saude.png\" \/>\n\t<meta property=\"og:image:width\" content=\"6912\" \/>\n\t<meta property=\"og:image:height\" content=\"3456\" \/>\n\t<meta property=\"og:image:type\" content=\"image\/png\" \/>\n<meta name=\"author\" content=\"Femama\" \/>\n<meta name=\"twitter:card\" content=\"summary_large_image\" \/>\n<meta name=\"twitter:creator\" content=\"@femama_\" \/>\n<meta name=\"twitter:site\" content=\"@femama_\" \/>\n<meta name=\"twitter:label1\" content=\"Escrito por\" \/>\n\t<meta name=\"twitter:data1\" content=\"Femama\" \/>\n\t<meta name=\"twitter:label2\" content=\"Est. tempo de leitura\" \/>\n\t<meta name=\"twitter:data2\" content=\"2 minutos\" \/>\n<script type=\"application\/ld+json\" class=\"yoast-schema-graph\">{\"@context\":\"https:\\\/\\\/schema.org\",\"@graph\":[{\"@type\":\"Article\",\"@id\":\"https:\\\/\\\/femama.org.br\\\/site\\\/noticias-recentes\\\/regulamentacao-da-pnpcc-avanca-no-ministerio-da-saude\\\/#article\",\"isPartOf\":{\"@id\":\"https:\\\/\\\/femama.org.br\\\/site\\\/noticias-recentes\\\/regulamentacao-da-pnpcc-avanca-no-ministerio-da-saude\\\/\"},\"author\":{\"name\":\"Femama\",\"@id\":\"https:\\\/\\\/femama.org.br\\\/site\\\/#\\\/schema\\\/person\\\/ed83a17236fa12a9cfd26890f0e3474e\"},\"headline\":\"Regulamenta\u00e7\u00e3o da PNPCC avan\u00e7a no Minist\u00e9rio da Sa\u00fade\",\"datePublished\":\"2025-02-03T12:32:29+00:00\",\"dateModified\":\"2025-02-03T12:38:01+00:00\",\"mainEntityOfPage\":{\"@id\":\"https:\\\/\\\/femama.org.br\\\/site\\\/noticias-recentes\\\/regulamentacao-da-pnpcc-avanca-no-ministerio-da-saude\\\/\"},\"wordCount\":269,\"commentCount\":0,\"publisher\":{\"@id\":\"https:\\\/\\\/femama.org.br\\\/site\\\/#organization\"},\"image\":{\"@id\":\"https:\\\/\\\/femama.org.br\\\/site\\\/noticias-recentes\\\/regulamentacao-da-pnpcc-avanca-no-ministerio-da-saude\\\/#primaryimage\"},\"thumbnailUrl\":\"https:\\\/\\\/femama.org.br\\\/site\\\/wp-content\\\/uploads\\\/2025\\\/02\\\/Regulamentacao-da-PNPCC-avanca-no-Ministerio-da-Saude.png\",\"articleSection\":[\"Advocacy\",\"Direito dos Pacientes\",\"Not\u00edcias recentes\"],\"inLanguage\":\"pt-BR\",\"potentialAction\":[{\"@type\":\"CommentAction\",\"name\":\"Comment\",\"target\":[\"https:\\\/\\\/femama.org.br\\\/site\\\/noticias-recentes\\\/regulamentacao-da-pnpcc-avanca-no-ministerio-da-saude\\\/#respond\"]}]},{\"@type\":\"WebPage\",\"@id\":\"https:\\\/\\\/femama.org.br\\\/site\\\/noticias-recentes\\\/regulamentacao-da-pnpcc-avanca-no-ministerio-da-saude\\\/\",\"url\":\"https:\\\/\\\/femama.org.br\\\/site\\\/noticias-recentes\\\/regulamentacao-da-pnpcc-avanca-no-ministerio-da-saude\\\/\",\"name\":\"Regulamenta\u00e7\u00e3o da PNPCC avan\u00e7a no Minist\u00e9rio da Sa\u00fade | FEMAMA\",\"isPartOf\":{\"@id\":\"https:\\\/\\\/femama.org.br\\\/site\\\/#website\"},\"primaryImageOfPage\":{\"@id\":\"https:\\\/\\\/femama.org.br\\\/site\\\/noticias-recentes\\\/regulamentacao-da-pnpcc-avanca-no-ministerio-da-saude\\\/#primaryimage\"},\"image\":{\"@id\":\"https:\\\/\\\/femama.org.br\\\/site\\\/noticias-recentes\\\/regulamentacao-da-pnpcc-avanca-no-ministerio-da-saude\\\/#primaryimage\"},\"thumbnailUrl\":\"https:\\\/\\\/femama.org.br\\\/site\\\/wp-content\\\/uploads\\\/2025\\\/02\\\/Regulamentacao-da-PNPCC-avanca-no-Ministerio-da-Saude.png\",\"datePublished\":\"2025-02-03T12:32:29+00:00\",\"dateModified\":\"2025-02-03T12:38:01+00:00\",\"breadcrumb\":{\"@id\":\"https:\\\/\\\/femama.org.br\\\/site\\\/noticias-recentes\\\/regulamentacao-da-pnpcc-avanca-no-ministerio-da-saude\\\/#breadcrumb\"},\"inLanguage\":\"pt-BR\",\"potentialAction\":[{\"@type\":\"ReadAction\",\"target\":[\"https:\\\/\\\/femama.org.br\\\/site\\\/noticias-recentes\\\/regulamentacao-da-pnpcc-avanca-no-ministerio-da-saude\\\/\"]}]},{\"@type\":\"ImageObject\",\"inLanguage\":\"pt-BR\",\"@id\":\"https:\\\/\\\/femama.org.br\\\/site\\\/noticias-recentes\\\/regulamentacao-da-pnpcc-avanca-no-ministerio-da-saude\\\/#primaryimage\",\"url\":\"https:\\\/\\\/femama.org.br\\\/site\\\/wp-content\\\/uploads\\\/2025\\\/02\\\/Regulamentacao-da-PNPCC-avanca-no-Ministerio-da-Saude.png\",\"contentUrl\":\"https:\\\/\\\/femama.org.br\\\/site\\\/wp-content\\\/uploads\\\/2025\\\/02\\\/Regulamentacao-da-PNPCC-avanca-no-Ministerio-da-Saude.png\",\"width\":6912,\"height\":3456},{\"@type\":\"BreadcrumbList\",\"@id\":\"https:\\\/\\\/femama.org.br\\\/site\\\/noticias-recentes\\\/regulamentacao-da-pnpcc-avanca-no-ministerio-da-saude\\\/#breadcrumb\",\"itemListElement\":[{\"@type\":\"ListItem\",\"position\":1,\"name\":\"In\u00edcio\",\"item\":\"https:\\\/\\\/femama.org.br\\\/site\\\/\"},{\"@type\":\"ListItem\",\"position\":2,\"name\":\"Regulamenta\u00e7\u00e3o da PNPCC avan\u00e7a no Minist\u00e9rio da Sa\u00fade\"}]},{\"@type\":\"WebSite\",\"@id\":\"https:\\\/\\\/femama.org.br\\\/site\\\/#website\",\"url\":\"https:\\\/\\\/femama.org.br\\\/site\\\/\",\"name\":\"FEMAMA\",\"description\":\"Federa\u00e7\u00e3o Brasileira de Institui\u00e7\u00f5es Filantr\u00f3picas de Apoio \u00e0 Sa\u00fade da Mama | C\u00e2ncer de mama\",\"publisher\":{\"@id\":\"https:\\\/\\\/femama.org.br\\\/site\\\/#organization\"},\"potentialAction\":[{\"@type\":\"SearchAction\",\"target\":{\"@type\":\"EntryPoint\",\"urlTemplate\":\"https:\\\/\\\/femama.org.br\\\/site\\\/?s={search_term_string}\"},\"query-input\":{\"@type\":\"PropertyValueSpecification\",\"valueRequired\":true,\"valueName\":\"search_term_string\"}}],\"inLanguage\":\"pt-BR\"},{\"@type\":\"Organization\",\"@id\":\"https:\\\/\\\/femama.org.br\\\/site\\\/#organization\",\"name\":\"Femama | Federa\u00e7\u00e3o Brasileira de Institui\u00e7\u00f5es Filantr\u00f3picas de Apoio \u00e0 Sa\u00fade da Mama | C\u00e2ncer de mama\",\"url\":\"https:\\\/\\\/femama.org.br\\\/site\\\/\",\"logo\":{\"@type\":\"ImageObject\",\"inLanguage\":\"pt-BR\",\"@id\":\"https:\\\/\\\/femama.org.br\\\/site\\\/#\\\/schema\\\/logo\\\/image\\\/\",\"url\":\"https:\\\/\\\/femama.org.br\\\/site\\\/wp-content\\\/uploads\\\/2021\\\/12\\\/logotipo-femama-horizontal.png\",\"contentUrl\":\"https:\\\/\\\/femama.org.br\\\/site\\\/wp-content\\\/uploads\\\/2021\\\/12\\\/logotipo-femama-horizontal.png\",\"width\":300,\"height\":92,\"caption\":\"Femama | Federa\u00e7\u00e3o Brasileira de Institui\u00e7\u00f5es Filantr\u00f3picas de Apoio \u00e0 Sa\u00fade da Mama | C\u00e2ncer de mama\"},\"image\":{\"@id\":\"https:\\\/\\\/femama.org.br\\\/site\\\/#\\\/schema\\\/logo\\\/image\\\/\"},\"sameAs\":[\"https:\\\/\\\/www.facebook.com\\\/femamabrasil\",\"https:\\\/\\\/x.com\\\/femama_\",\"https:\\\/\\\/www.instagram.com\\\/femama.brasil\\\/\",\"https:\\\/\\\/www.youtube.com\\\/user\\\/femamaorg\"]},{\"@type\":\"Person\",\"@id\":\"https:\\\/\\\/femama.org.br\\\/site\\\/#\\\/schema\\\/person\\\/ed83a17236fa12a9cfd26890f0e3474e\",\"name\":\"Femama\",\"image\":{\"@type\":\"ImageObject\",\"inLanguage\":\"pt-BR\",\"@id\":\"https:\\\/\\\/secure.gravatar.com\\\/avatar\\\/fd7fd20674373e7845d94c5ca7e2b795136bf59683c50d1207584f3ec4caf04a?s=96&d=mm&r=g\",\"url\":\"https:\\\/\\\/secure.gravatar.com\\\/avatar\\\/fd7fd20674373e7845d94c5ca7e2b795136bf59683c50d1207584f3ec4caf04a?s=96&d=mm&r=g\",\"contentUrl\":\"https:\\\/\\\/secure.gravatar.com\\\/avatar\\\/fd7fd20674373e7845d94c5ca7e2b795136bf59683c50d1207584f3ec4caf04a?s=96&d=mm&r=g\",\"caption\":\"Femama\"}}]}<\/script>\n<!-- \/ Yoast SEO plugin. -->","yoast_head_json":{"title":"Regulamenta\u00e7\u00e3o da PNPCC avan\u00e7a no Minist\u00e9rio da Sa\u00fade | FEMAMA","robots":{"index":"index","follow":"follow","max-snippet":"max-snippet:-1","max-image-preview":"max-image-preview:large","max-video-preview":"max-video-preview:-1"},"canonical":"https:\/\/femama.org.br\/site\/noticias-recentes\/regulamentacao-da-pnpcc-avanca-no-ministerio-da-saude\/","og_locale":"pt_BR","og_type":"article","og_title":"Regulamenta\u00e7\u00e3o da PNPCC avan\u00e7a no Minist\u00e9rio da Sa\u00fade | FEMAMA","og_description":"Confira as Quatro Normativas em pactua\u00e7\u00e3o estabelecidas A Comiss\u00e3o Intergestora Tripartite pactuou, em sua 1\u00aa Reuni\u00e3o Ordin\u00e1ria de 2025, as portarias da Pol\u00edtica Nacional e Rede de Preven\u00e7\u00e3o e Controle do C\u00e2ncer. Na quinta-feira, dia 30 de janeiro, o Coordenador-Geral da Pol\u00edtica Nacional de Preven\u00e7\u00e3o e Controle do C\u00e2ncer, Jos\u00e9 Barreto, explicou em reuni\u00e3o da [&hellip;]","og_url":"https:\/\/femama.org.br\/site\/noticias-recentes\/regulamentacao-da-pnpcc-avanca-no-ministerio-da-saude\/","og_site_name":"FEMAMA","article_publisher":"https:\/\/www.facebook.com\/femamabrasil","article_published_time":"2025-02-03T12:32:29+00:00","article_modified_time":"2025-02-03T12:38:01+00:00","og_image":[{"width":6912,"height":3456,"url":"https:\/\/femama.org.br\/site\/wp-content\/uploads\/2025\/02\/Regulamentacao-da-PNPCC-avanca-no-Ministerio-da-Saude.png","type":"image\/png"}],"author":"Femama","twitter_card":"summary_large_image","twitter_creator":"@femama_","twitter_site":"@femama_","twitter_misc":{"Escrito por":"Femama","Est. tempo de leitura":"2 minutos"},"schema":{"@context":"https:\/\/schema.org","@graph":[{"@type":"Article","@id":"https:\/\/femama.org.br\/site\/noticias-recentes\/regulamentacao-da-pnpcc-avanca-no-ministerio-da-saude\/#article","isPartOf":{"@id":"https:\/\/femama.org.br\/site\/noticias-recentes\/regulamentacao-da-pnpcc-avanca-no-ministerio-da-saude\/"},"author":{"name":"Femama","@id":"https:\/\/femama.org.br\/site\/#\/schema\/person\/ed83a17236fa12a9cfd26890f0e3474e"},"headline":"Regulamenta\u00e7\u00e3o da PNPCC avan\u00e7a no Minist\u00e9rio da Sa\u00fade","datePublished":"2025-02-03T12:32:29+00:00","dateModified":"2025-02-03T12:38:01+00:00","mainEntityOfPage":{"@id":"https:\/\/femama.org.br\/site\/noticias-recentes\/regulamentacao-da-pnpcc-avanca-no-ministerio-da-saude\/"},"wordCount":269,"commentCount":0,"publisher":{"@id":"https:\/\/femama.org.br\/site\/#organization"},"image":{"@id":"https:\/\/femama.org.br\/site\/noticias-recentes\/regulamentacao-da-pnpcc-avanca-no-ministerio-da-saude\/#primaryimage"},"thumbnailUrl":"https:\/\/femama.org.br\/site\/wp-content\/uploads\/2025\/02\/Regulamentacao-da-PNPCC-avanca-no-Ministerio-da-Saude.png","articleSection":["Advocacy","Direito dos Pacientes","Not\u00edcias recentes"],"inLanguage":"pt-BR","potentialAction":[{"@type":"CommentAction","name":"Comment","target":["https:\/\/femama.org.br\/site\/noticias-recentes\/regulamentacao-da-pnpcc-avanca-no-ministerio-da-saude\/#respond"]}]},{"@type":"WebPage","@id":"https:\/\/femama.org.br\/site\/noticias-recentes\/regulamentacao-da-pnpcc-avanca-no-ministerio-da-saude\/","url":"https:\/\/femama.org.br\/site\/noticias-recentes\/regulamentacao-da-pnpcc-avanca-no-ministerio-da-saude\/","name":"Regulamenta\u00e7\u00e3o da PNPCC avan\u00e7a no Minist\u00e9rio da Sa\u00fade | FEMAMA","isPartOf":{"@id":"https:\/\/femama.org.br\/site\/#website"},"primaryImageOfPage":{"@id":"https:\/\/femama.org.br\/site\/noticias-recentes\/regulamentacao-da-pnpcc-avanca-no-ministerio-da-saude\/#primaryimage"},"image":{"@id":"https:\/\/femama.org.br\/site\/noticias-recentes\/regulamentacao-da-pnpcc-avanca-no-ministerio-da-saude\/#primaryimage"},"thumbnailUrl":"https:\/\/femama.org.br\/site\/wp-content\/uploads\/2025\/02\/Regulamentacao-da-PNPCC-avanca-no-Ministerio-da-Saude.png","datePublished":"2025-02-03T12:32:29+00:00","dateModified":"2025-02-03T12:38:01+00:00","breadcrumb":{"@id":"https:\/\/femama.org.br\/site\/noticias-recentes\/regulamentacao-da-pnpcc-avanca-no-ministerio-da-saude\/#breadcrumb"},"inLanguage":"pt-BR","potentialAction":[{"@type":"ReadAction","target":["https:\/\/femama.org.br\/site\/noticias-recentes\/regulamentacao-da-pnpcc-avanca-no-ministerio-da-saude\/"]}]},{"@type":"ImageObject","inLanguage":"pt-BR","@id":"https:\/\/femama.org.br\/site\/noticias-recentes\/regulamentacao-da-pnpcc-avanca-no-ministerio-da-saude\/#primaryimage","url":"https:\/\/femama.org.br\/site\/wp-content\/uploads\/2025\/02\/Regulamentacao-da-PNPCC-avanca-no-Ministerio-da-Saude.png","contentUrl":"https:\/\/femama.org.br\/site\/wp-content\/uploads\/2025\/02\/Regulamentacao-da-PNPCC-avanca-no-Ministerio-da-Saude.png","width":6912,"height":3456},{"@type":"BreadcrumbList","@id":"https:\/\/femama.org.br\/site\/noticias-recentes\/regulamentacao-da-pnpcc-avanca-no-ministerio-da-saude\/#breadcrumb","itemListElement":[{"@type":"ListItem","position":1,"name":"In\u00edcio","item":"https:\/\/femama.org.br\/site\/"},{"@type":"ListItem","position":2,"name":"Regulamenta\u00e7\u00e3o da PNPCC avan\u00e7a no Minist\u00e9rio da Sa\u00fade"}]},{"@type":"WebSite","@id":"https:\/\/femama.org.br\/site\/#website","url":"https:\/\/femama.org.br\/site\/","name":"FEMAMA","description":"Federa\u00e7\u00e3o Brasileira de Institui\u00e7\u00f5es Filantr\u00f3picas de Apoio \u00e0 Sa\u00fade da Mama | C\u00e2ncer de mama","publisher":{"@id":"https:\/\/femama.org.br\/site\/#organization"},"potentialAction":[{"@type":"SearchAction","target":{"@type":"EntryPoint","urlTemplate":"https:\/\/femama.org.br\/site\/?s={search_term_string}"},"query-input":{"@type":"PropertyValueSpecification","valueRequired":true,"valueName":"search_term_string"}}],"inLanguage":"pt-BR"},{"@type":"Organization","@id":"https:\/\/femama.org.br\/site\/#organization","name":"Femama | Federa\u00e7\u00e3o Brasileira de Institui\u00e7\u00f5es Filantr\u00f3picas de Apoio \u00e0 Sa\u00fade da Mama | C\u00e2ncer de mama","url":"https:\/\/femama.org.br\/site\/","logo":{"@type":"ImageObject","inLanguage":"pt-BR","@id":"https:\/\/femama.org.br\/site\/#\/schema\/logo\/image\/","url":"https:\/\/femama.org.br\/site\/wp-content\/uploads\/2021\/12\/logotipo-femama-horizontal.png","contentUrl":"https:\/\/femama.org.br\/site\/wp-content\/uploads\/2021\/12\/logotipo-femama-horizontal.png","width":300,"height":92,"caption":"Femama | Federa\u00e7\u00e3o Brasileira de Institui\u00e7\u00f5es Filantr\u00f3picas de Apoio \u00e0 Sa\u00fade da Mama | C\u00e2ncer de mama"},"image":{"@id":"https:\/\/femama.org.br\/site\/#\/schema\/logo\/image\/"},"sameAs":["https:\/\/www.facebook.com\/femamabrasil","https:\/\/x.com\/femama_","https:\/\/www.instagram.com\/femama.brasil\/","https:\/\/www.youtube.com\/user\/femamaorg"]},{"@type":"Person","@id":"https:\/\/femama.org.br\/site\/#\/schema\/person\/ed83a17236fa12a9cfd26890f0e3474e","name":"Femama","image":{"@type":"ImageObject","inLanguage":"pt-BR","@id":"https:\/\/secure.gravatar.com\/avatar\/fd7fd20674373e7845d94c5ca7e2b795136bf59683c50d1207584f3ec4caf04a?s=96&d=mm&r=g","url":"https:\/\/secure.gravatar.com\/avatar\/fd7fd20674373e7845d94c5ca7e2b795136bf59683c50d1207584f3ec4caf04a?s=96&d=mm&r=g","contentUrl":"https:\/\/secure.gravatar.com\/avatar\/fd7fd20674373e7845d94c5ca7e2b795136bf59683c50d1207584f3ec4caf04a?s=96&d=mm&r=g","caption":"Femama"}}]}},"_links":{"self":[{"href":"https:\/\/femama.org.br\/site\/wp-json\/wp\/v2\/posts\/26719","targetHints":{"allow":["GET"]}}],"collection":[{"href":"https:\/\/femama.org.br\/site\/wp-json\/wp\/v2\/posts"}],"about":[{"href":"https:\/\/femama.org.br\/site\/wp-json\/wp\/v2\/types\/post"}],"author":[{"embeddable":true,"href":"https:\/\/femama.org.br\/site\/wp-json\/wp\/v2\/users\/7"}],"replies":[{"embeddable":true,"href":"https:\/\/femama.org.br\/site\/wp-json\/wp\/v2\/comments?post=26719"}],"version-history":[{"count":1,"href":"https:\/\/femama.org.br\/site\/wp-json\/wp\/v2\/posts\/26719\/revisions"}],"predecessor-version":[{"id":26722,"href":"https:\/\/femama.org.br\/site\/wp-json\/wp\/v2\/posts\/26719\/revisions\/26722"}],"wp:featuredmedia":[{"embeddable":true,"href":"https:\/\/femama.org.br\/site\/wp-json\/wp\/v2\/media\/26721"}],"wp:attachment":[{"href":"https:\/\/femama.org.br\/site\/wp-json\/wp\/v2\/media?parent=26719"}],"wp:term":[{"taxonomy":"category","embeddable":true,"href":"https:\/\/femama.org.br\/site\/wp-json\/wp\/v2\/categories?post=26719"},{"taxonomy":"post_tag","embeddable":true,"href":"https:\/\/femama.org.br\/site\/wp-json\/wp\/v2\/tags?post=26719"}],"curies":[{"name":"wp","href":"https:\/\/api.w.org\/{rel}","templated":true}]}}