{"id":26745,"date":"2025-02-07T15:44:19","date_gmt":"2025-02-07T18:44:19","guid":{"rendered":"https:\/\/femama.org.br\/site\/?p=26745"},"modified":"2025-02-07T15:44:19","modified_gmt":"2025-02-07T18:44:19","slug":"ministerio-da-saude-institui-rede-e-programa-para-prevencao-e-navegacao-de-pacientes-com-cancer-no-sus","status":"publish","type":"post","link":"https:\/\/femama.org.br\/site\/noticias-recentes\/ministerio-da-saude-institui-rede-e-programa-para-prevencao-e-navegacao-de-pacientes-com-cancer-no-sus\/","title":{"rendered":"Minist\u00e9rio da Sa\u00fade Institui Rede e Programa para Preven\u00e7\u00e3o e Navega\u00e7\u00e3o de Pacientes com C\u00e2ncer no SUS"},"content":{"rendered":"<p id=\"m_-4851399917296310959m_-620031882467444708isPasted\">O Minist\u00e9rio da Sa\u00fade publicou, nesta sexta-feira (7), a\u00a0<a href=\"https:\/\/mkt.nkconsultores.com.br\/go\/32-3cc-fe8a2bb1dc3bc57d53871fd8556d1d-aa6eb290-85201e1eUWren3skeabke72lmA\" target=\"_blank\" rel=\"noopener\" data-saferedirecturl=\"https:\/\/www.google.com\/url?q=https:\/\/mkt.nkconsultores.com.br\/go\/32-3cc-fe8a2bb1dc3bc57d53871fd8556d1d-aa6eb290-85201e1eUWren3skeabke72lmA&amp;source=gmail&amp;ust=1739038471509000&amp;usg=AOvVaw2xadgcGWbk731u1DdtHCJV\">Portaria GM\/MS N\u00ba 6.591, de 4 de fevereiro de 2025<\/a>, que institui, no \u00e2mbito da Pol\u00edtica Nacional de Preven\u00e7\u00e3o e Controle do C\u00e2ncer &#8211; PNCC, a Rede de Preven\u00e7\u00e3o e Controle do C\u00e2ncer (RPCC) e a\u00a0<a href=\"https:\/\/mkt.nkconsultores.com.br\/go\/32-3cc-fe8a2bb1dc3bc57d53871fd8556d1d-aa6eb290-85201e1eUWren3skeabke72lsf\" target=\"_blank\" rel=\"noopener\" data-saferedirecturl=\"https:\/\/www.google.com\/url?q=https:\/\/mkt.nkconsultores.com.br\/go\/32-3cc-fe8a2bb1dc3bc57d53871fd8556d1d-aa6eb290-85201e1eUWren3skeabke72lsf&amp;source=gmail&amp;ust=1739038471509000&amp;usg=AOvVaw2PkM0xKz_JRvxO_B6QXNhY\">Portaria GM\/MS N\u00ba 6.592, de 4 de fevereiro de 2025<\/a>, que institui o Programa de navega\u00e7\u00e3o da pessoa com diagn\u00f3stico de c\u00e2ncer, no \u00e2mbito do Sistema \u00danico de Sa\u00fade &#8211; SUS.<\/p>\n<p>A RPCC tem como objetivo organizar o cuidado integral das pessoas com c\u00e2ncer, em todos os pontos de aten\u00e7\u00e3o, por meio de a\u00e7\u00f5es e servi\u00e7os de promo\u00e7\u00e3o, preven\u00e7\u00e3o, detec\u00e7\u00e3o precoce, diagn\u00f3stico, tratamento, reabilita\u00e7\u00e3o, cuidados paliativos e apoio psicol\u00f3gico ao paciente e familiares.<\/p>\n<p>Os objetivos espec\u00edficos da RPCC incluem ampliar o acesso da pessoa com c\u00e2ncer a servi\u00e7os da RAS, garantindo atendimento oportuno, seguro e de qualidade em todas as etapas do cuidado. Tamb\u00e9m buscam organizar esse acesso de forma regionalizada e integrada, assegurando equidade e efici\u00eancia no uso dos recursos. Al\u00e9m disso, visam expandir a tecnologia e a resolutividade da APS para agilizar o diagn\u00f3stico. Por fim, estimulam a\u00e7\u00f5es para enfrentar fatores sociais, econ\u00f4micos e ambientais que contribuem para o c\u00e2ncer, al\u00e9m de prevenir condi\u00e7\u00f5es que agravam a sa\u00fade do paciente.<\/p>\n<p>J\u00e1 a navega\u00e7\u00e3o da pessoa com suspeita ou diagn\u00f3stico de c\u00e2ncer envolver\u00e1 a busca ativa e o acompanhamento dos processos de diagn\u00f3stico e tratamento. No SUS, essa navega\u00e7\u00e3o ir\u00e1 ocorrer em dois n\u00edveis: pelos gestores de sa\u00fade estaduais, distritais e municipais, garantindo o percurso assistencial na Rede de Preven\u00e7\u00e3o e Controle do C\u00e2ncer, com monitoramento do Comit\u00ea Executivo de Governan\u00e7a da RAS; e internamente nos estabelecimentos especializados, assegurando a integra\u00e7\u00e3o dos servi\u00e7os por meio dos N\u00facleos de Gest\u00e3o do Cuidado e dos N\u00facleos Internos de Regula\u00e7\u00e3o.<\/p>\n<p>Os objetivos da navega\u00e7\u00e3o da pessoa com diagn\u00f3stico de c\u00e2ncer no SUS incluem viabilizar o diagn\u00f3stico dentro do prazo legal, coordenar os servi\u00e7os de sa\u00fade para garantir um cuidado ordenado e aprimorar a forma\u00e7\u00e3o das equipes para um atendimento integral e resolutivo. Al\u00e9m disso, busca-se identificar e mitigar barreiras que possam dificultar ou retardar o diagn\u00f3stico e tratamento, levando em conta fatores sociais, econ\u00f4micos, cl\u00ednicos e estruturais.<\/p>\n<p>A navega\u00e7\u00e3o da pessoa com diagn\u00f3stico de c\u00e2ncer dever\u00e1 ser realizada em toda a RAS e contar com o apoio dos estabelecimentos de sa\u00fade, dos N\u00facleos de Gest\u00e3o e regula\u00e7\u00e3o e N\u00facleos de Gest\u00e3o do Cuidado do Programa Mais Acesso a Especialistas, assim como outras estruturas equivalentes, assim como dos gestores de sa\u00fade para sua integra\u00e7\u00e3o e efetiva implementa\u00e7\u00e3o.<\/p>\n","protected":false},"excerpt":{"rendered":"<p>O Minist\u00e9rio da Sa\u00fade publicou, nesta sexta-feira (7), a\u00a0Portaria GM\/MS N\u00ba 6.591, de 4 de fevereiro de 2025, que institui, no \u00e2mbito da Pol\u00edtica Nacional de Preven\u00e7\u00e3o e Controle do C\u00e2ncer &#8211; PNCC, a Rede de Preven\u00e7\u00e3o e Controle do C\u00e2ncer (RPCC) e a\u00a0Portaria GM\/MS N\u00ba 6.592, de 4 de fevereiro de 2025, que institui [&hellip;]<\/p>\n","protected":false},"author":7,"featured_media":26746,"comment_status":"open","ping_status":"closed","sticky":false,"template":"","format":"standard","meta":{"_acf_changed":false,"footnotes":""},"categories":[19,20,13],"tags":[],"class_list":["post-26745","post","type-post","status-publish","format-standard","has-post-thumbnail","hentry","category-advocacy","category-direito-dos-pacientes","category-noticias-recentes"],"acf":[],"yoast_head":"<!-- This site is optimized with the Yoast SEO plugin v27.5 - https:\/\/yoast.com\/product\/yoast-seo-wordpress\/ -->\n<title>Minist\u00e9rio da Sa\u00fade Institui Rede e Programa para Preven\u00e7\u00e3o e Navega\u00e7\u00e3o de Pacientes com C\u00e2ncer no SUS | FEMAMA<\/title>\n<meta name=\"robots\" content=\"index, follow, max-snippet:-1, max-image-preview:large, max-video-preview:-1\" \/>\n<link rel=\"canonical\" href=\"https:\/\/femama.org.br\/site\/noticias-recentes\/ministerio-da-saude-institui-rede-e-programa-para-prevencao-e-navegacao-de-pacientes-com-cancer-no-sus\/\" \/>\n<meta property=\"og:locale\" content=\"pt_BR\" \/>\n<meta property=\"og:type\" content=\"article\" \/>\n<meta property=\"og:title\" content=\"Minist\u00e9rio da Sa\u00fade Institui Rede e Programa para Preven\u00e7\u00e3o e Navega\u00e7\u00e3o de Pacientes com C\u00e2ncer no SUS | FEMAMA\" \/>\n<meta property=\"og:description\" content=\"O Minist\u00e9rio da Sa\u00fade publicou, nesta sexta-feira (7), a\u00a0Portaria GM\/MS N\u00ba 6.591, de 4 de fevereiro de 2025, que institui, no \u00e2mbito da Pol\u00edtica Nacional de Preven\u00e7\u00e3o e Controle do C\u00e2ncer &#8211; PNCC, a Rede de Preven\u00e7\u00e3o e Controle do C\u00e2ncer (RPCC) e a\u00a0Portaria GM\/MS N\u00ba 6.592, de 4 de fevereiro de 2025, que institui [&hellip;]\" \/>\n<meta property=\"og:url\" content=\"https:\/\/femama.org.br\/site\/noticias-recentes\/ministerio-da-saude-institui-rede-e-programa-para-prevencao-e-navegacao-de-pacientes-com-cancer-no-sus\/\" \/>\n<meta property=\"og:site_name\" content=\"FEMAMA\" \/>\n<meta property=\"article:publisher\" content=\"https:\/\/www.facebook.com\/femamabrasil\" \/>\n<meta property=\"article:published_time\" content=\"2025-02-07T18:44:19+00:00\" \/>\n<meta property=\"og:image\" content=\"https:\/\/femama.org.br\/site\/wp-content\/uploads\/2025\/02\/post-site-2-1024x512.png\" \/>\n\t<meta property=\"og:image:width\" content=\"1024\" \/>\n\t<meta property=\"og:image:height\" content=\"512\" \/>\n\t<meta property=\"og:image:type\" content=\"image\/png\" \/>\n<meta name=\"author\" content=\"Femama\" \/>\n<meta name=\"twitter:card\" content=\"summary_large_image\" \/>\n<meta name=\"twitter:creator\" content=\"@femama_\" \/>\n<meta name=\"twitter:site\" content=\"@femama_\" \/>\n<meta name=\"twitter:label1\" content=\"Escrito por\" \/>\n\t<meta name=\"twitter:data1\" content=\"Femama\" \/>\n\t<meta name=\"twitter:label2\" content=\"Est. tempo de leitura\" \/>\n\t<meta name=\"twitter:data2\" content=\"3 minutos\" \/>\n<script type=\"application\/ld+json\" class=\"yoast-schema-graph\">{\"@context\":\"https:\\\/\\\/schema.org\",\"@graph\":[{\"@type\":\"Article\",\"@id\":\"https:\\\/\\\/femama.org.br\\\/site\\\/noticias-recentes\\\/ministerio-da-saude-institui-rede-e-programa-para-prevencao-e-navegacao-de-pacientes-com-cancer-no-sus\\\/#article\",\"isPartOf\":{\"@id\":\"https:\\\/\\\/femama.org.br\\\/site\\\/noticias-recentes\\\/ministerio-da-saude-institui-rede-e-programa-para-prevencao-e-navegacao-de-pacientes-com-cancer-no-sus\\\/\"},\"author\":{\"name\":\"Femama\",\"@id\":\"https:\\\/\\\/femama.org.br\\\/site\\\/#\\\/schema\\\/person\\\/ed83a17236fa12a9cfd26890f0e3474e\"},\"headline\":\"Minist\u00e9rio da Sa\u00fade Institui Rede e Programa para Preven\u00e7\u00e3o e Navega\u00e7\u00e3o de Pacientes com C\u00e2ncer no SUS\",\"datePublished\":\"2025-02-07T18:44:19+00:00\",\"mainEntityOfPage\":{\"@id\":\"https:\\\/\\\/femama.org.br\\\/site\\\/noticias-recentes\\\/ministerio-da-saude-institui-rede-e-programa-para-prevencao-e-navegacao-de-pacientes-com-cancer-no-sus\\\/\"},\"wordCount\":509,\"commentCount\":0,\"publisher\":{\"@id\":\"https:\\\/\\\/femama.org.br\\\/site\\\/#organization\"},\"image\":{\"@id\":\"https:\\\/\\\/femama.org.br\\\/site\\\/noticias-recentes\\\/ministerio-da-saude-institui-rede-e-programa-para-prevencao-e-navegacao-de-pacientes-com-cancer-no-sus\\\/#primaryimage\"},\"thumbnailUrl\":\"https:\\\/\\\/femama.org.br\\\/site\\\/wp-content\\\/uploads\\\/2025\\\/02\\\/post-site-2.png\",\"articleSection\":[\"Advocacy\",\"Direito dos Pacientes\",\"Not\u00edcias recentes\"],\"inLanguage\":\"pt-BR\",\"potentialAction\":[{\"@type\":\"CommentAction\",\"name\":\"Comment\",\"target\":[\"https:\\\/\\\/femama.org.br\\\/site\\\/noticias-recentes\\\/ministerio-da-saude-institui-rede-e-programa-para-prevencao-e-navegacao-de-pacientes-com-cancer-no-sus\\\/#respond\"]}]},{\"@type\":\"WebPage\",\"@id\":\"https:\\\/\\\/femama.org.br\\\/site\\\/noticias-recentes\\\/ministerio-da-saude-institui-rede-e-programa-para-prevencao-e-navegacao-de-pacientes-com-cancer-no-sus\\\/\",\"url\":\"https:\\\/\\\/femama.org.br\\\/site\\\/noticias-recentes\\\/ministerio-da-saude-institui-rede-e-programa-para-prevencao-e-navegacao-de-pacientes-com-cancer-no-sus\\\/\",\"name\":\"Minist\u00e9rio da Sa\u00fade Institui Rede e Programa para Preven\u00e7\u00e3o e Navega\u00e7\u00e3o de Pacientes com C\u00e2ncer no SUS | FEMAMA\",\"isPartOf\":{\"@id\":\"https:\\\/\\\/femama.org.br\\\/site\\\/#website\"},\"primaryImageOfPage\":{\"@id\":\"https:\\\/\\\/femama.org.br\\\/site\\\/noticias-recentes\\\/ministerio-da-saude-institui-rede-e-programa-para-prevencao-e-navegacao-de-pacientes-com-cancer-no-sus\\\/#primaryimage\"},\"image\":{\"@id\":\"https:\\\/\\\/femama.org.br\\\/site\\\/noticias-recentes\\\/ministerio-da-saude-institui-rede-e-programa-para-prevencao-e-navegacao-de-pacientes-com-cancer-no-sus\\\/#primaryimage\"},\"thumbnailUrl\":\"https:\\\/\\\/femama.org.br\\\/site\\\/wp-content\\\/uploads\\\/2025\\\/02\\\/post-site-2.png\",\"datePublished\":\"2025-02-07T18:44:19+00:00\",\"breadcrumb\":{\"@id\":\"https:\\\/\\\/femama.org.br\\\/site\\\/noticias-recentes\\\/ministerio-da-saude-institui-rede-e-programa-para-prevencao-e-navegacao-de-pacientes-com-cancer-no-sus\\\/#breadcrumb\"},\"inLanguage\":\"pt-BR\",\"potentialAction\":[{\"@type\":\"ReadAction\",\"target\":[\"https:\\\/\\\/femama.org.br\\\/site\\\/noticias-recentes\\\/ministerio-da-saude-institui-rede-e-programa-para-prevencao-e-navegacao-de-pacientes-com-cancer-no-sus\\\/\"]}]},{\"@type\":\"ImageObject\",\"inLanguage\":\"pt-BR\",\"@id\":\"https:\\\/\\\/femama.org.br\\\/site\\\/noticias-recentes\\\/ministerio-da-saude-institui-rede-e-programa-para-prevencao-e-navegacao-de-pacientes-com-cancer-no-sus\\\/#primaryimage\",\"url\":\"https:\\\/\\\/femama.org.br\\\/site\\\/wp-content\\\/uploads\\\/2025\\\/02\\\/post-site-2.png\",\"contentUrl\":\"https:\\\/\\\/femama.org.br\\\/site\\\/wp-content\\\/uploads\\\/2025\\\/02\\\/post-site-2.png\",\"width\":6912,\"height\":3456},{\"@type\":\"BreadcrumbList\",\"@id\":\"https:\\\/\\\/femama.org.br\\\/site\\\/noticias-recentes\\\/ministerio-da-saude-institui-rede-e-programa-para-prevencao-e-navegacao-de-pacientes-com-cancer-no-sus\\\/#breadcrumb\",\"itemListElement\":[{\"@type\":\"ListItem\",\"position\":1,\"name\":\"In\u00edcio\",\"item\":\"https:\\\/\\\/femama.org.br\\\/site\\\/\"},{\"@type\":\"ListItem\",\"position\":2,\"name\":\"Minist\u00e9rio da Sa\u00fade Institui Rede e Programa para Preven\u00e7\u00e3o e Navega\u00e7\u00e3o de Pacientes com C\u00e2ncer no SUS\"}]},{\"@type\":\"WebSite\",\"@id\":\"https:\\\/\\\/femama.org.br\\\/site\\\/#website\",\"url\":\"https:\\\/\\\/femama.org.br\\\/site\\\/\",\"name\":\"FEMAMA\",\"description\":\"Federa\u00e7\u00e3o Brasileira de Institui\u00e7\u00f5es Filantr\u00f3picas de Apoio \u00e0 Sa\u00fade da Mama | C\u00e2ncer de mama\",\"publisher\":{\"@id\":\"https:\\\/\\\/femama.org.br\\\/site\\\/#organization\"},\"potentialAction\":[{\"@type\":\"SearchAction\",\"target\":{\"@type\":\"EntryPoint\",\"urlTemplate\":\"https:\\\/\\\/femama.org.br\\\/site\\\/?s={search_term_string}\"},\"query-input\":{\"@type\":\"PropertyValueSpecification\",\"valueRequired\":true,\"valueName\":\"search_term_string\"}}],\"inLanguage\":\"pt-BR\"},{\"@type\":\"Organization\",\"@id\":\"https:\\\/\\\/femama.org.br\\\/site\\\/#organization\",\"name\":\"Femama | Federa\u00e7\u00e3o Brasileira de Institui\u00e7\u00f5es Filantr\u00f3picas de Apoio \u00e0 Sa\u00fade da Mama | C\u00e2ncer de mama\",\"url\":\"https:\\\/\\\/femama.org.br\\\/site\\\/\",\"logo\":{\"@type\":\"ImageObject\",\"inLanguage\":\"pt-BR\",\"@id\":\"https:\\\/\\\/femama.org.br\\\/site\\\/#\\\/schema\\\/logo\\\/image\\\/\",\"url\":\"https:\\\/\\\/femama.org.br\\\/site\\\/wp-content\\\/uploads\\\/2021\\\/12\\\/logotipo-femama-horizontal.png\",\"contentUrl\":\"https:\\\/\\\/femama.org.br\\\/site\\\/wp-content\\\/uploads\\\/2021\\\/12\\\/logotipo-femama-horizontal.png\",\"width\":300,\"height\":92,\"caption\":\"Femama | Federa\u00e7\u00e3o Brasileira de Institui\u00e7\u00f5es Filantr\u00f3picas de Apoio \u00e0 Sa\u00fade da Mama | C\u00e2ncer de mama\"},\"image\":{\"@id\":\"https:\\\/\\\/femama.org.br\\\/site\\\/#\\\/schema\\\/logo\\\/image\\\/\"},\"sameAs\":[\"https:\\\/\\\/www.facebook.com\\\/femamabrasil\",\"https:\\\/\\\/x.com\\\/femama_\",\"https:\\\/\\\/www.instagram.com\\\/femama.brasil\\\/\",\"https:\\\/\\\/www.youtube.com\\\/user\\\/femamaorg\"]},{\"@type\":\"Person\",\"@id\":\"https:\\\/\\\/femama.org.br\\\/site\\\/#\\\/schema\\\/person\\\/ed83a17236fa12a9cfd26890f0e3474e\",\"name\":\"Femama\",\"image\":{\"@type\":\"ImageObject\",\"inLanguage\":\"pt-BR\",\"@id\":\"https:\\\/\\\/secure.gravatar.com\\\/avatar\\\/fd7fd20674373e7845d94c5ca7e2b795136bf59683c50d1207584f3ec4caf04a?s=96&d=mm&r=g\",\"url\":\"https:\\\/\\\/secure.gravatar.com\\\/avatar\\\/fd7fd20674373e7845d94c5ca7e2b795136bf59683c50d1207584f3ec4caf04a?s=96&d=mm&r=g\",\"contentUrl\":\"https:\\\/\\\/secure.gravatar.com\\\/avatar\\\/fd7fd20674373e7845d94c5ca7e2b795136bf59683c50d1207584f3ec4caf04a?s=96&d=mm&r=g\",\"caption\":\"Femama\"}}]}<\/script>\n<!-- \/ Yoast SEO plugin. -->","yoast_head_json":{"title":"Minist\u00e9rio da Sa\u00fade Institui Rede e Programa para Preven\u00e7\u00e3o e Navega\u00e7\u00e3o de Pacientes com C\u00e2ncer no SUS | FEMAMA","robots":{"index":"index","follow":"follow","max-snippet":"max-snippet:-1","max-image-preview":"max-image-preview:large","max-video-preview":"max-video-preview:-1"},"canonical":"https:\/\/femama.org.br\/site\/noticias-recentes\/ministerio-da-saude-institui-rede-e-programa-para-prevencao-e-navegacao-de-pacientes-com-cancer-no-sus\/","og_locale":"pt_BR","og_type":"article","og_title":"Minist\u00e9rio da Sa\u00fade Institui Rede e Programa para Preven\u00e7\u00e3o e Navega\u00e7\u00e3o de Pacientes com C\u00e2ncer no SUS | FEMAMA","og_description":"O Minist\u00e9rio da Sa\u00fade publicou, nesta sexta-feira (7), a\u00a0Portaria GM\/MS N\u00ba 6.591, de 4 de fevereiro de 2025, que institui, no \u00e2mbito da Pol\u00edtica Nacional de Preven\u00e7\u00e3o e Controle do C\u00e2ncer &#8211; PNCC, a Rede de Preven\u00e7\u00e3o e Controle do C\u00e2ncer (RPCC) e a\u00a0Portaria GM\/MS N\u00ba 6.592, de 4 de fevereiro de 2025, que institui [&hellip;]","og_url":"https:\/\/femama.org.br\/site\/noticias-recentes\/ministerio-da-saude-institui-rede-e-programa-para-prevencao-e-navegacao-de-pacientes-com-cancer-no-sus\/","og_site_name":"FEMAMA","article_publisher":"https:\/\/www.facebook.com\/femamabrasil","article_published_time":"2025-02-07T18:44:19+00:00","og_image":[{"width":1024,"height":512,"url":"https:\/\/femama.org.br\/site\/wp-content\/uploads\/2025\/02\/post-site-2-1024x512.png","type":"image\/png"}],"author":"Femama","twitter_card":"summary_large_image","twitter_creator":"@femama_","twitter_site":"@femama_","twitter_misc":{"Escrito por":"Femama","Est. tempo de leitura":"3 minutos"},"schema":{"@context":"https:\/\/schema.org","@graph":[{"@type":"Article","@id":"https:\/\/femama.org.br\/site\/noticias-recentes\/ministerio-da-saude-institui-rede-e-programa-para-prevencao-e-navegacao-de-pacientes-com-cancer-no-sus\/#article","isPartOf":{"@id":"https:\/\/femama.org.br\/site\/noticias-recentes\/ministerio-da-saude-institui-rede-e-programa-para-prevencao-e-navegacao-de-pacientes-com-cancer-no-sus\/"},"author":{"name":"Femama","@id":"https:\/\/femama.org.br\/site\/#\/schema\/person\/ed83a17236fa12a9cfd26890f0e3474e"},"headline":"Minist\u00e9rio da Sa\u00fade Institui Rede e Programa para Preven\u00e7\u00e3o e Navega\u00e7\u00e3o de Pacientes com C\u00e2ncer no SUS","datePublished":"2025-02-07T18:44:19+00:00","mainEntityOfPage":{"@id":"https:\/\/femama.org.br\/site\/noticias-recentes\/ministerio-da-saude-institui-rede-e-programa-para-prevencao-e-navegacao-de-pacientes-com-cancer-no-sus\/"},"wordCount":509,"commentCount":0,"publisher":{"@id":"https:\/\/femama.org.br\/site\/#organization"},"image":{"@id":"https:\/\/femama.org.br\/site\/noticias-recentes\/ministerio-da-saude-institui-rede-e-programa-para-prevencao-e-navegacao-de-pacientes-com-cancer-no-sus\/#primaryimage"},"thumbnailUrl":"https:\/\/femama.org.br\/site\/wp-content\/uploads\/2025\/02\/post-site-2.png","articleSection":["Advocacy","Direito dos Pacientes","Not\u00edcias recentes"],"inLanguage":"pt-BR","potentialAction":[{"@type":"CommentAction","name":"Comment","target":["https:\/\/femama.org.br\/site\/noticias-recentes\/ministerio-da-saude-institui-rede-e-programa-para-prevencao-e-navegacao-de-pacientes-com-cancer-no-sus\/#respond"]}]},{"@type":"WebPage","@id":"https:\/\/femama.org.br\/site\/noticias-recentes\/ministerio-da-saude-institui-rede-e-programa-para-prevencao-e-navegacao-de-pacientes-com-cancer-no-sus\/","url":"https:\/\/femama.org.br\/site\/noticias-recentes\/ministerio-da-saude-institui-rede-e-programa-para-prevencao-e-navegacao-de-pacientes-com-cancer-no-sus\/","name":"Minist\u00e9rio da Sa\u00fade Institui Rede e Programa para Preven\u00e7\u00e3o e Navega\u00e7\u00e3o de Pacientes com C\u00e2ncer no SUS | FEMAMA","isPartOf":{"@id":"https:\/\/femama.org.br\/site\/#website"},"primaryImageOfPage":{"@id":"https:\/\/femama.org.br\/site\/noticias-recentes\/ministerio-da-saude-institui-rede-e-programa-para-prevencao-e-navegacao-de-pacientes-com-cancer-no-sus\/#primaryimage"},"image":{"@id":"https:\/\/femama.org.br\/site\/noticias-recentes\/ministerio-da-saude-institui-rede-e-programa-para-prevencao-e-navegacao-de-pacientes-com-cancer-no-sus\/#primaryimage"},"thumbnailUrl":"https:\/\/femama.org.br\/site\/wp-content\/uploads\/2025\/02\/post-site-2.png","datePublished":"2025-02-07T18:44:19+00:00","breadcrumb":{"@id":"https:\/\/femama.org.br\/site\/noticias-recentes\/ministerio-da-saude-institui-rede-e-programa-para-prevencao-e-navegacao-de-pacientes-com-cancer-no-sus\/#breadcrumb"},"inLanguage":"pt-BR","potentialAction":[{"@type":"ReadAction","target":["https:\/\/femama.org.br\/site\/noticias-recentes\/ministerio-da-saude-institui-rede-e-programa-para-prevencao-e-navegacao-de-pacientes-com-cancer-no-sus\/"]}]},{"@type":"ImageObject","inLanguage":"pt-BR","@id":"https:\/\/femama.org.br\/site\/noticias-recentes\/ministerio-da-saude-institui-rede-e-programa-para-prevencao-e-navegacao-de-pacientes-com-cancer-no-sus\/#primaryimage","url":"https:\/\/femama.org.br\/site\/wp-content\/uploads\/2025\/02\/post-site-2.png","contentUrl":"https:\/\/femama.org.br\/site\/wp-content\/uploads\/2025\/02\/post-site-2.png","width":6912,"height":3456},{"@type":"BreadcrumbList","@id":"https:\/\/femama.org.br\/site\/noticias-recentes\/ministerio-da-saude-institui-rede-e-programa-para-prevencao-e-navegacao-de-pacientes-com-cancer-no-sus\/#breadcrumb","itemListElement":[{"@type":"ListItem","position":1,"name":"In\u00edcio","item":"https:\/\/femama.org.br\/site\/"},{"@type":"ListItem","position":2,"name":"Minist\u00e9rio da Sa\u00fade Institui Rede e Programa para Preven\u00e7\u00e3o e Navega\u00e7\u00e3o de Pacientes com C\u00e2ncer no SUS"}]},{"@type":"WebSite","@id":"https:\/\/femama.org.br\/site\/#website","url":"https:\/\/femama.org.br\/site\/","name":"FEMAMA","description":"Federa\u00e7\u00e3o Brasileira de Institui\u00e7\u00f5es Filantr\u00f3picas de Apoio \u00e0 Sa\u00fade da Mama | C\u00e2ncer de mama","publisher":{"@id":"https:\/\/femama.org.br\/site\/#organization"},"potentialAction":[{"@type":"SearchAction","target":{"@type":"EntryPoint","urlTemplate":"https:\/\/femama.org.br\/site\/?s={search_term_string}"},"query-input":{"@type":"PropertyValueSpecification","valueRequired":true,"valueName":"search_term_string"}}],"inLanguage":"pt-BR"},{"@type":"Organization","@id":"https:\/\/femama.org.br\/site\/#organization","name":"Femama | Federa\u00e7\u00e3o Brasileira de Institui\u00e7\u00f5es Filantr\u00f3picas de Apoio \u00e0 Sa\u00fade da Mama | C\u00e2ncer de mama","url":"https:\/\/femama.org.br\/site\/","logo":{"@type":"ImageObject","inLanguage":"pt-BR","@id":"https:\/\/femama.org.br\/site\/#\/schema\/logo\/image\/","url":"https:\/\/femama.org.br\/site\/wp-content\/uploads\/2021\/12\/logotipo-femama-horizontal.png","contentUrl":"https:\/\/femama.org.br\/site\/wp-content\/uploads\/2021\/12\/logotipo-femama-horizontal.png","width":300,"height":92,"caption":"Femama | Federa\u00e7\u00e3o Brasileira de Institui\u00e7\u00f5es Filantr\u00f3picas de Apoio \u00e0 Sa\u00fade da Mama | C\u00e2ncer de mama"},"image":{"@id":"https:\/\/femama.org.br\/site\/#\/schema\/logo\/image\/"},"sameAs":["https:\/\/www.facebook.com\/femamabrasil","https:\/\/x.com\/femama_","https:\/\/www.instagram.com\/femama.brasil\/","https:\/\/www.youtube.com\/user\/femamaorg"]},{"@type":"Person","@id":"https:\/\/femama.org.br\/site\/#\/schema\/person\/ed83a17236fa12a9cfd26890f0e3474e","name":"Femama","image":{"@type":"ImageObject","inLanguage":"pt-BR","@id":"https:\/\/secure.gravatar.com\/avatar\/fd7fd20674373e7845d94c5ca7e2b795136bf59683c50d1207584f3ec4caf04a?s=96&d=mm&r=g","url":"https:\/\/secure.gravatar.com\/avatar\/fd7fd20674373e7845d94c5ca7e2b795136bf59683c50d1207584f3ec4caf04a?s=96&d=mm&r=g","contentUrl":"https:\/\/secure.gravatar.com\/avatar\/fd7fd20674373e7845d94c5ca7e2b795136bf59683c50d1207584f3ec4caf04a?s=96&d=mm&r=g","caption":"Femama"}}]}},"_links":{"self":[{"href":"https:\/\/femama.org.br\/site\/wp-json\/wp\/v2\/posts\/26745","targetHints":{"allow":["GET"]}}],"collection":[{"href":"https:\/\/femama.org.br\/site\/wp-json\/wp\/v2\/posts"}],"about":[{"href":"https:\/\/femama.org.br\/site\/wp-json\/wp\/v2\/types\/post"}],"author":[{"embeddable":true,"href":"https:\/\/femama.org.br\/site\/wp-json\/wp\/v2\/users\/7"}],"replies":[{"embeddable":true,"href":"https:\/\/femama.org.br\/site\/wp-json\/wp\/v2\/comments?post=26745"}],"version-history":[{"count":1,"href":"https:\/\/femama.org.br\/site\/wp-json\/wp\/v2\/posts\/26745\/revisions"}],"predecessor-version":[{"id":26747,"href":"https:\/\/femama.org.br\/site\/wp-json\/wp\/v2\/posts\/26745\/revisions\/26747"}],"wp:featuredmedia":[{"embeddable":true,"href":"https:\/\/femama.org.br\/site\/wp-json\/wp\/v2\/media\/26746"}],"wp:attachment":[{"href":"https:\/\/femama.org.br\/site\/wp-json\/wp\/v2\/media?parent=26745"}],"wp:term":[{"taxonomy":"category","embeddable":true,"href":"https:\/\/femama.org.br\/site\/wp-json\/wp\/v2\/categories?post=26745"},{"taxonomy":"post_tag","embeddable":true,"href":"https:\/\/femama.org.br\/site\/wp-json\/wp\/v2\/tags?post=26745"}],"curies":[{"name":"wp","href":"https:\/\/api.w.org\/{rel}","templated":true}]}}