{"id":28068,"date":"2025-04-01T15:26:56","date_gmt":"2025-04-01T18:26:56","guid":{"rendered":"https:\/\/femama.org.br\/site\/?p=28068"},"modified":"2025-04-01T15:26:56","modified_gmt":"2025-04-01T18:26:56","slug":"liderancas-pedem-ao-ministerio-da-saude-uma-melhor-atencao-ao-cancer-da-mulher","status":"publish","type":"post","link":"https:\/\/femama.org.br\/site\/noticias-recentes\/liderancas-pedem-ao-ministerio-da-saude-uma-melhor-atencao-ao-cancer-da-mulher\/","title":{"rendered":"Lideran\u00e7as pedem ao Minist\u00e9rio da Sa\u00fade uma melhor aten\u00e7\u00e3o ao c\u00e2ncer da mulher"},"content":{"rendered":"<p><span style=\"color: #000000;\">Ao lado do F\u00f3rumCCNTs e outras 43 lideran\u00e7as, encaminhamos ao Minist\u00e9rio da Sa\u00fade um of\u00edcio recomendando aprimoramentos nas estrat\u00e9gias de aten\u00e7\u00e3o ao c\u00e2ncer em mulheres. O documento, enviado ao Prof. Dr. Jos\u00e9 Barreto Campelo Carvalheira, Coordenador-Geral da Pol\u00edtica Nacional de Preven\u00e7\u00e3o e Controle do C\u00e2ncer do Minist\u00e9rio da Sa\u00fade, destaca os desafios estruturais e espec\u00edficos relacionados aos tipos de c\u00e2ncer mais prevalentes e\/ou leatais entre as mulheres no Brasil, al\u00e9m de apresentar a epidemiologia dos casos e detalhar as estrat\u00e9gias de preven\u00e7\u00e3o, diagn\u00f3stico e tratamento. Tamb\u00e9m discute os protocolos cl\u00ednicos e as pol\u00edticas p\u00fablicas desenvolvidas pelo Minist\u00e9rio da Sa\u00fade, destacando os obst\u00e1culos enfrentados e os fatores que os acompanham. Ao final, prop\u00f5e mudan\u00e7as para transformar o enfrentamento desses c\u00e2nceres, visando um futuro mais promissor no cuidado \u00e0 sa\u00fade da mulher.<\/span><\/p>\n<p><span style=\"color: #000000;\">Leia o documento na \u00edntegra em:<\/span> <a href=\"https:\/\/www.forumdcnts.org\/post\/oficio-cancer-mulheres-2025\">https:\/\/www.forumdcnts.org\/post\/oficio-cancer-mulheres-2025<\/a><\/p>\n<p>&nbsp;<\/p>\n","protected":false},"excerpt":{"rendered":"<p>Ao lado do F\u00f3rumCCNTs e outras 43 lideran\u00e7as, encaminhamos ao Minist\u00e9rio da Sa\u00fade um of\u00edcio recomendando aprimoramentos nas estrat\u00e9gias de aten\u00e7\u00e3o ao c\u00e2ncer em mulheres. O documento, enviado ao Prof. Dr. Jos\u00e9 Barreto Campelo Carvalheira, Coordenador-Geral da Pol\u00edtica Nacional de Preven\u00e7\u00e3o e Controle do C\u00e2ncer do Minist\u00e9rio da Sa\u00fade, destaca os desafios estruturais e espec\u00edficos [&hellip;]<\/p>\n","protected":false},"author":7,"featured_media":28069,"comment_status":"open","ping_status":"closed","sticky":false,"template":"","format":"standard","meta":{"_acf_changed":false,"footnotes":""},"categories":[19,20,13],"tags":[],"class_list":["post-28068","post","type-post","status-publish","format-standard","has-post-thumbnail","hentry","category-advocacy","category-direito-dos-pacientes","category-noticias-recentes"],"acf":[],"yoast_head":"<!-- This site is optimized with the Yoast SEO plugin v27.5 - https:\/\/yoast.com\/product\/yoast-seo-wordpress\/ -->\n<title>Lideran\u00e7as pedem ao Minist\u00e9rio da Sa\u00fade uma melhor aten\u00e7\u00e3o ao c\u00e2ncer da mulher | FEMAMA<\/title>\n<meta name=\"robots\" content=\"index, follow, max-snippet:-1, max-image-preview:large, max-video-preview:-1\" \/>\n<link rel=\"canonical\" href=\"https:\/\/femama.org.br\/site\/noticias-recentes\/liderancas-pedem-ao-ministerio-da-saude-uma-melhor-atencao-ao-cancer-da-mulher\/\" \/>\n<meta property=\"og:locale\" content=\"pt_BR\" \/>\n<meta property=\"og:type\" content=\"article\" \/>\n<meta property=\"og:title\" content=\"Lideran\u00e7as pedem ao Minist\u00e9rio da Sa\u00fade uma melhor aten\u00e7\u00e3o ao c\u00e2ncer da mulher | FEMAMA\" \/>\n<meta property=\"og:description\" content=\"Ao lado do F\u00f3rumCCNTs e outras 43 lideran\u00e7as, encaminhamos ao Minist\u00e9rio da Sa\u00fade um of\u00edcio recomendando aprimoramentos nas estrat\u00e9gias de aten\u00e7\u00e3o ao c\u00e2ncer em mulheres. O documento, enviado ao Prof. Dr. Jos\u00e9 Barreto Campelo Carvalheira, Coordenador-Geral da Pol\u00edtica Nacional de Preven\u00e7\u00e3o e Controle do C\u00e2ncer do Minist\u00e9rio da Sa\u00fade, destaca os desafios estruturais e espec\u00edficos [&hellip;]\" \/>\n<meta property=\"og:url\" content=\"https:\/\/femama.org.br\/site\/noticias-recentes\/liderancas-pedem-ao-ministerio-da-saude-uma-melhor-atencao-ao-cancer-da-mulher\/\" \/>\n<meta property=\"og:site_name\" content=\"FEMAMA\" \/>\n<meta property=\"article:publisher\" content=\"https:\/\/www.facebook.com\/femamabrasil\" \/>\n<meta property=\"article:published_time\" content=\"2025-04-01T18:26:56+00:00\" \/>\n<meta property=\"og:image\" content=\"https:\/\/femama.org.br\/site\/wp-content\/uploads\/2025\/04\/ForumCCNTs-1024x512.png\" \/>\n\t<meta property=\"og:image:width\" content=\"1024\" \/>\n\t<meta property=\"og:image:height\" content=\"512\" \/>\n\t<meta property=\"og:image:type\" content=\"image\/png\" \/>\n<meta name=\"author\" content=\"Femama\" \/>\n<meta name=\"twitter:card\" content=\"summary_large_image\" \/>\n<meta name=\"twitter:creator\" content=\"@femama_\" \/>\n<meta name=\"twitter:site\" content=\"@femama_\" \/>\n<meta name=\"twitter:label1\" content=\"Escrito por\" \/>\n\t<meta name=\"twitter:data1\" content=\"Femama\" \/>\n\t<meta name=\"twitter:label2\" content=\"Est. tempo de leitura\" \/>\n\t<meta name=\"twitter:data2\" content=\"1 minuto\" \/>\n<script type=\"application\/ld+json\" class=\"yoast-schema-graph\">{\"@context\":\"https:\\\/\\\/schema.org\",\"@graph\":[{\"@type\":\"Article\",\"@id\":\"https:\\\/\\\/femama.org.br\\\/site\\\/noticias-recentes\\\/liderancas-pedem-ao-ministerio-da-saude-uma-melhor-atencao-ao-cancer-da-mulher\\\/#article\",\"isPartOf\":{\"@id\":\"https:\\\/\\\/femama.org.br\\\/site\\\/noticias-recentes\\\/liderancas-pedem-ao-ministerio-da-saude-uma-melhor-atencao-ao-cancer-da-mulher\\\/\"},\"author\":{\"name\":\"Femama\",\"@id\":\"https:\\\/\\\/femama.org.br\\\/site\\\/#\\\/schema\\\/person\\\/ed83a17236fa12a9cfd26890f0e3474e\"},\"headline\":\"Lideran\u00e7as pedem ao Minist\u00e9rio da Sa\u00fade uma melhor aten\u00e7\u00e3o ao c\u00e2ncer da mulher\",\"datePublished\":\"2025-04-01T18:26:56+00:00\",\"mainEntityOfPage\":{\"@id\":\"https:\\\/\\\/femama.org.br\\\/site\\\/noticias-recentes\\\/liderancas-pedem-ao-ministerio-da-saude-uma-melhor-atencao-ao-cancer-da-mulher\\\/\"},\"wordCount\":190,\"commentCount\":0,\"publisher\":{\"@id\":\"https:\\\/\\\/femama.org.br\\\/site\\\/#organization\"},\"image\":{\"@id\":\"https:\\\/\\\/femama.org.br\\\/site\\\/noticias-recentes\\\/liderancas-pedem-ao-ministerio-da-saude-uma-melhor-atencao-ao-cancer-da-mulher\\\/#primaryimage\"},\"thumbnailUrl\":\"https:\\\/\\\/femama.org.br\\\/site\\\/wp-content\\\/uploads\\\/2025\\\/04\\\/ForumCCNTs.png\",\"articleSection\":[\"Advocacy\",\"Direito dos Pacientes\",\"Not\u00edcias recentes\"],\"inLanguage\":\"pt-BR\",\"potentialAction\":[{\"@type\":\"CommentAction\",\"name\":\"Comment\",\"target\":[\"https:\\\/\\\/femama.org.br\\\/site\\\/noticias-recentes\\\/liderancas-pedem-ao-ministerio-da-saude-uma-melhor-atencao-ao-cancer-da-mulher\\\/#respond\"]}]},{\"@type\":\"WebPage\",\"@id\":\"https:\\\/\\\/femama.org.br\\\/site\\\/noticias-recentes\\\/liderancas-pedem-ao-ministerio-da-saude-uma-melhor-atencao-ao-cancer-da-mulher\\\/\",\"url\":\"https:\\\/\\\/femama.org.br\\\/site\\\/noticias-recentes\\\/liderancas-pedem-ao-ministerio-da-saude-uma-melhor-atencao-ao-cancer-da-mulher\\\/\",\"name\":\"Lideran\u00e7as pedem ao Minist\u00e9rio da Sa\u00fade uma melhor aten\u00e7\u00e3o ao c\u00e2ncer da mulher | FEMAMA\",\"isPartOf\":{\"@id\":\"https:\\\/\\\/femama.org.br\\\/site\\\/#website\"},\"primaryImageOfPage\":{\"@id\":\"https:\\\/\\\/femama.org.br\\\/site\\\/noticias-recentes\\\/liderancas-pedem-ao-ministerio-da-saude-uma-melhor-atencao-ao-cancer-da-mulher\\\/#primaryimage\"},\"image\":{\"@id\":\"https:\\\/\\\/femama.org.br\\\/site\\\/noticias-recentes\\\/liderancas-pedem-ao-ministerio-da-saude-uma-melhor-atencao-ao-cancer-da-mulher\\\/#primaryimage\"},\"thumbnailUrl\":\"https:\\\/\\\/femama.org.br\\\/site\\\/wp-content\\\/uploads\\\/2025\\\/04\\\/ForumCCNTs.png\",\"datePublished\":\"2025-04-01T18:26:56+00:00\",\"breadcrumb\":{\"@id\":\"https:\\\/\\\/femama.org.br\\\/site\\\/noticias-recentes\\\/liderancas-pedem-ao-ministerio-da-saude-uma-melhor-atencao-ao-cancer-da-mulher\\\/#breadcrumb\"},\"inLanguage\":\"pt-BR\",\"potentialAction\":[{\"@type\":\"ReadAction\",\"target\":[\"https:\\\/\\\/femama.org.br\\\/site\\\/noticias-recentes\\\/liderancas-pedem-ao-ministerio-da-saude-uma-melhor-atencao-ao-cancer-da-mulher\\\/\"]}]},{\"@type\":\"ImageObject\",\"inLanguage\":\"pt-BR\",\"@id\":\"https:\\\/\\\/femama.org.br\\\/site\\\/noticias-recentes\\\/liderancas-pedem-ao-ministerio-da-saude-uma-melhor-atencao-ao-cancer-da-mulher\\\/#primaryimage\",\"url\":\"https:\\\/\\\/femama.org.br\\\/site\\\/wp-content\\\/uploads\\\/2025\\\/04\\\/ForumCCNTs.png\",\"contentUrl\":\"https:\\\/\\\/femama.org.br\\\/site\\\/wp-content\\\/uploads\\\/2025\\\/04\\\/ForumCCNTs.png\",\"width\":6912,\"height\":3456},{\"@type\":\"BreadcrumbList\",\"@id\":\"https:\\\/\\\/femama.org.br\\\/site\\\/noticias-recentes\\\/liderancas-pedem-ao-ministerio-da-saude-uma-melhor-atencao-ao-cancer-da-mulher\\\/#breadcrumb\",\"itemListElement\":[{\"@type\":\"ListItem\",\"position\":1,\"name\":\"In\u00edcio\",\"item\":\"https:\\\/\\\/femama.org.br\\\/site\\\/\"},{\"@type\":\"ListItem\",\"position\":2,\"name\":\"Lideran\u00e7as pedem ao Minist\u00e9rio da Sa\u00fade uma melhor aten\u00e7\u00e3o ao c\u00e2ncer da mulher\"}]},{\"@type\":\"WebSite\",\"@id\":\"https:\\\/\\\/femama.org.br\\\/site\\\/#website\",\"url\":\"https:\\\/\\\/femama.org.br\\\/site\\\/\",\"name\":\"FEMAMA\",\"description\":\"Federa\u00e7\u00e3o Brasileira de Institui\u00e7\u00f5es Filantr\u00f3picas de Apoio \u00e0 Sa\u00fade da Mama | C\u00e2ncer de mama\",\"publisher\":{\"@id\":\"https:\\\/\\\/femama.org.br\\\/site\\\/#organization\"},\"potentialAction\":[{\"@type\":\"SearchAction\",\"target\":{\"@type\":\"EntryPoint\",\"urlTemplate\":\"https:\\\/\\\/femama.org.br\\\/site\\\/?s={search_term_string}\"},\"query-input\":{\"@type\":\"PropertyValueSpecification\",\"valueRequired\":true,\"valueName\":\"search_term_string\"}}],\"inLanguage\":\"pt-BR\"},{\"@type\":\"Organization\",\"@id\":\"https:\\\/\\\/femama.org.br\\\/site\\\/#organization\",\"name\":\"Femama | Federa\u00e7\u00e3o Brasileira de Institui\u00e7\u00f5es Filantr\u00f3picas de Apoio \u00e0 Sa\u00fade da Mama | C\u00e2ncer de mama\",\"url\":\"https:\\\/\\\/femama.org.br\\\/site\\\/\",\"logo\":{\"@type\":\"ImageObject\",\"inLanguage\":\"pt-BR\",\"@id\":\"https:\\\/\\\/femama.org.br\\\/site\\\/#\\\/schema\\\/logo\\\/image\\\/\",\"url\":\"https:\\\/\\\/femama.org.br\\\/site\\\/wp-content\\\/uploads\\\/2021\\\/12\\\/logotipo-femama-horizontal.png\",\"contentUrl\":\"https:\\\/\\\/femama.org.br\\\/site\\\/wp-content\\\/uploads\\\/2021\\\/12\\\/logotipo-femama-horizontal.png\",\"width\":300,\"height\":92,\"caption\":\"Femama | Federa\u00e7\u00e3o Brasileira de Institui\u00e7\u00f5es Filantr\u00f3picas de Apoio \u00e0 Sa\u00fade da Mama | C\u00e2ncer de mama\"},\"image\":{\"@id\":\"https:\\\/\\\/femama.org.br\\\/site\\\/#\\\/schema\\\/logo\\\/image\\\/\"},\"sameAs\":[\"https:\\\/\\\/www.facebook.com\\\/femamabrasil\",\"https:\\\/\\\/x.com\\\/femama_\",\"https:\\\/\\\/www.instagram.com\\\/femama.brasil\\\/\",\"https:\\\/\\\/www.youtube.com\\\/user\\\/femamaorg\"]},{\"@type\":\"Person\",\"@id\":\"https:\\\/\\\/femama.org.br\\\/site\\\/#\\\/schema\\\/person\\\/ed83a17236fa12a9cfd26890f0e3474e\",\"name\":\"Femama\",\"image\":{\"@type\":\"ImageObject\",\"inLanguage\":\"pt-BR\",\"@id\":\"https:\\\/\\\/secure.gravatar.com\\\/avatar\\\/fd7fd20674373e7845d94c5ca7e2b795136bf59683c50d1207584f3ec4caf04a?s=96&d=mm&r=g\",\"url\":\"https:\\\/\\\/secure.gravatar.com\\\/avatar\\\/fd7fd20674373e7845d94c5ca7e2b795136bf59683c50d1207584f3ec4caf04a?s=96&d=mm&r=g\",\"contentUrl\":\"https:\\\/\\\/secure.gravatar.com\\\/avatar\\\/fd7fd20674373e7845d94c5ca7e2b795136bf59683c50d1207584f3ec4caf04a?s=96&d=mm&r=g\",\"caption\":\"Femama\"}}]}<\/script>\n<!-- \/ Yoast SEO plugin. -->","yoast_head_json":{"title":"Lideran\u00e7as pedem ao Minist\u00e9rio da Sa\u00fade uma melhor aten\u00e7\u00e3o ao c\u00e2ncer da mulher | FEMAMA","robots":{"index":"index","follow":"follow","max-snippet":"max-snippet:-1","max-image-preview":"max-image-preview:large","max-video-preview":"max-video-preview:-1"},"canonical":"https:\/\/femama.org.br\/site\/noticias-recentes\/liderancas-pedem-ao-ministerio-da-saude-uma-melhor-atencao-ao-cancer-da-mulher\/","og_locale":"pt_BR","og_type":"article","og_title":"Lideran\u00e7as pedem ao Minist\u00e9rio da Sa\u00fade uma melhor aten\u00e7\u00e3o ao c\u00e2ncer da mulher | FEMAMA","og_description":"Ao lado do F\u00f3rumCCNTs e outras 43 lideran\u00e7as, encaminhamos ao Minist\u00e9rio da Sa\u00fade um of\u00edcio recomendando aprimoramentos nas estrat\u00e9gias de aten\u00e7\u00e3o ao c\u00e2ncer em mulheres. O documento, enviado ao Prof. Dr. Jos\u00e9 Barreto Campelo Carvalheira, Coordenador-Geral da Pol\u00edtica Nacional de Preven\u00e7\u00e3o e Controle do C\u00e2ncer do Minist\u00e9rio da Sa\u00fade, destaca os desafios estruturais e espec\u00edficos [&hellip;]","og_url":"https:\/\/femama.org.br\/site\/noticias-recentes\/liderancas-pedem-ao-ministerio-da-saude-uma-melhor-atencao-ao-cancer-da-mulher\/","og_site_name":"FEMAMA","article_publisher":"https:\/\/www.facebook.com\/femamabrasil","article_published_time":"2025-04-01T18:26:56+00:00","og_image":[{"width":1024,"height":512,"url":"https:\/\/femama.org.br\/site\/wp-content\/uploads\/2025\/04\/ForumCCNTs-1024x512.png","type":"image\/png"}],"author":"Femama","twitter_card":"summary_large_image","twitter_creator":"@femama_","twitter_site":"@femama_","twitter_misc":{"Escrito por":"Femama","Est. tempo de leitura":"1 minuto"},"schema":{"@context":"https:\/\/schema.org","@graph":[{"@type":"Article","@id":"https:\/\/femama.org.br\/site\/noticias-recentes\/liderancas-pedem-ao-ministerio-da-saude-uma-melhor-atencao-ao-cancer-da-mulher\/#article","isPartOf":{"@id":"https:\/\/femama.org.br\/site\/noticias-recentes\/liderancas-pedem-ao-ministerio-da-saude-uma-melhor-atencao-ao-cancer-da-mulher\/"},"author":{"name":"Femama","@id":"https:\/\/femama.org.br\/site\/#\/schema\/person\/ed83a17236fa12a9cfd26890f0e3474e"},"headline":"Lideran\u00e7as pedem ao Minist\u00e9rio da Sa\u00fade uma melhor aten\u00e7\u00e3o ao c\u00e2ncer da mulher","datePublished":"2025-04-01T18:26:56+00:00","mainEntityOfPage":{"@id":"https:\/\/femama.org.br\/site\/noticias-recentes\/liderancas-pedem-ao-ministerio-da-saude-uma-melhor-atencao-ao-cancer-da-mulher\/"},"wordCount":190,"commentCount":0,"publisher":{"@id":"https:\/\/femama.org.br\/site\/#organization"},"image":{"@id":"https:\/\/femama.org.br\/site\/noticias-recentes\/liderancas-pedem-ao-ministerio-da-saude-uma-melhor-atencao-ao-cancer-da-mulher\/#primaryimage"},"thumbnailUrl":"https:\/\/femama.org.br\/site\/wp-content\/uploads\/2025\/04\/ForumCCNTs.png","articleSection":["Advocacy","Direito dos Pacientes","Not\u00edcias recentes"],"inLanguage":"pt-BR","potentialAction":[{"@type":"CommentAction","name":"Comment","target":["https:\/\/femama.org.br\/site\/noticias-recentes\/liderancas-pedem-ao-ministerio-da-saude-uma-melhor-atencao-ao-cancer-da-mulher\/#respond"]}]},{"@type":"WebPage","@id":"https:\/\/femama.org.br\/site\/noticias-recentes\/liderancas-pedem-ao-ministerio-da-saude-uma-melhor-atencao-ao-cancer-da-mulher\/","url":"https:\/\/femama.org.br\/site\/noticias-recentes\/liderancas-pedem-ao-ministerio-da-saude-uma-melhor-atencao-ao-cancer-da-mulher\/","name":"Lideran\u00e7as pedem ao Minist\u00e9rio da Sa\u00fade uma melhor aten\u00e7\u00e3o ao c\u00e2ncer da mulher | FEMAMA","isPartOf":{"@id":"https:\/\/femama.org.br\/site\/#website"},"primaryImageOfPage":{"@id":"https:\/\/femama.org.br\/site\/noticias-recentes\/liderancas-pedem-ao-ministerio-da-saude-uma-melhor-atencao-ao-cancer-da-mulher\/#primaryimage"},"image":{"@id":"https:\/\/femama.org.br\/site\/noticias-recentes\/liderancas-pedem-ao-ministerio-da-saude-uma-melhor-atencao-ao-cancer-da-mulher\/#primaryimage"},"thumbnailUrl":"https:\/\/femama.org.br\/site\/wp-content\/uploads\/2025\/04\/ForumCCNTs.png","datePublished":"2025-04-01T18:26:56+00:00","breadcrumb":{"@id":"https:\/\/femama.org.br\/site\/noticias-recentes\/liderancas-pedem-ao-ministerio-da-saude-uma-melhor-atencao-ao-cancer-da-mulher\/#breadcrumb"},"inLanguage":"pt-BR","potentialAction":[{"@type":"ReadAction","target":["https:\/\/femama.org.br\/site\/noticias-recentes\/liderancas-pedem-ao-ministerio-da-saude-uma-melhor-atencao-ao-cancer-da-mulher\/"]}]},{"@type":"ImageObject","inLanguage":"pt-BR","@id":"https:\/\/femama.org.br\/site\/noticias-recentes\/liderancas-pedem-ao-ministerio-da-saude-uma-melhor-atencao-ao-cancer-da-mulher\/#primaryimage","url":"https:\/\/femama.org.br\/site\/wp-content\/uploads\/2025\/04\/ForumCCNTs.png","contentUrl":"https:\/\/femama.org.br\/site\/wp-content\/uploads\/2025\/04\/ForumCCNTs.png","width":6912,"height":3456},{"@type":"BreadcrumbList","@id":"https:\/\/femama.org.br\/site\/noticias-recentes\/liderancas-pedem-ao-ministerio-da-saude-uma-melhor-atencao-ao-cancer-da-mulher\/#breadcrumb","itemListElement":[{"@type":"ListItem","position":1,"name":"In\u00edcio","item":"https:\/\/femama.org.br\/site\/"},{"@type":"ListItem","position":2,"name":"Lideran\u00e7as pedem ao Minist\u00e9rio da Sa\u00fade uma melhor aten\u00e7\u00e3o ao c\u00e2ncer da mulher"}]},{"@type":"WebSite","@id":"https:\/\/femama.org.br\/site\/#website","url":"https:\/\/femama.org.br\/site\/","name":"FEMAMA","description":"Federa\u00e7\u00e3o Brasileira de Institui\u00e7\u00f5es Filantr\u00f3picas de Apoio \u00e0 Sa\u00fade da Mama | C\u00e2ncer de mama","publisher":{"@id":"https:\/\/femama.org.br\/site\/#organization"},"potentialAction":[{"@type":"SearchAction","target":{"@type":"EntryPoint","urlTemplate":"https:\/\/femama.org.br\/site\/?s={search_term_string}"},"query-input":{"@type":"PropertyValueSpecification","valueRequired":true,"valueName":"search_term_string"}}],"inLanguage":"pt-BR"},{"@type":"Organization","@id":"https:\/\/femama.org.br\/site\/#organization","name":"Femama | Federa\u00e7\u00e3o Brasileira de Institui\u00e7\u00f5es Filantr\u00f3picas de Apoio \u00e0 Sa\u00fade da Mama | C\u00e2ncer de mama","url":"https:\/\/femama.org.br\/site\/","logo":{"@type":"ImageObject","inLanguage":"pt-BR","@id":"https:\/\/femama.org.br\/site\/#\/schema\/logo\/image\/","url":"https:\/\/femama.org.br\/site\/wp-content\/uploads\/2021\/12\/logotipo-femama-horizontal.png","contentUrl":"https:\/\/femama.org.br\/site\/wp-content\/uploads\/2021\/12\/logotipo-femama-horizontal.png","width":300,"height":92,"caption":"Femama | Federa\u00e7\u00e3o Brasileira de Institui\u00e7\u00f5es Filantr\u00f3picas de Apoio \u00e0 Sa\u00fade da Mama | C\u00e2ncer de mama"},"image":{"@id":"https:\/\/femama.org.br\/site\/#\/schema\/logo\/image\/"},"sameAs":["https:\/\/www.facebook.com\/femamabrasil","https:\/\/x.com\/femama_","https:\/\/www.instagram.com\/femama.brasil\/","https:\/\/www.youtube.com\/user\/femamaorg"]},{"@type":"Person","@id":"https:\/\/femama.org.br\/site\/#\/schema\/person\/ed83a17236fa12a9cfd26890f0e3474e","name":"Femama","image":{"@type":"ImageObject","inLanguage":"pt-BR","@id":"https:\/\/secure.gravatar.com\/avatar\/fd7fd20674373e7845d94c5ca7e2b795136bf59683c50d1207584f3ec4caf04a?s=96&d=mm&r=g","url":"https:\/\/secure.gravatar.com\/avatar\/fd7fd20674373e7845d94c5ca7e2b795136bf59683c50d1207584f3ec4caf04a?s=96&d=mm&r=g","contentUrl":"https:\/\/secure.gravatar.com\/avatar\/fd7fd20674373e7845d94c5ca7e2b795136bf59683c50d1207584f3ec4caf04a?s=96&d=mm&r=g","caption":"Femama"}}]}},"_links":{"self":[{"href":"https:\/\/femama.org.br\/site\/wp-json\/wp\/v2\/posts\/28068","targetHints":{"allow":["GET"]}}],"collection":[{"href":"https:\/\/femama.org.br\/site\/wp-json\/wp\/v2\/posts"}],"about":[{"href":"https:\/\/femama.org.br\/site\/wp-json\/wp\/v2\/types\/post"}],"author":[{"embeddable":true,"href":"https:\/\/femama.org.br\/site\/wp-json\/wp\/v2\/users\/7"}],"replies":[{"embeddable":true,"href":"https:\/\/femama.org.br\/site\/wp-json\/wp\/v2\/comments?post=28068"}],"version-history":[{"count":1,"href":"https:\/\/femama.org.br\/site\/wp-json\/wp\/v2\/posts\/28068\/revisions"}],"predecessor-version":[{"id":28070,"href":"https:\/\/femama.org.br\/site\/wp-json\/wp\/v2\/posts\/28068\/revisions\/28070"}],"wp:featuredmedia":[{"embeddable":true,"href":"https:\/\/femama.org.br\/site\/wp-json\/wp\/v2\/media\/28069"}],"wp:attachment":[{"href":"https:\/\/femama.org.br\/site\/wp-json\/wp\/v2\/media?parent=28068"}],"wp:term":[{"taxonomy":"category","embeddable":true,"href":"https:\/\/femama.org.br\/site\/wp-json\/wp\/v2\/categories?post=28068"},{"taxonomy":"post_tag","embeddable":true,"href":"https:\/\/femama.org.br\/site\/wp-json\/wp\/v2\/tags?post=28068"}],"curies":[{"name":"wp","href":"https:\/\/api.w.org\/{rel}","templated":true}]}}