{"id":28073,"date":"2025-04-07T10:00:44","date_gmt":"2025-04-07T13:00:44","guid":{"rendered":"https:\/\/femama.org.br\/site\/?p=28073"},"modified":"2025-04-07T10:00:44","modified_gmt":"2025-04-07T13:00:44","slug":"ans-femama-e-entidades-medicas-elaboram-documento-que-preve-o-rastreio-do-cancer-de-mama-em-mulheres-na-faixa-dos-40-a-74-anos-na-saude-suplementar","status":"publish","type":"post","link":"https:\/\/femama.org.br\/site\/noticias-recentes\/ans-femama-e-entidades-medicas-elaboram-documento-que-preve-o-rastreio-do-cancer-de-mama-em-mulheres-na-faixa-dos-40-a-74-anos-na-saude-suplementar\/","title":{"rendered":"ANS, FEMAMA e entidades m\u00e9dicas elaboram documento que prev\u00ea o rastreio do c\u00e2ncer de mama em mulheres na faixa dos 40 a 74 anos na sa\u00fade suplementar"},"content":{"rendered":"<p style=\"text-align: center;\"><em>Em resposta \u00e0 Consulta P\u00fablica n\u00b0144 da ANS, foram estabelecidos novos par\u00e2metros para o estabelecimento de um conjunto de crit\u00e9rios de boas pr\u00e1ticas que receber\u00e3o a certifica\u00e7\u00e3o de qualidade nas linhas de cuidados voltados \u00e0 sa\u00fade da mulher na rede privada.<\/em><\/p>\n<p>&nbsp;<\/p>\n<p><span style=\"color: #000000;\"><strong>Bras\u00edlia, 26 de mar\u00e7o de 2025<\/strong> &#8211; Na \u00faltima segunda-feira, um encontro entre Ag\u00eancia Nacional de Sa\u00fade Suplementar (ANS), Federa\u00e7\u00e3o Brasileira de Institui\u00e7\u00f5es Filantr\u00f3picas de Apoio \u00e0 Sa\u00fade da Mama (FEMAMA), CBR (Col\u00e9gio Brasileiro de Radiologia) e representantes de outras entidades m\u00e9dicas resultou na defini\u00e7\u00e3o de novos crit\u00e9rios para certifica\u00e7\u00e3o de qualidade, que dever\u00e3o compor o rastreamento de usu\u00e1rias de planos de sa\u00fade para o c\u00e2ncer de mama na sa\u00fade suplementar. Isso inclui a amplia\u00e7\u00e3o do rastreio individualizado para mulheres na faixa dos 40 a 74 anos. O intervalo dos exames de rastreio depender\u00e1 do m\u00e9dico solicitante e da vontade da paciente &#8211; um ano, dois anos ou at\u00e9 semestral em casos de forte hist\u00f3rico familiar de c\u00e2ncer de mama.<\/span><\/p>\n<p><span style=\"color: #000000;\">Entre outros crit\u00e9rios de qualidade acordados, consta que benefici\u00e1rias que possuem risco aumentado para o c\u00e2ncer de mama, de qualquer idade, poder\u00e3o ser atendidas em rastreamento individualizado para a doen\u00e7a, conforme indica\u00e7\u00e3o m\u00e9dica e consentimento livre e esclarecido da paciente. J\u00e1 para mulheres acima dos 74 anos, o rastreamento ser\u00e1 individualizado, de acordo com a expectativa de vida da paciente. Consta tamb\u00e9m que as mulheres benefici\u00e1rias de planos de sa\u00fade ser\u00e3o alvo de uma busca ativa bienal promovida pelas operadoras, visando o rastreamento do c\u00e2ncer de mama para o segmento de 50 anos a 69 anos.<\/span><\/p>\n<p><span style=\"color: #000000;\">O encontro foi uma resposta \u00e0 Consulta P\u00fablica n\u00ba 144, realizada pela ANS entre dezembro de 2024 e janeiro de 2025, que visava estabelecer os crit\u00e9rios para avaliar a realiza\u00e7\u00e3o do exame no Programa de Certifica\u00e7\u00e3o de Boas Pr\u00e1ticas em Aten\u00e7\u00e3o Oncol\u00f3gica (Oncorede), a cada dois anos, para grupos dos 50 aos 69.<\/span><\/p>\n<p><span style=\"color: #000000;\">O mesmo ocorreu ap\u00f3s a entrega e avalia\u00e7\u00e3o de um parecer t\u00e9cnico elaborado pelas institui\u00e7\u00f5es, indo contra a proposta apresentada na consulta p\u00fablica.<\/span><\/p>\n<p><span style=\"color: #000000;\">\u201cAp\u00f3s tantos anos acompanhando de perto os avan\u00e7os em rela\u00e7\u00e3o ao c\u00e2ncer de mama como um problema de sa\u00fade p\u00fablica no Brasil, entendo que o rastreamento mamogr\u00e1fico organizado \u00e9 um importante passo para mudar nossa realidade. Atualmente, quase metade dos diagn\u00f3sticos desse tipo de neoplasia s\u00e3o realizados em est\u00e1gios avan\u00e7ados da doen\u00e7a, II ou III &#8211; o que impacta diretamente nas chances de cura e na qualidade de vida das pacientes ao longo da jornada oncol\u00f3gica. Trabalhando com uma diretriz de rastreamento organizado, ampliamos o diagn\u00f3stico precoce e as chances de cura, uma vez que o n\u00famero de pacientes abaixo dos 50 anos representa uma alta parcela (43%) da popula\u00e7\u00e3o brasileira diagnosticada com a doen\u00e7a&#8221;, afirma Dra. Maira Caleffi, Presidente Fundadora da FEMAMA e Chefe do N\u00facleo Mama do Hospital Moinhos de Vento em Porto Alegre.<\/span><\/p>\n<p><span style=\"color: #000000;\">Os participantes da reuni\u00e3o tamb\u00e9m estabeleceram que as regras do Programa de Certifica\u00e7\u00e3o devem deixar claro que nenhuma operadora poder\u00e1 negar o acesso ao exame de mamografia solicitado por m\u00e9dicos. Al\u00e9m disso, alinhou-se que a recomenda\u00e7\u00e3o brasileira de rastreamento para o c\u00e2ncer de mama publicada pelas entidades envolvidas na discuss\u00e3o em 2023 ser\u00e1 inclu\u00edda na base te\u00f3rica do documento norteador do Programa de Certifica\u00e7\u00e3o.<\/span><\/p>\n<p><span style=\"color: #000000;\">A representa\u00e7\u00e3o da ANS no encontro reiterou que os ajustes n\u00e3o trazem altera\u00e7\u00e3o na cobertura obrigat\u00f3ria dos planos de sa\u00fade. Para a Ag\u00eancia, a cobertura para mamografia bilateral \u00e9 obrigat\u00f3ria, sem limita\u00e7\u00e3o de idade, e tem que ser realizada sempre que houver indica\u00e7\u00e3o do m\u00e9dico assistente. De forma complementar, pontuou tamb\u00e9m que a participa\u00e7\u00e3o das operadoras de planos de sa\u00fade no programa de certifica\u00e7\u00e3o \u00e9 volunt\u00e1ria.<\/span><\/p>\n<p><span style=\"color: #000000;\">\u201cN\u00f3s consideramos as novas diretrizes um grande avan\u00e7o no controle do c\u00e2ncer de mama, pois agora teremos um banco de dados consistente sobre a doen\u00e7a no Brasil, tamb\u00e9m na sa\u00fade privada, e mais respeito \u00e0s decis\u00f5es do m\u00e9dico e das pacientes em rela\u00e7\u00e3o ao intervalo do rastreamento mamogr\u00e1fico. Parabenizamos a ANS pela decis\u00e3o\u201d, afirma Dra. Maira.<\/span><\/p>\n<p><span style=\"color: #000000;\">Para as entidades m\u00e9dicas participantes da reuni\u00e3o, com isso foi superado &#8211; ao menos em parte &#8211; o impasse surgido durante a Consulta P\u00fablica n\u00ba 144, realizada pela ANS entre dezembro de 2024 e janeiro de 2025. Na avalia\u00e7\u00e3o dos especialistas, aquela proposta fragilizava a preven\u00e7\u00e3o ao c\u00e2ncer de mama para mulheres com menos de 50 anos e mais de 74 anos.<\/span><\/p>\n<p><span style=\"color: #000000;\">Al\u00e9m da FEMAMA, a reuni\u00e3o da Oncorede contou com a presen\u00e7a do diretor de Desenvolvimento Setorial da ANS (DIDES), Maur\u00edcio Nunes, e de representantes do Col\u00e9gio Brasileiro de Radiologia e Diagn\u00f3stico por Imagem (CBR), Sociedade Brasileira de Mastologia (SBM), Sociedade Brasileira de Oncologia Cl\u00ednica (SBOC) e Federa\u00e7\u00e3o Brasileira das Associa\u00e7\u00f5es de Ginecologia e Obstetr\u00edcia (Febrasgo). Tamb\u00e9m participaram especialistas da Associa\u00e7\u00e3o M\u00e9dica Brasileira (AMB), e Conselho Federal de Medicina (CFM).<\/span><\/p>\n","protected":false},"excerpt":{"rendered":"<p>Em resposta \u00e0 Consulta P\u00fablica n\u00b0144 da ANS, foram estabelecidos novos par\u00e2metros para o estabelecimento de um conjunto de crit\u00e9rios de boas pr\u00e1ticas que receber\u00e3o a certifica\u00e7\u00e3o de qualidade nas linhas de cuidados voltados \u00e0 sa\u00fade da mulher na rede privada. &nbsp; Bras\u00edlia, 26 de mar\u00e7o de 2025 &#8211; Na \u00faltima segunda-feira, um encontro entre [&hellip;]<\/p>\n","protected":false},"author":7,"featured_media":0,"comment_status":"open","ping_status":"closed","sticky":false,"template":"","format":"standard","meta":{"_acf_changed":false,"footnotes":""},"categories":[19,13],"tags":[],"class_list":["post-28073","post","type-post","status-publish","format-standard","hentry","category-advocacy","category-noticias-recentes"],"acf":[],"yoast_head":"<!-- This site is optimized with the Yoast SEO plugin v27.5 - https:\/\/yoast.com\/product\/yoast-seo-wordpress\/ -->\n<title>ANS, FEMAMA e entidades m\u00e9dicas elaboram documento que prev\u00ea o rastreio do c\u00e2ncer de mama em mulheres na faixa dos 40 a 74 anos na sa\u00fade suplementar | FEMAMA<\/title>\n<meta name=\"robots\" content=\"index, follow, max-snippet:-1, max-image-preview:large, max-video-preview:-1\" \/>\n<link rel=\"canonical\" href=\"https:\/\/femama.org.br\/site\/noticias-recentes\/ans-femama-e-entidades-medicas-elaboram-documento-que-preve-o-rastreio-do-cancer-de-mama-em-mulheres-na-faixa-dos-40-a-74-anos-na-saude-suplementar\/\" \/>\n<meta property=\"og:locale\" content=\"pt_BR\" \/>\n<meta property=\"og:type\" content=\"article\" \/>\n<meta property=\"og:title\" content=\"ANS, FEMAMA e entidades m\u00e9dicas elaboram documento que prev\u00ea o rastreio do c\u00e2ncer de mama em mulheres na faixa dos 40 a 74 anos na sa\u00fade suplementar | FEMAMA\" \/>\n<meta property=\"og:description\" content=\"Em resposta \u00e0 Consulta P\u00fablica n\u00b0144 da ANS, foram estabelecidos novos par\u00e2metros para o estabelecimento de um conjunto de crit\u00e9rios de boas pr\u00e1ticas que receber\u00e3o a certifica\u00e7\u00e3o de qualidade nas linhas de cuidados voltados \u00e0 sa\u00fade da mulher na rede privada. &nbsp; Bras\u00edlia, 26 de mar\u00e7o de 2025 &#8211; Na \u00faltima segunda-feira, um encontro entre [&hellip;]\" \/>\n<meta property=\"og:url\" content=\"https:\/\/femama.org.br\/site\/noticias-recentes\/ans-femama-e-entidades-medicas-elaboram-documento-que-preve-o-rastreio-do-cancer-de-mama-em-mulheres-na-faixa-dos-40-a-74-anos-na-saude-suplementar\/\" \/>\n<meta property=\"og:site_name\" content=\"FEMAMA\" \/>\n<meta property=\"article:publisher\" content=\"https:\/\/www.facebook.com\/femamabrasil\" \/>\n<meta property=\"article:published_time\" content=\"2025-04-07T13:00:44+00:00\" \/>\n<meta name=\"author\" content=\"Femama\" \/>\n<meta name=\"twitter:card\" content=\"summary_large_image\" \/>\n<meta name=\"twitter:creator\" content=\"@femama_\" \/>\n<meta name=\"twitter:site\" content=\"@femama_\" \/>\n<meta name=\"twitter:label1\" content=\"Escrito por\" \/>\n\t<meta name=\"twitter:data1\" content=\"Femama\" \/>\n\t<meta name=\"twitter:label2\" content=\"Est. tempo de leitura\" \/>\n\t<meta name=\"twitter:data2\" content=\"5 minutos\" \/>\n<script type=\"application\/ld+json\" class=\"yoast-schema-graph\">{\"@context\":\"https:\\\/\\\/schema.org\",\"@graph\":[{\"@type\":\"Article\",\"@id\":\"https:\\\/\\\/femama.org.br\\\/site\\\/noticias-recentes\\\/ans-femama-e-entidades-medicas-elaboram-documento-que-preve-o-rastreio-do-cancer-de-mama-em-mulheres-na-faixa-dos-40-a-74-anos-na-saude-suplementar\\\/#article\",\"isPartOf\":{\"@id\":\"https:\\\/\\\/femama.org.br\\\/site\\\/noticias-recentes\\\/ans-femama-e-entidades-medicas-elaboram-documento-que-preve-o-rastreio-do-cancer-de-mama-em-mulheres-na-faixa-dos-40-a-74-anos-na-saude-suplementar\\\/\"},\"author\":{\"name\":\"Femama\",\"@id\":\"https:\\\/\\\/femama.org.br\\\/site\\\/#\\\/schema\\\/person\\\/ed83a17236fa12a9cfd26890f0e3474e\"},\"headline\":\"ANS, FEMAMA e entidades m\u00e9dicas elaboram documento que prev\u00ea o rastreio do c\u00e2ncer de mama em mulheres na faixa dos 40 a 74 anos na sa\u00fade suplementar\",\"datePublished\":\"2025-04-07T13:00:44+00:00\",\"mainEntityOfPage\":{\"@id\":\"https:\\\/\\\/femama.org.br\\\/site\\\/noticias-recentes\\\/ans-femama-e-entidades-medicas-elaboram-documento-que-preve-o-rastreio-do-cancer-de-mama-em-mulheres-na-faixa-dos-40-a-74-anos-na-saude-suplementar\\\/\"},\"wordCount\":915,\"commentCount\":0,\"publisher\":{\"@id\":\"https:\\\/\\\/femama.org.br\\\/site\\\/#organization\"},\"articleSection\":[\"Advocacy\",\"Not\u00edcias recentes\"],\"inLanguage\":\"pt-BR\",\"potentialAction\":[{\"@type\":\"CommentAction\",\"name\":\"Comment\",\"target\":[\"https:\\\/\\\/femama.org.br\\\/site\\\/noticias-recentes\\\/ans-femama-e-entidades-medicas-elaboram-documento-que-preve-o-rastreio-do-cancer-de-mama-em-mulheres-na-faixa-dos-40-a-74-anos-na-saude-suplementar\\\/#respond\"]}]},{\"@type\":\"WebPage\",\"@id\":\"https:\\\/\\\/femama.org.br\\\/site\\\/noticias-recentes\\\/ans-femama-e-entidades-medicas-elaboram-documento-que-preve-o-rastreio-do-cancer-de-mama-em-mulheres-na-faixa-dos-40-a-74-anos-na-saude-suplementar\\\/\",\"url\":\"https:\\\/\\\/femama.org.br\\\/site\\\/noticias-recentes\\\/ans-femama-e-entidades-medicas-elaboram-documento-que-preve-o-rastreio-do-cancer-de-mama-em-mulheres-na-faixa-dos-40-a-74-anos-na-saude-suplementar\\\/\",\"name\":\"ANS, FEMAMA e entidades m\u00e9dicas elaboram documento que prev\u00ea o rastreio do c\u00e2ncer de mama em mulheres na faixa dos 40 a 74 anos na sa\u00fade suplementar | FEMAMA\",\"isPartOf\":{\"@id\":\"https:\\\/\\\/femama.org.br\\\/site\\\/#website\"},\"datePublished\":\"2025-04-07T13:00:44+00:00\",\"breadcrumb\":{\"@id\":\"https:\\\/\\\/femama.org.br\\\/site\\\/noticias-recentes\\\/ans-femama-e-entidades-medicas-elaboram-documento-que-preve-o-rastreio-do-cancer-de-mama-em-mulheres-na-faixa-dos-40-a-74-anos-na-saude-suplementar\\\/#breadcrumb\"},\"inLanguage\":\"pt-BR\",\"potentialAction\":[{\"@type\":\"ReadAction\",\"target\":[\"https:\\\/\\\/femama.org.br\\\/site\\\/noticias-recentes\\\/ans-femama-e-entidades-medicas-elaboram-documento-que-preve-o-rastreio-do-cancer-de-mama-em-mulheres-na-faixa-dos-40-a-74-anos-na-saude-suplementar\\\/\"]}]},{\"@type\":\"BreadcrumbList\",\"@id\":\"https:\\\/\\\/femama.org.br\\\/site\\\/noticias-recentes\\\/ans-femama-e-entidades-medicas-elaboram-documento-que-preve-o-rastreio-do-cancer-de-mama-em-mulheres-na-faixa-dos-40-a-74-anos-na-saude-suplementar\\\/#breadcrumb\",\"itemListElement\":[{\"@type\":\"ListItem\",\"position\":1,\"name\":\"In\u00edcio\",\"item\":\"https:\\\/\\\/femama.org.br\\\/site\\\/\"},{\"@type\":\"ListItem\",\"position\":2,\"name\":\"ANS, FEMAMA e entidades m\u00e9dicas elaboram documento que prev\u00ea o rastreio do c\u00e2ncer de mama em mulheres na faixa dos 40 a 74 anos na sa\u00fade suplementar\"}]},{\"@type\":\"WebSite\",\"@id\":\"https:\\\/\\\/femama.org.br\\\/site\\\/#website\",\"url\":\"https:\\\/\\\/femama.org.br\\\/site\\\/\",\"name\":\"FEMAMA\",\"description\":\"Federa\u00e7\u00e3o Brasileira de Institui\u00e7\u00f5es Filantr\u00f3picas de Apoio \u00e0 Sa\u00fade da Mama | C\u00e2ncer de mama\",\"publisher\":{\"@id\":\"https:\\\/\\\/femama.org.br\\\/site\\\/#organization\"},\"potentialAction\":[{\"@type\":\"SearchAction\",\"target\":{\"@type\":\"EntryPoint\",\"urlTemplate\":\"https:\\\/\\\/femama.org.br\\\/site\\\/?s={search_term_string}\"},\"query-input\":{\"@type\":\"PropertyValueSpecification\",\"valueRequired\":true,\"valueName\":\"search_term_string\"}}],\"inLanguage\":\"pt-BR\"},{\"@type\":\"Organization\",\"@id\":\"https:\\\/\\\/femama.org.br\\\/site\\\/#organization\",\"name\":\"Femama | Federa\u00e7\u00e3o Brasileira de Institui\u00e7\u00f5es Filantr\u00f3picas de Apoio \u00e0 Sa\u00fade da Mama | C\u00e2ncer de mama\",\"url\":\"https:\\\/\\\/femama.org.br\\\/site\\\/\",\"logo\":{\"@type\":\"ImageObject\",\"inLanguage\":\"pt-BR\",\"@id\":\"https:\\\/\\\/femama.org.br\\\/site\\\/#\\\/schema\\\/logo\\\/image\\\/\",\"url\":\"https:\\\/\\\/femama.org.br\\\/site\\\/wp-content\\\/uploads\\\/2021\\\/12\\\/logotipo-femama-horizontal.png\",\"contentUrl\":\"https:\\\/\\\/femama.org.br\\\/site\\\/wp-content\\\/uploads\\\/2021\\\/12\\\/logotipo-femama-horizontal.png\",\"width\":300,\"height\":92,\"caption\":\"Femama | Federa\u00e7\u00e3o Brasileira de Institui\u00e7\u00f5es Filantr\u00f3picas de Apoio \u00e0 Sa\u00fade da Mama | C\u00e2ncer de mama\"},\"image\":{\"@id\":\"https:\\\/\\\/femama.org.br\\\/site\\\/#\\\/schema\\\/logo\\\/image\\\/\"},\"sameAs\":[\"https:\\\/\\\/www.facebook.com\\\/femamabrasil\",\"https:\\\/\\\/x.com\\\/femama_\",\"https:\\\/\\\/www.instagram.com\\\/femama.brasil\\\/\",\"https:\\\/\\\/www.youtube.com\\\/user\\\/femamaorg\"]},{\"@type\":\"Person\",\"@id\":\"https:\\\/\\\/femama.org.br\\\/site\\\/#\\\/schema\\\/person\\\/ed83a17236fa12a9cfd26890f0e3474e\",\"name\":\"Femama\",\"image\":{\"@type\":\"ImageObject\",\"inLanguage\":\"pt-BR\",\"@id\":\"https:\\\/\\\/secure.gravatar.com\\\/avatar\\\/fd7fd20674373e7845d94c5ca7e2b795136bf59683c50d1207584f3ec4caf04a?s=96&d=mm&r=g\",\"url\":\"https:\\\/\\\/secure.gravatar.com\\\/avatar\\\/fd7fd20674373e7845d94c5ca7e2b795136bf59683c50d1207584f3ec4caf04a?s=96&d=mm&r=g\",\"contentUrl\":\"https:\\\/\\\/secure.gravatar.com\\\/avatar\\\/fd7fd20674373e7845d94c5ca7e2b795136bf59683c50d1207584f3ec4caf04a?s=96&d=mm&r=g\",\"caption\":\"Femama\"}}]}<\/script>\n<!-- \/ Yoast SEO plugin. -->","yoast_head_json":{"title":"ANS, FEMAMA e entidades m\u00e9dicas elaboram documento que prev\u00ea o rastreio do c\u00e2ncer de mama em mulheres na faixa dos 40 a 74 anos na sa\u00fade suplementar | FEMAMA","robots":{"index":"index","follow":"follow","max-snippet":"max-snippet:-1","max-image-preview":"max-image-preview:large","max-video-preview":"max-video-preview:-1"},"canonical":"https:\/\/femama.org.br\/site\/noticias-recentes\/ans-femama-e-entidades-medicas-elaboram-documento-que-preve-o-rastreio-do-cancer-de-mama-em-mulheres-na-faixa-dos-40-a-74-anos-na-saude-suplementar\/","og_locale":"pt_BR","og_type":"article","og_title":"ANS, FEMAMA e entidades m\u00e9dicas elaboram documento que prev\u00ea o rastreio do c\u00e2ncer de mama em mulheres na faixa dos 40 a 74 anos na sa\u00fade suplementar | FEMAMA","og_description":"Em resposta \u00e0 Consulta P\u00fablica n\u00b0144 da ANS, foram estabelecidos novos par\u00e2metros para o estabelecimento de um conjunto de crit\u00e9rios de boas pr\u00e1ticas que receber\u00e3o a certifica\u00e7\u00e3o de qualidade nas linhas de cuidados voltados \u00e0 sa\u00fade da mulher na rede privada. &nbsp; Bras\u00edlia, 26 de mar\u00e7o de 2025 &#8211; Na \u00faltima segunda-feira, um encontro entre [&hellip;]","og_url":"https:\/\/femama.org.br\/site\/noticias-recentes\/ans-femama-e-entidades-medicas-elaboram-documento-que-preve-o-rastreio-do-cancer-de-mama-em-mulheres-na-faixa-dos-40-a-74-anos-na-saude-suplementar\/","og_site_name":"FEMAMA","article_publisher":"https:\/\/www.facebook.com\/femamabrasil","article_published_time":"2025-04-07T13:00:44+00:00","author":"Femama","twitter_card":"summary_large_image","twitter_creator":"@femama_","twitter_site":"@femama_","twitter_misc":{"Escrito por":"Femama","Est. tempo de leitura":"5 minutos"},"schema":{"@context":"https:\/\/schema.org","@graph":[{"@type":"Article","@id":"https:\/\/femama.org.br\/site\/noticias-recentes\/ans-femama-e-entidades-medicas-elaboram-documento-que-preve-o-rastreio-do-cancer-de-mama-em-mulheres-na-faixa-dos-40-a-74-anos-na-saude-suplementar\/#article","isPartOf":{"@id":"https:\/\/femama.org.br\/site\/noticias-recentes\/ans-femama-e-entidades-medicas-elaboram-documento-que-preve-o-rastreio-do-cancer-de-mama-em-mulheres-na-faixa-dos-40-a-74-anos-na-saude-suplementar\/"},"author":{"name":"Femama","@id":"https:\/\/femama.org.br\/site\/#\/schema\/person\/ed83a17236fa12a9cfd26890f0e3474e"},"headline":"ANS, FEMAMA e entidades m\u00e9dicas elaboram documento que prev\u00ea o rastreio do c\u00e2ncer de mama em mulheres na faixa dos 40 a 74 anos na sa\u00fade suplementar","datePublished":"2025-04-07T13:00:44+00:00","mainEntityOfPage":{"@id":"https:\/\/femama.org.br\/site\/noticias-recentes\/ans-femama-e-entidades-medicas-elaboram-documento-que-preve-o-rastreio-do-cancer-de-mama-em-mulheres-na-faixa-dos-40-a-74-anos-na-saude-suplementar\/"},"wordCount":915,"commentCount":0,"publisher":{"@id":"https:\/\/femama.org.br\/site\/#organization"},"articleSection":["Advocacy","Not\u00edcias recentes"],"inLanguage":"pt-BR","potentialAction":[{"@type":"CommentAction","name":"Comment","target":["https:\/\/femama.org.br\/site\/noticias-recentes\/ans-femama-e-entidades-medicas-elaboram-documento-que-preve-o-rastreio-do-cancer-de-mama-em-mulheres-na-faixa-dos-40-a-74-anos-na-saude-suplementar\/#respond"]}]},{"@type":"WebPage","@id":"https:\/\/femama.org.br\/site\/noticias-recentes\/ans-femama-e-entidades-medicas-elaboram-documento-que-preve-o-rastreio-do-cancer-de-mama-em-mulheres-na-faixa-dos-40-a-74-anos-na-saude-suplementar\/","url":"https:\/\/femama.org.br\/site\/noticias-recentes\/ans-femama-e-entidades-medicas-elaboram-documento-que-preve-o-rastreio-do-cancer-de-mama-em-mulheres-na-faixa-dos-40-a-74-anos-na-saude-suplementar\/","name":"ANS, FEMAMA e entidades m\u00e9dicas elaboram documento que prev\u00ea o rastreio do c\u00e2ncer de mama em mulheres na faixa dos 40 a 74 anos na sa\u00fade suplementar | FEMAMA","isPartOf":{"@id":"https:\/\/femama.org.br\/site\/#website"},"datePublished":"2025-04-07T13:00:44+00:00","breadcrumb":{"@id":"https:\/\/femama.org.br\/site\/noticias-recentes\/ans-femama-e-entidades-medicas-elaboram-documento-que-preve-o-rastreio-do-cancer-de-mama-em-mulheres-na-faixa-dos-40-a-74-anos-na-saude-suplementar\/#breadcrumb"},"inLanguage":"pt-BR","potentialAction":[{"@type":"ReadAction","target":["https:\/\/femama.org.br\/site\/noticias-recentes\/ans-femama-e-entidades-medicas-elaboram-documento-que-preve-o-rastreio-do-cancer-de-mama-em-mulheres-na-faixa-dos-40-a-74-anos-na-saude-suplementar\/"]}]},{"@type":"BreadcrumbList","@id":"https:\/\/femama.org.br\/site\/noticias-recentes\/ans-femama-e-entidades-medicas-elaboram-documento-que-preve-o-rastreio-do-cancer-de-mama-em-mulheres-na-faixa-dos-40-a-74-anos-na-saude-suplementar\/#breadcrumb","itemListElement":[{"@type":"ListItem","position":1,"name":"In\u00edcio","item":"https:\/\/femama.org.br\/site\/"},{"@type":"ListItem","position":2,"name":"ANS, FEMAMA e entidades m\u00e9dicas elaboram documento que prev\u00ea o rastreio do c\u00e2ncer de mama em mulheres na faixa dos 40 a 74 anos na sa\u00fade suplementar"}]},{"@type":"WebSite","@id":"https:\/\/femama.org.br\/site\/#website","url":"https:\/\/femama.org.br\/site\/","name":"FEMAMA","description":"Federa\u00e7\u00e3o Brasileira de Institui\u00e7\u00f5es Filantr\u00f3picas de Apoio \u00e0 Sa\u00fade da Mama | C\u00e2ncer de mama","publisher":{"@id":"https:\/\/femama.org.br\/site\/#organization"},"potentialAction":[{"@type":"SearchAction","target":{"@type":"EntryPoint","urlTemplate":"https:\/\/femama.org.br\/site\/?s={search_term_string}"},"query-input":{"@type":"PropertyValueSpecification","valueRequired":true,"valueName":"search_term_string"}}],"inLanguage":"pt-BR"},{"@type":"Organization","@id":"https:\/\/femama.org.br\/site\/#organization","name":"Femama | Federa\u00e7\u00e3o Brasileira de Institui\u00e7\u00f5es Filantr\u00f3picas de Apoio \u00e0 Sa\u00fade da Mama | C\u00e2ncer de mama","url":"https:\/\/femama.org.br\/site\/","logo":{"@type":"ImageObject","inLanguage":"pt-BR","@id":"https:\/\/femama.org.br\/site\/#\/schema\/logo\/image\/","url":"https:\/\/femama.org.br\/site\/wp-content\/uploads\/2021\/12\/logotipo-femama-horizontal.png","contentUrl":"https:\/\/femama.org.br\/site\/wp-content\/uploads\/2021\/12\/logotipo-femama-horizontal.png","width":300,"height":92,"caption":"Femama | Federa\u00e7\u00e3o Brasileira de Institui\u00e7\u00f5es Filantr\u00f3picas de Apoio \u00e0 Sa\u00fade da Mama | C\u00e2ncer de mama"},"image":{"@id":"https:\/\/femama.org.br\/site\/#\/schema\/logo\/image\/"},"sameAs":["https:\/\/www.facebook.com\/femamabrasil","https:\/\/x.com\/femama_","https:\/\/www.instagram.com\/femama.brasil\/","https:\/\/www.youtube.com\/user\/femamaorg"]},{"@type":"Person","@id":"https:\/\/femama.org.br\/site\/#\/schema\/person\/ed83a17236fa12a9cfd26890f0e3474e","name":"Femama","image":{"@type":"ImageObject","inLanguage":"pt-BR","@id":"https:\/\/secure.gravatar.com\/avatar\/fd7fd20674373e7845d94c5ca7e2b795136bf59683c50d1207584f3ec4caf04a?s=96&d=mm&r=g","url":"https:\/\/secure.gravatar.com\/avatar\/fd7fd20674373e7845d94c5ca7e2b795136bf59683c50d1207584f3ec4caf04a?s=96&d=mm&r=g","contentUrl":"https:\/\/secure.gravatar.com\/avatar\/fd7fd20674373e7845d94c5ca7e2b795136bf59683c50d1207584f3ec4caf04a?s=96&d=mm&r=g","caption":"Femama"}}]}},"_links":{"self":[{"href":"https:\/\/femama.org.br\/site\/wp-json\/wp\/v2\/posts\/28073","targetHints":{"allow":["GET"]}}],"collection":[{"href":"https:\/\/femama.org.br\/site\/wp-json\/wp\/v2\/posts"}],"about":[{"href":"https:\/\/femama.org.br\/site\/wp-json\/wp\/v2\/types\/post"}],"author":[{"embeddable":true,"href":"https:\/\/femama.org.br\/site\/wp-json\/wp\/v2\/users\/7"}],"replies":[{"embeddable":true,"href":"https:\/\/femama.org.br\/site\/wp-json\/wp\/v2\/comments?post=28073"}],"version-history":[{"count":1,"href":"https:\/\/femama.org.br\/site\/wp-json\/wp\/v2\/posts\/28073\/revisions"}],"predecessor-version":[{"id":28074,"href":"https:\/\/femama.org.br\/site\/wp-json\/wp\/v2\/posts\/28073\/revisions\/28074"}],"wp:attachment":[{"href":"https:\/\/femama.org.br\/site\/wp-json\/wp\/v2\/media?parent=28073"}],"wp:term":[{"taxonomy":"category","embeddable":true,"href":"https:\/\/femama.org.br\/site\/wp-json\/wp\/v2\/categories?post=28073"},{"taxonomy":"post_tag","embeddable":true,"href":"https:\/\/femama.org.br\/site\/wp-json\/wp\/v2\/tags?post=28073"}],"curies":[{"name":"wp","href":"https:\/\/api.w.org\/{rel}","templated":true}]}}