{"id":28075,"date":"2025-04-10T10:04:28","date_gmt":"2025-04-10T13:04:28","guid":{"rendered":"https:\/\/femama.org.br\/site\/?p=28075"},"modified":"2025-04-10T10:04:28","modified_gmt":"2025-04-10T13:04:28","slug":"perspectiva-do-paciente-chamada-publica-sobre-tomografia-por-emissao-de-positrons-pet-ct-para-o-diagnostico-do-cancer-de-mama-metastatico-recebe-inscricoes-ate-hoje-dia-10-de-abril-de-2025","status":"publish","type":"post","link":"https:\/\/femama.org.br\/site\/noticias-recentes\/perspectiva-do-paciente-chamada-publica-sobre-tomografia-por-emissao-de-positrons-pet-ct-para-o-diagnostico-do-cancer-de-mama-metastatico-recebe-inscricoes-ate-hoje-dia-10-de-abril-de-2025\/","title":{"rendered":"Perspectiva do Paciente &#8211; Chamada p\u00fablica sobre Tomografia por Emiss\u00e3o de P\u00f3sitrons (PET-CT) para o diagn\u00f3stico do c\u00e2ncer de mama metast\u00e1tico recebe inscri\u00e7\u00f5es at\u00e9 hoje, dia 10 de abril de 2025."},"content":{"rendered":"<p><span style=\"font-weight: 400;\">Estamos em busca de pacientes de c\u00e2ncer de mama metast\u00e1tico atendidas pelo SUS que precisaram realizar tomografia (PET-CT) para diagn\u00f3stico. Algumas mulheres pagam o exame particular para conseguir o acesso, por isso, uma paciente ser\u00e1 selecionada para relatar o seu caso e contribuir para que o exame seja disponibilizado no SUS.<\/span><\/p>\n<p><b>Chamada P\u00fablica n\u00ba 33\/2025 &#8211; Tomografia por Emiss\u00e3o de P\u00f3sitrons (PET-CT) para o diagn\u00f3stico do c\u00e2ncer de mama metast\u00e1tico.<\/b><\/p>\n<p><span style=\"font-weight: 400;\">A chamada p\u00fablica encerra HOJE, quinta-feira, dia <\/span><b>10\/04\/2025<\/b><span style=\"font-weight: 400;\">.<\/span><\/p>\n<p><span style=\"font-weight: 400;\">Uma das pacientes inscritas ser\u00e1 sorteada para <\/span><span style=\"font-weight: 400;\">participar da Reuni\u00e3o da Conitec<\/span><span style=\"font-weight: 400;\"> e <\/span><span style=\"font-weight: 400;\">compartilhar sua experi\u00eancia<\/span><span style=\"font-weight: 400;\"> com o diagn\u00f3stico da met\u00e1stase com a realiza\u00e7\u00e3o do exame PET-CT.<\/span><\/p>\n<p><a href=\"https:\/\/www.gov.br\/participamaisbrasil\/chamada-publica-33-2025-pet-ct\"><span style=\"font-weight: 400;\">CLIQUE AQUI<\/span><\/a><span style=\"font-weight: 400;\"> para se inscrever.<\/span><\/p>\n<p><span style=\"font-weight: 400;\">ATEN\u00c7\u00c3O: Para participar, \u00e9 preciso estar logado no <\/span><a href=\"https:\/\/sso.acesso.gov.br\/login?client_id=www.gov.br&amp;authorization_id=1961f9998d3\"><span style=\"font-weight: 400;\">Portal Gov.br<\/span><\/a><span style=\"font-weight: 400;\">.<\/span><\/p>\n<p><span style=\"font-weight: 400;\">Esse espa\u00e7o n\u00e3o \u00e9 uma Consulta P\u00fablica! Saiba a diferen\u00e7a entre consultas p\u00fablicas e chamadas p\u00fablicas <\/span><a href=\"https:\/\/www.youtube.com\/watch?v=0yrCx0YjH6k\"><span style=\"font-weight: 400;\">aqui<\/span><\/a><span style=\"font-weight: 400;\">. Para mais informa\u00e7\u00f5es, <\/span><a href=\"https:\/\/www.youtube.com\/watch?v=N6Q83xpQUF8\"><span style=\"font-weight: 400;\">v\u00eddeo<\/span><\/a><span style=\"font-weight: 400;\"> no Portal da Conitec.<\/span><\/p>\n<p><span style=\"font-weight: 400;\">As informa\u00e7\u00f5es referentes \u00e0s pr\u00f3ximas etapas ser\u00e3o comunicadas aos inscritos por e-mail.<\/span><\/p>\n","protected":false},"excerpt":{"rendered":"<p>Estamos em busca de pacientes de c\u00e2ncer de mama metast\u00e1tico atendidas pelo SUS que precisaram realizar tomografia (PET-CT) para diagn\u00f3stico. Algumas mulheres pagam o exame particular para conseguir o acesso, por isso, uma paciente ser\u00e1 selecionada para relatar o seu caso e contribuir para que o exame seja disponibilizado no SUS. Chamada P\u00fablica n\u00ba 33\/2025 [&hellip;]<\/p>\n","protected":false},"author":7,"featured_media":28076,"comment_status":"open","ping_status":"closed","sticky":false,"template":"","format":"standard","meta":{"_acf_changed":false,"footnotes":""},"categories":[19,13],"tags":[],"class_list":["post-28075","post","type-post","status-publish","format-standard","has-post-thumbnail","hentry","category-advocacy","category-noticias-recentes"],"acf":[],"yoast_head":"<!-- This site is optimized with the Yoast SEO plugin v27.5 - https:\/\/yoast.com\/product\/yoast-seo-wordpress\/ -->\n<title>Perspectiva do Paciente - Chamada p\u00fablica sobre Tomografia por Emiss\u00e3o de P\u00f3sitrons (PET-CT) para o diagn\u00f3stico do c\u00e2ncer de mama metast\u00e1tico recebe inscri\u00e7\u00f5es at\u00e9 hoje, dia 10 de abril de 2025. | FEMAMA<\/title>\n<meta name=\"robots\" content=\"index, follow, max-snippet:-1, max-image-preview:large, max-video-preview:-1\" \/>\n<link rel=\"canonical\" href=\"https:\/\/femama.org.br\/site\/noticias-recentes\/perspectiva-do-paciente-chamada-publica-sobre-tomografia-por-emissao-de-positrons-pet-ct-para-o-diagnostico-do-cancer-de-mama-metastatico-recebe-inscricoes-ate-hoje-dia-10-de-abril-de-2025\/\" \/>\n<meta property=\"og:locale\" content=\"pt_BR\" \/>\n<meta property=\"og:type\" content=\"article\" \/>\n<meta property=\"og:title\" content=\"Perspectiva do Paciente - Chamada p\u00fablica sobre Tomografia por Emiss\u00e3o de P\u00f3sitrons (PET-CT) para o diagn\u00f3stico do c\u00e2ncer de mama metast\u00e1tico recebe inscri\u00e7\u00f5es at\u00e9 hoje, dia 10 de abril de 2025. | FEMAMA\" \/>\n<meta property=\"og:description\" content=\"Estamos em busca de pacientes de c\u00e2ncer de mama metast\u00e1tico atendidas pelo SUS que precisaram realizar tomografia (PET-CT) para diagn\u00f3stico. Algumas mulheres pagam o exame particular para conseguir o acesso, por isso, uma paciente ser\u00e1 selecionada para relatar o seu caso e contribuir para que o exame seja disponibilizado no SUS. Chamada P\u00fablica n\u00ba 33\/2025 [&hellip;]\" \/>\n<meta property=\"og:url\" content=\"https:\/\/femama.org.br\/site\/noticias-recentes\/perspectiva-do-paciente-chamada-publica-sobre-tomografia-por-emissao-de-positrons-pet-ct-para-o-diagnostico-do-cancer-de-mama-metastatico-recebe-inscricoes-ate-hoje-dia-10-de-abril-de-2025\/\" \/>\n<meta property=\"og:site_name\" content=\"FEMAMA\" \/>\n<meta property=\"article:publisher\" content=\"https:\/\/www.facebook.com\/femamabrasil\" \/>\n<meta property=\"article:published_time\" content=\"2025-04-10T13:04:28+00:00\" \/>\n<meta property=\"og:image\" content=\"https:\/\/femama.org.br\/site\/wp-content\/uploads\/2025\/04\/Chamada-Publica-no-332025-2.png\" \/>\n\t<meta property=\"og:image:width\" content=\"1800\" \/>\n\t<meta property=\"og:image:height\" content=\"800\" \/>\n\t<meta property=\"og:image:type\" content=\"image\/png\" \/>\n<meta name=\"author\" content=\"Femama\" \/>\n<meta name=\"twitter:card\" content=\"summary_large_image\" \/>\n<meta name=\"twitter:creator\" content=\"@femama_\" \/>\n<meta name=\"twitter:site\" content=\"@femama_\" \/>\n<meta name=\"twitter:label1\" content=\"Escrito por\" \/>\n\t<meta name=\"twitter:data1\" content=\"Femama\" \/>\n\t<meta name=\"twitter:label2\" content=\"Est. tempo de leitura\" \/>\n\t<meta name=\"twitter:data2\" content=\"2 minutos\" \/>\n<script type=\"application\/ld+json\" class=\"yoast-schema-graph\">{\"@context\":\"https:\\\/\\\/schema.org\",\"@graph\":[{\"@type\":\"Article\",\"@id\":\"https:\\\/\\\/femama.org.br\\\/site\\\/noticias-recentes\\\/perspectiva-do-paciente-chamada-publica-sobre-tomografia-por-emissao-de-positrons-pet-ct-para-o-diagnostico-do-cancer-de-mama-metastatico-recebe-inscricoes-ate-hoje-dia-10-de-abril-de-2025\\\/#article\",\"isPartOf\":{\"@id\":\"https:\\\/\\\/femama.org.br\\\/site\\\/noticias-recentes\\\/perspectiva-do-paciente-chamada-publica-sobre-tomografia-por-emissao-de-positrons-pet-ct-para-o-diagnostico-do-cancer-de-mama-metastatico-recebe-inscricoes-ate-hoje-dia-10-de-abril-de-2025\\\/\"},\"author\":{\"name\":\"Femama\",\"@id\":\"https:\\\/\\\/femama.org.br\\\/site\\\/#\\\/schema\\\/person\\\/ed83a17236fa12a9cfd26890f0e3474e\"},\"headline\":\"Perspectiva do Paciente &#8211; Chamada p\u00fablica sobre Tomografia por Emiss\u00e3o de P\u00f3sitrons (PET-CT) para o diagn\u00f3stico do c\u00e2ncer de mama metast\u00e1tico recebe inscri\u00e7\u00f5es at\u00e9 hoje, dia 10 de abril de 2025.\",\"datePublished\":\"2025-04-10T13:04:28+00:00\",\"mainEntityOfPage\":{\"@id\":\"https:\\\/\\\/femama.org.br\\\/site\\\/noticias-recentes\\\/perspectiva-do-paciente-chamada-publica-sobre-tomografia-por-emissao-de-positrons-pet-ct-para-o-diagnostico-do-cancer-de-mama-metastatico-recebe-inscricoes-ate-hoje-dia-10-de-abril-de-2025\\\/\"},\"wordCount\":217,\"commentCount\":0,\"publisher\":{\"@id\":\"https:\\\/\\\/femama.org.br\\\/site\\\/#organization\"},\"image\":{\"@id\":\"https:\\\/\\\/femama.org.br\\\/site\\\/noticias-recentes\\\/perspectiva-do-paciente-chamada-publica-sobre-tomografia-por-emissao-de-positrons-pet-ct-para-o-diagnostico-do-cancer-de-mama-metastatico-recebe-inscricoes-ate-hoje-dia-10-de-abril-de-2025\\\/#primaryimage\"},\"thumbnailUrl\":\"https:\\\/\\\/femama.org.br\\\/site\\\/wp-content\\\/uploads\\\/2025\\\/04\\\/Chamada-Publica-no-332025-2.png\",\"articleSection\":[\"Advocacy\",\"Not\u00edcias recentes\"],\"inLanguage\":\"pt-BR\",\"potentialAction\":[{\"@type\":\"CommentAction\",\"name\":\"Comment\",\"target\":[\"https:\\\/\\\/femama.org.br\\\/site\\\/noticias-recentes\\\/perspectiva-do-paciente-chamada-publica-sobre-tomografia-por-emissao-de-positrons-pet-ct-para-o-diagnostico-do-cancer-de-mama-metastatico-recebe-inscricoes-ate-hoje-dia-10-de-abril-de-2025\\\/#respond\"]}]},{\"@type\":\"WebPage\",\"@id\":\"https:\\\/\\\/femama.org.br\\\/site\\\/noticias-recentes\\\/perspectiva-do-paciente-chamada-publica-sobre-tomografia-por-emissao-de-positrons-pet-ct-para-o-diagnostico-do-cancer-de-mama-metastatico-recebe-inscricoes-ate-hoje-dia-10-de-abril-de-2025\\\/\",\"url\":\"https:\\\/\\\/femama.org.br\\\/site\\\/noticias-recentes\\\/perspectiva-do-paciente-chamada-publica-sobre-tomografia-por-emissao-de-positrons-pet-ct-para-o-diagnostico-do-cancer-de-mama-metastatico-recebe-inscricoes-ate-hoje-dia-10-de-abril-de-2025\\\/\",\"name\":\"Perspectiva do Paciente - Chamada p\u00fablica sobre Tomografia por Emiss\u00e3o de P\u00f3sitrons (PET-CT) para o diagn\u00f3stico do c\u00e2ncer de mama metast\u00e1tico recebe inscri\u00e7\u00f5es at\u00e9 hoje, dia 10 de abril de 2025. | FEMAMA\",\"isPartOf\":{\"@id\":\"https:\\\/\\\/femama.org.br\\\/site\\\/#website\"},\"primaryImageOfPage\":{\"@id\":\"https:\\\/\\\/femama.org.br\\\/site\\\/noticias-recentes\\\/perspectiva-do-paciente-chamada-publica-sobre-tomografia-por-emissao-de-positrons-pet-ct-para-o-diagnostico-do-cancer-de-mama-metastatico-recebe-inscricoes-ate-hoje-dia-10-de-abril-de-2025\\\/#primaryimage\"},\"image\":{\"@id\":\"https:\\\/\\\/femama.org.br\\\/site\\\/noticias-recentes\\\/perspectiva-do-paciente-chamada-publica-sobre-tomografia-por-emissao-de-positrons-pet-ct-para-o-diagnostico-do-cancer-de-mama-metastatico-recebe-inscricoes-ate-hoje-dia-10-de-abril-de-2025\\\/#primaryimage\"},\"thumbnailUrl\":\"https:\\\/\\\/femama.org.br\\\/site\\\/wp-content\\\/uploads\\\/2025\\\/04\\\/Chamada-Publica-no-332025-2.png\",\"datePublished\":\"2025-04-10T13:04:28+00:00\",\"breadcrumb\":{\"@id\":\"https:\\\/\\\/femama.org.br\\\/site\\\/noticias-recentes\\\/perspectiva-do-paciente-chamada-publica-sobre-tomografia-por-emissao-de-positrons-pet-ct-para-o-diagnostico-do-cancer-de-mama-metastatico-recebe-inscricoes-ate-hoje-dia-10-de-abril-de-2025\\\/#breadcrumb\"},\"inLanguage\":\"pt-BR\",\"potentialAction\":[{\"@type\":\"ReadAction\",\"target\":[\"https:\\\/\\\/femama.org.br\\\/site\\\/noticias-recentes\\\/perspectiva-do-paciente-chamada-publica-sobre-tomografia-por-emissao-de-positrons-pet-ct-para-o-diagnostico-do-cancer-de-mama-metastatico-recebe-inscricoes-ate-hoje-dia-10-de-abril-de-2025\\\/\"]}]},{\"@type\":\"ImageObject\",\"inLanguage\":\"pt-BR\",\"@id\":\"https:\\\/\\\/femama.org.br\\\/site\\\/noticias-recentes\\\/perspectiva-do-paciente-chamada-publica-sobre-tomografia-por-emissao-de-positrons-pet-ct-para-o-diagnostico-do-cancer-de-mama-metastatico-recebe-inscricoes-ate-hoje-dia-10-de-abril-de-2025\\\/#primaryimage\",\"url\":\"https:\\\/\\\/femama.org.br\\\/site\\\/wp-content\\\/uploads\\\/2025\\\/04\\\/Chamada-Publica-no-332025-2.png\",\"contentUrl\":\"https:\\\/\\\/femama.org.br\\\/site\\\/wp-content\\\/uploads\\\/2025\\\/04\\\/Chamada-Publica-no-332025-2.png\",\"width\":1800,\"height\":800},{\"@type\":\"BreadcrumbList\",\"@id\":\"https:\\\/\\\/femama.org.br\\\/site\\\/noticias-recentes\\\/perspectiva-do-paciente-chamada-publica-sobre-tomografia-por-emissao-de-positrons-pet-ct-para-o-diagnostico-do-cancer-de-mama-metastatico-recebe-inscricoes-ate-hoje-dia-10-de-abril-de-2025\\\/#breadcrumb\",\"itemListElement\":[{\"@type\":\"ListItem\",\"position\":1,\"name\":\"In\u00edcio\",\"item\":\"https:\\\/\\\/femama.org.br\\\/site\\\/\"},{\"@type\":\"ListItem\",\"position\":2,\"name\":\"Perspectiva do Paciente &#8211; Chamada p\u00fablica sobre Tomografia por Emiss\u00e3o de P\u00f3sitrons (PET-CT) para o diagn\u00f3stico do c\u00e2ncer de mama metast\u00e1tico recebe inscri\u00e7\u00f5es at\u00e9 hoje, dia 10 de abril de 2025.\"}]},{\"@type\":\"WebSite\",\"@id\":\"https:\\\/\\\/femama.org.br\\\/site\\\/#website\",\"url\":\"https:\\\/\\\/femama.org.br\\\/site\\\/\",\"name\":\"FEMAMA\",\"description\":\"Federa\u00e7\u00e3o Brasileira de Institui\u00e7\u00f5es Filantr\u00f3picas de Apoio \u00e0 Sa\u00fade da Mama | C\u00e2ncer de mama\",\"publisher\":{\"@id\":\"https:\\\/\\\/femama.org.br\\\/site\\\/#organization\"},\"potentialAction\":[{\"@type\":\"SearchAction\",\"target\":{\"@type\":\"EntryPoint\",\"urlTemplate\":\"https:\\\/\\\/femama.org.br\\\/site\\\/?s={search_term_string}\"},\"query-input\":{\"@type\":\"PropertyValueSpecification\",\"valueRequired\":true,\"valueName\":\"search_term_string\"}}],\"inLanguage\":\"pt-BR\"},{\"@type\":\"Organization\",\"@id\":\"https:\\\/\\\/femama.org.br\\\/site\\\/#organization\",\"name\":\"Femama | Federa\u00e7\u00e3o Brasileira de Institui\u00e7\u00f5es Filantr\u00f3picas de Apoio \u00e0 Sa\u00fade da Mama | C\u00e2ncer de mama\",\"url\":\"https:\\\/\\\/femama.org.br\\\/site\\\/\",\"logo\":{\"@type\":\"ImageObject\",\"inLanguage\":\"pt-BR\",\"@id\":\"https:\\\/\\\/femama.org.br\\\/site\\\/#\\\/schema\\\/logo\\\/image\\\/\",\"url\":\"https:\\\/\\\/femama.org.br\\\/site\\\/wp-content\\\/uploads\\\/2021\\\/12\\\/logotipo-femama-horizontal.png\",\"contentUrl\":\"https:\\\/\\\/femama.org.br\\\/site\\\/wp-content\\\/uploads\\\/2021\\\/12\\\/logotipo-femama-horizontal.png\",\"width\":300,\"height\":92,\"caption\":\"Femama | Federa\u00e7\u00e3o Brasileira de Institui\u00e7\u00f5es Filantr\u00f3picas de Apoio \u00e0 Sa\u00fade da Mama | C\u00e2ncer de mama\"},\"image\":{\"@id\":\"https:\\\/\\\/femama.org.br\\\/site\\\/#\\\/schema\\\/logo\\\/image\\\/\"},\"sameAs\":[\"https:\\\/\\\/www.facebook.com\\\/femamabrasil\",\"https:\\\/\\\/x.com\\\/femama_\",\"https:\\\/\\\/www.instagram.com\\\/femama.brasil\\\/\",\"https:\\\/\\\/www.youtube.com\\\/user\\\/femamaorg\"]},{\"@type\":\"Person\",\"@id\":\"https:\\\/\\\/femama.org.br\\\/site\\\/#\\\/schema\\\/person\\\/ed83a17236fa12a9cfd26890f0e3474e\",\"name\":\"Femama\",\"image\":{\"@type\":\"ImageObject\",\"inLanguage\":\"pt-BR\",\"@id\":\"https:\\\/\\\/secure.gravatar.com\\\/avatar\\\/fd7fd20674373e7845d94c5ca7e2b795136bf59683c50d1207584f3ec4caf04a?s=96&d=mm&r=g\",\"url\":\"https:\\\/\\\/secure.gravatar.com\\\/avatar\\\/fd7fd20674373e7845d94c5ca7e2b795136bf59683c50d1207584f3ec4caf04a?s=96&d=mm&r=g\",\"contentUrl\":\"https:\\\/\\\/secure.gravatar.com\\\/avatar\\\/fd7fd20674373e7845d94c5ca7e2b795136bf59683c50d1207584f3ec4caf04a?s=96&d=mm&r=g\",\"caption\":\"Femama\"}}]}<\/script>\n<!-- \/ Yoast SEO plugin. -->","yoast_head_json":{"title":"Perspectiva do Paciente - Chamada p\u00fablica sobre Tomografia por Emiss\u00e3o de P\u00f3sitrons (PET-CT) para o diagn\u00f3stico do c\u00e2ncer de mama metast\u00e1tico recebe inscri\u00e7\u00f5es at\u00e9 hoje, dia 10 de abril de 2025. | FEMAMA","robots":{"index":"index","follow":"follow","max-snippet":"max-snippet:-1","max-image-preview":"max-image-preview:large","max-video-preview":"max-video-preview:-1"},"canonical":"https:\/\/femama.org.br\/site\/noticias-recentes\/perspectiva-do-paciente-chamada-publica-sobre-tomografia-por-emissao-de-positrons-pet-ct-para-o-diagnostico-do-cancer-de-mama-metastatico-recebe-inscricoes-ate-hoje-dia-10-de-abril-de-2025\/","og_locale":"pt_BR","og_type":"article","og_title":"Perspectiva do Paciente - Chamada p\u00fablica sobre Tomografia por Emiss\u00e3o de P\u00f3sitrons (PET-CT) para o diagn\u00f3stico do c\u00e2ncer de mama metast\u00e1tico recebe inscri\u00e7\u00f5es at\u00e9 hoje, dia 10 de abril de 2025. | FEMAMA","og_description":"Estamos em busca de pacientes de c\u00e2ncer de mama metast\u00e1tico atendidas pelo SUS que precisaram realizar tomografia (PET-CT) para diagn\u00f3stico. Algumas mulheres pagam o exame particular para conseguir o acesso, por isso, uma paciente ser\u00e1 selecionada para relatar o seu caso e contribuir para que o exame seja disponibilizado no SUS. Chamada P\u00fablica n\u00ba 33\/2025 [&hellip;]","og_url":"https:\/\/femama.org.br\/site\/noticias-recentes\/perspectiva-do-paciente-chamada-publica-sobre-tomografia-por-emissao-de-positrons-pet-ct-para-o-diagnostico-do-cancer-de-mama-metastatico-recebe-inscricoes-ate-hoje-dia-10-de-abril-de-2025\/","og_site_name":"FEMAMA","article_publisher":"https:\/\/www.facebook.com\/femamabrasil","article_published_time":"2025-04-10T13:04:28+00:00","og_image":[{"width":1800,"height":800,"url":"https:\/\/femama.org.br\/site\/wp-content\/uploads\/2025\/04\/Chamada-Publica-no-332025-2.png","type":"image\/png"}],"author":"Femama","twitter_card":"summary_large_image","twitter_creator":"@femama_","twitter_site":"@femama_","twitter_misc":{"Escrito por":"Femama","Est. tempo de leitura":"2 minutos"},"schema":{"@context":"https:\/\/schema.org","@graph":[{"@type":"Article","@id":"https:\/\/femama.org.br\/site\/noticias-recentes\/perspectiva-do-paciente-chamada-publica-sobre-tomografia-por-emissao-de-positrons-pet-ct-para-o-diagnostico-do-cancer-de-mama-metastatico-recebe-inscricoes-ate-hoje-dia-10-de-abril-de-2025\/#article","isPartOf":{"@id":"https:\/\/femama.org.br\/site\/noticias-recentes\/perspectiva-do-paciente-chamada-publica-sobre-tomografia-por-emissao-de-positrons-pet-ct-para-o-diagnostico-do-cancer-de-mama-metastatico-recebe-inscricoes-ate-hoje-dia-10-de-abril-de-2025\/"},"author":{"name":"Femama","@id":"https:\/\/femama.org.br\/site\/#\/schema\/person\/ed83a17236fa12a9cfd26890f0e3474e"},"headline":"Perspectiva do Paciente &#8211; Chamada p\u00fablica sobre Tomografia por Emiss\u00e3o de P\u00f3sitrons (PET-CT) para o diagn\u00f3stico do c\u00e2ncer de mama metast\u00e1tico recebe inscri\u00e7\u00f5es at\u00e9 hoje, dia 10 de abril de 2025.","datePublished":"2025-04-10T13:04:28+00:00","mainEntityOfPage":{"@id":"https:\/\/femama.org.br\/site\/noticias-recentes\/perspectiva-do-paciente-chamada-publica-sobre-tomografia-por-emissao-de-positrons-pet-ct-para-o-diagnostico-do-cancer-de-mama-metastatico-recebe-inscricoes-ate-hoje-dia-10-de-abril-de-2025\/"},"wordCount":217,"commentCount":0,"publisher":{"@id":"https:\/\/femama.org.br\/site\/#organization"},"image":{"@id":"https:\/\/femama.org.br\/site\/noticias-recentes\/perspectiva-do-paciente-chamada-publica-sobre-tomografia-por-emissao-de-positrons-pet-ct-para-o-diagnostico-do-cancer-de-mama-metastatico-recebe-inscricoes-ate-hoje-dia-10-de-abril-de-2025\/#primaryimage"},"thumbnailUrl":"https:\/\/femama.org.br\/site\/wp-content\/uploads\/2025\/04\/Chamada-Publica-no-332025-2.png","articleSection":["Advocacy","Not\u00edcias recentes"],"inLanguage":"pt-BR","potentialAction":[{"@type":"CommentAction","name":"Comment","target":["https:\/\/femama.org.br\/site\/noticias-recentes\/perspectiva-do-paciente-chamada-publica-sobre-tomografia-por-emissao-de-positrons-pet-ct-para-o-diagnostico-do-cancer-de-mama-metastatico-recebe-inscricoes-ate-hoje-dia-10-de-abril-de-2025\/#respond"]}]},{"@type":"WebPage","@id":"https:\/\/femama.org.br\/site\/noticias-recentes\/perspectiva-do-paciente-chamada-publica-sobre-tomografia-por-emissao-de-positrons-pet-ct-para-o-diagnostico-do-cancer-de-mama-metastatico-recebe-inscricoes-ate-hoje-dia-10-de-abril-de-2025\/","url":"https:\/\/femama.org.br\/site\/noticias-recentes\/perspectiva-do-paciente-chamada-publica-sobre-tomografia-por-emissao-de-positrons-pet-ct-para-o-diagnostico-do-cancer-de-mama-metastatico-recebe-inscricoes-ate-hoje-dia-10-de-abril-de-2025\/","name":"Perspectiva do Paciente - Chamada p\u00fablica sobre Tomografia por Emiss\u00e3o de P\u00f3sitrons (PET-CT) para o diagn\u00f3stico do c\u00e2ncer de mama metast\u00e1tico recebe inscri\u00e7\u00f5es at\u00e9 hoje, dia 10 de abril de 2025. | FEMAMA","isPartOf":{"@id":"https:\/\/femama.org.br\/site\/#website"},"primaryImageOfPage":{"@id":"https:\/\/femama.org.br\/site\/noticias-recentes\/perspectiva-do-paciente-chamada-publica-sobre-tomografia-por-emissao-de-positrons-pet-ct-para-o-diagnostico-do-cancer-de-mama-metastatico-recebe-inscricoes-ate-hoje-dia-10-de-abril-de-2025\/#primaryimage"},"image":{"@id":"https:\/\/femama.org.br\/site\/noticias-recentes\/perspectiva-do-paciente-chamada-publica-sobre-tomografia-por-emissao-de-positrons-pet-ct-para-o-diagnostico-do-cancer-de-mama-metastatico-recebe-inscricoes-ate-hoje-dia-10-de-abril-de-2025\/#primaryimage"},"thumbnailUrl":"https:\/\/femama.org.br\/site\/wp-content\/uploads\/2025\/04\/Chamada-Publica-no-332025-2.png","datePublished":"2025-04-10T13:04:28+00:00","breadcrumb":{"@id":"https:\/\/femama.org.br\/site\/noticias-recentes\/perspectiva-do-paciente-chamada-publica-sobre-tomografia-por-emissao-de-positrons-pet-ct-para-o-diagnostico-do-cancer-de-mama-metastatico-recebe-inscricoes-ate-hoje-dia-10-de-abril-de-2025\/#breadcrumb"},"inLanguage":"pt-BR","potentialAction":[{"@type":"ReadAction","target":["https:\/\/femama.org.br\/site\/noticias-recentes\/perspectiva-do-paciente-chamada-publica-sobre-tomografia-por-emissao-de-positrons-pet-ct-para-o-diagnostico-do-cancer-de-mama-metastatico-recebe-inscricoes-ate-hoje-dia-10-de-abril-de-2025\/"]}]},{"@type":"ImageObject","inLanguage":"pt-BR","@id":"https:\/\/femama.org.br\/site\/noticias-recentes\/perspectiva-do-paciente-chamada-publica-sobre-tomografia-por-emissao-de-positrons-pet-ct-para-o-diagnostico-do-cancer-de-mama-metastatico-recebe-inscricoes-ate-hoje-dia-10-de-abril-de-2025\/#primaryimage","url":"https:\/\/femama.org.br\/site\/wp-content\/uploads\/2025\/04\/Chamada-Publica-no-332025-2.png","contentUrl":"https:\/\/femama.org.br\/site\/wp-content\/uploads\/2025\/04\/Chamada-Publica-no-332025-2.png","width":1800,"height":800},{"@type":"BreadcrumbList","@id":"https:\/\/femama.org.br\/site\/noticias-recentes\/perspectiva-do-paciente-chamada-publica-sobre-tomografia-por-emissao-de-positrons-pet-ct-para-o-diagnostico-do-cancer-de-mama-metastatico-recebe-inscricoes-ate-hoje-dia-10-de-abril-de-2025\/#breadcrumb","itemListElement":[{"@type":"ListItem","position":1,"name":"In\u00edcio","item":"https:\/\/femama.org.br\/site\/"},{"@type":"ListItem","position":2,"name":"Perspectiva do Paciente &#8211; Chamada p\u00fablica sobre Tomografia por Emiss\u00e3o de P\u00f3sitrons (PET-CT) para o diagn\u00f3stico do c\u00e2ncer de mama metast\u00e1tico recebe inscri\u00e7\u00f5es at\u00e9 hoje, dia 10 de abril de 2025."}]},{"@type":"WebSite","@id":"https:\/\/femama.org.br\/site\/#website","url":"https:\/\/femama.org.br\/site\/","name":"FEMAMA","description":"Federa\u00e7\u00e3o Brasileira de Institui\u00e7\u00f5es Filantr\u00f3picas de Apoio \u00e0 Sa\u00fade da Mama | C\u00e2ncer de mama","publisher":{"@id":"https:\/\/femama.org.br\/site\/#organization"},"potentialAction":[{"@type":"SearchAction","target":{"@type":"EntryPoint","urlTemplate":"https:\/\/femama.org.br\/site\/?s={search_term_string}"},"query-input":{"@type":"PropertyValueSpecification","valueRequired":true,"valueName":"search_term_string"}}],"inLanguage":"pt-BR"},{"@type":"Organization","@id":"https:\/\/femama.org.br\/site\/#organization","name":"Femama | Federa\u00e7\u00e3o Brasileira de Institui\u00e7\u00f5es Filantr\u00f3picas de Apoio \u00e0 Sa\u00fade da Mama | C\u00e2ncer de mama","url":"https:\/\/femama.org.br\/site\/","logo":{"@type":"ImageObject","inLanguage":"pt-BR","@id":"https:\/\/femama.org.br\/site\/#\/schema\/logo\/image\/","url":"https:\/\/femama.org.br\/site\/wp-content\/uploads\/2021\/12\/logotipo-femama-horizontal.png","contentUrl":"https:\/\/femama.org.br\/site\/wp-content\/uploads\/2021\/12\/logotipo-femama-horizontal.png","width":300,"height":92,"caption":"Femama | Federa\u00e7\u00e3o Brasileira de Institui\u00e7\u00f5es Filantr\u00f3picas de Apoio \u00e0 Sa\u00fade da Mama | C\u00e2ncer de mama"},"image":{"@id":"https:\/\/femama.org.br\/site\/#\/schema\/logo\/image\/"},"sameAs":["https:\/\/www.facebook.com\/femamabrasil","https:\/\/x.com\/femama_","https:\/\/www.instagram.com\/femama.brasil\/","https:\/\/www.youtube.com\/user\/femamaorg"]},{"@type":"Person","@id":"https:\/\/femama.org.br\/site\/#\/schema\/person\/ed83a17236fa12a9cfd26890f0e3474e","name":"Femama","image":{"@type":"ImageObject","inLanguage":"pt-BR","@id":"https:\/\/secure.gravatar.com\/avatar\/fd7fd20674373e7845d94c5ca7e2b795136bf59683c50d1207584f3ec4caf04a?s=96&d=mm&r=g","url":"https:\/\/secure.gravatar.com\/avatar\/fd7fd20674373e7845d94c5ca7e2b795136bf59683c50d1207584f3ec4caf04a?s=96&d=mm&r=g","contentUrl":"https:\/\/secure.gravatar.com\/avatar\/fd7fd20674373e7845d94c5ca7e2b795136bf59683c50d1207584f3ec4caf04a?s=96&d=mm&r=g","caption":"Femama"}}]}},"_links":{"self":[{"href":"https:\/\/femama.org.br\/site\/wp-json\/wp\/v2\/posts\/28075","targetHints":{"allow":["GET"]}}],"collection":[{"href":"https:\/\/femama.org.br\/site\/wp-json\/wp\/v2\/posts"}],"about":[{"href":"https:\/\/femama.org.br\/site\/wp-json\/wp\/v2\/types\/post"}],"author":[{"embeddable":true,"href":"https:\/\/femama.org.br\/site\/wp-json\/wp\/v2\/users\/7"}],"replies":[{"embeddable":true,"href":"https:\/\/femama.org.br\/site\/wp-json\/wp\/v2\/comments?post=28075"}],"version-history":[{"count":1,"href":"https:\/\/femama.org.br\/site\/wp-json\/wp\/v2\/posts\/28075\/revisions"}],"predecessor-version":[{"id":28077,"href":"https:\/\/femama.org.br\/site\/wp-json\/wp\/v2\/posts\/28075\/revisions\/28077"}],"wp:featuredmedia":[{"embeddable":true,"href":"https:\/\/femama.org.br\/site\/wp-json\/wp\/v2\/media\/28076"}],"wp:attachment":[{"href":"https:\/\/femama.org.br\/site\/wp-json\/wp\/v2\/media?parent=28075"}],"wp:term":[{"taxonomy":"category","embeddable":true,"href":"https:\/\/femama.org.br\/site\/wp-json\/wp\/v2\/categories?post=28075"},{"taxonomy":"post_tag","embeddable":true,"href":"https:\/\/femama.org.br\/site\/wp-json\/wp\/v2\/tags?post=28075"}],"curies":[{"name":"wp","href":"https:\/\/api.w.org\/{rel}","templated":true}]}}